{"id":2067,"date":"2009-09-29T10:00:20","date_gmt":"2009-09-29T08:00:20","guid":{"rendered":"http:\/\/blog.zeit.de\/wahlen-nach-zahlen\/?p=2067"},"modified":"2009-09-29T10:00:20","modified_gmt":"2009-09-29T08:00:20","slug":"schwarz-gelb-in-berlin-und-kiel-aber-was-kommt-in-erfurt-potsdam-und-saarbrucken","status":"publish","type":"post","link":"https:\/\/blog.zeit.de\/zweitstimme\/2009\/09\/29\/schwarz-gelb-in-berlin-und-kiel-aber-was-kommt-in-erfurt-potsdam-und-saarbrucken\/","title":{"rendered":"Schwarz-gelb in Berlin und Kiel, aber was kommt in Erfurt, Potsdam und Saarbr\u00fccken?"},"content":{"rendered":"<p><a href=\"about#debus\"><img loading=\"lazy\" decoding=\"async\" class=\"alignleft size-medium wp-image-655\" src=\"https:\/\/blog.zeit.de\/wahlen-nach-zahlen\/files\/2009\/04\/debus1.jpg\" alt=\"\" width=\"100\" height=\"77\" \/><\/a>W\u00e4hrend die Koalitionsbildung auf Bundesebene und in Schleswig-Holstein sich aufgrund des in Berlin klaren, in Kiel jedoch knappen Wahlerfolgs von Union und FDP wohl relativ einfach gestalten wird (wenn auch einige inhaltliche Konfliktfelder die Verhandlungen erschweren werden), so ist nach wie vor die Regierungsbildung in Th\u00fcringen, dem Saarland und in Brandenburg, wo am vergangenen Sonntag ein neuer Landtag gew\u00e4hlt wurde, eine offene Frage. Die Parteien in Th\u00fcringen und dem Saarland haben explizit den Wahlausgang vom 27. September abgewartet, um zum einen durch ihre Entscheidungen nicht die Wahlkampfstrategie der Bundesparteien zu durchkreuzen. Zum anderen aber auch, um die k\u00fcnftigen Machtkonstellationen auf Bundesebene abzuwarten. Diese haben sich mit dem Sieg von schwarz-gelb bei den Bundestagswahlen und bei den Landtagswahlen in Schleswig-Holstein deutlich verschoben: So wird sich nicht nur die Zusammensetzung der Bundesregierung von schwarz-rot zu einer christlich-liberalen Koalition \u00e4ndern, sondern Union und FDP werden durch den Sieg in Kiel auch im Bundesrat \u00fcber eine \u2013 wenn auch knappe \u2013 Mehrheit verf\u00fcgen.<\/p>\n<p>Welche Effekte haben diese neuen Rahmenbedingungen f\u00fcr die Regierungsbildung in Th\u00fcringen und dem Saarland, wo bislang nur Sondierungsgespr\u00e4che zwischen den Parteien stattgefunden haben, und in Brandenburg, wo die SPD zwischen Union und der Linken als dem k\u00fcnftigem Koalitionspartner w\u00e4hlen kann? Man kann erwarten, dass auf Seiten der Sozialdemokraten ein Anreiz besteht, sich zum einen neue Koalitionsoptionen mit der Linken langfristig zu er\u00f6ffnen und daher B\u00fcndnisse mit dieser Partei in den L\u00e4ndern verst\u00e4rkt einzugehen. Zum andern w\u00fcrde die Bildung von Koalitionen mit der CDU die Chancen zur Etablierung einer SPD-Blockademacht im Bundesrat mittelfristig senken: die Bildung von so genannten \u201eC-Koalitionen\u201c und damit solchen Landesregierungen, die sich aus Parteien zusammensetzt, die auf Bundesebene dem Regierungs- als auch dem Oppositionslager angeh\u00f6ren, sollte von Seiten der SPD weniger w\u00fcnschenswert sein als \u201eB-Koalitionen\u201c, die sich ausschlie\u00dflich aus den bundespolitischen Oppositionsparteien formieren.<\/p>\n<p>Auf der Grundlage aller Regierungsbildungen in Bund und L\u00e4ndern lassen sich mit Hilfe multivariater statistischer Analysen die Determinanten der Koalitionsbildung in Deutschland ermitteln und auf dieser Basis auch die Wahrscheinlichkeiten f\u00fcr alle potentiell m\u00f6glichen Koalitionen berechnen. F\u00fcr Brandenburg, das Saarland und Th\u00fcringen ergibt sich \u2013 gegeben eine Regierungs\u00fcbernahme durch Union und FDP in Berlin und Kiel \u2013 in Tabelle 1 angetragenes Bild.<\/p>\n<p><em>Tabelle 1: \tWahrscheinlichkeiten ausgew\u00e4hlter Koalitionen bei CDU\/CSU-FDP-Bundestagsmehrheit<br \/>\n<\/em><\/p>\n<table border=\"1\">\n<tr>\n<th>&nbsp;<\/th>\n<th>Brandenburg<\/th>\n<th>Saarland<\/th>\n<th>Th\u00fcringen<\/th>\n<\/tr>\n<tr>\n<td>CDU und SPD<\/td>\n<td>49,4%<\/td>\n<td>32,1%<\/td>\n<td>50,0%<\/td>\n<\/tr>\n<tr>\n<td>SPD und Linke<\/td>\n<td>47,4%<\/td>\n<td>0,1%<\/td>\n<td>38,6%<\/td>\n<\/tr>\n<tr>\n<td>SPD-Minderheits-<\/br>regierung<\/td>\n<td>0,7%<\/td>\n<td>0,1%<\/td>\n<td>0,2%<\/td>\n<\/tr>\n<tr>\n<td>CDU-Minderheits-<\/br>regierung<\/td>\n<td>0,1%<\/td>\n<td>4,4%<\/td>\n<td>6,4%<\/td>\n<\/tr>\n<tr>\n<td>SPD, Gr\u00fcne und Linke<\/td>\n<td>0,2%<\/td>\n<td>13,7%<\/td>\n<td>0,2%<\/td>\n<\/tr>\n<tr>\n<td>CDU, FDP und Gr\u00fcne<\/td>\n<td>0,1%<\/td>\n<td>36,7%<\/td>\n<td>0,6%<\/td>\n<\/tr>\n<tr>\n<td>CDU\/FDP-Minderheits-<\/br>regierung<\/td>\n<td>0,0%<\/td>\n<td>11,1%<\/td>\n<td>0,8%<\/td>\n<\/tr>\n<\/table>\n<p>&nbsp;<\/p>\n<p>\nEs zeigt sich, dass die Regierungsbildung in den drei Bundesl\u00e4ndern alles andere als ausgemacht ist. In Brandenburg ist die Wahrscheinlichkeit, dass die amtierende Koalition aus SPD und CDU im Amt bleibt, nur geringf\u00fcgig gr\u00f6\u00dfer als die Bildung eines B\u00fcndnisses zwischen SPD und der Linken. Dies \u00fcberrascht insofern nicht, als dass unter einem schwarz-roten B\u00fcndnis Brandenburg ein \u201eC-Land\u201c w\u00fcrde, w\u00e4hrend es im Bundesrat zu den \u201eB-L\u00e4ndern\u201c z\u00e4hlen w\u00fcrde, wenn sich dort eine rot-rote Koalition bilden w\u00fcrde. In Th\u00fcringen ist hingegen die Bildung einer CDU\/SPD-Koalition deutlich wahrscheinlicher als alle anderen Varianten. Die angestrebte rot-rot-gr\u00fcne Koalition ist aus Sicht der Koalitionstheorien auch deswegen so extrem unwahrscheinlich, weil es sich um eine \u00fcbergro\u00dfe Koalition handeln w\u00fcrde: die Gr\u00fcnen werden zur Erringung einer Mehrheit im Landtag nicht ben\u00f6tigt. Ein B\u00fcndnis zwischen Linken und SPD rangiert mit einer Wahrscheinlichkeit von knapp 39% recht deutlich hinter der Koalitionsoption aus CDU und Sozialdemokraten.<\/p>\n<p>Das Saarland stellt den un\u00fcbersichtlichsten Fall dar. Aufgrund der Sch\u00e4tzungen ergibt sich eine Jamaika-Koalition aus CDU, FDP und Gr\u00fcnen als wahrscheinlichste Variante (36,7%). Die Chancen zur Bildung einer \u2013 bislang nicht in Saarbr\u00fccken diskutierten \u2013 gro\u00dfen Koalition aus Union und SPD sind jedoch nur leicht niedriger (32,1%). Deutlich geringer f\u00e4llt hingegen die ermittelte Wahrscheinlichkeit f\u00fcr die Bildung der ersten rot-rot-gr\u00fcnen Koalition in einem westdeutschen Bundesland aus: sie liegt bei knapp 14%. Man darf also nach wie vor gespannt sein, f\u00fcr welche farblichen Konstellationen sich die Parteien in den drei L\u00e4ndern entscheiden.<\/p>\n","protected":false},"excerpt":{"rendered":"<p>W\u00e4hrend die Koalitionsbildung auf Bundesebene und in Schleswig-Holstein sich aufgrund des in Berlin klaren, in Kiel jedoch knappen Wahlerfolgs von Union und FDP wohl relativ einfach gestalten wird (wenn auch einige inhaltliche Konfliktfelder die Verhandlungen erschweren werden), so ist nach wie vor die Regierungsbildung in Th\u00fcringen, dem Saarland und in Brandenburg, wo am vergangenen Sonntag [&hellip;]<\/p>\n","protected":false},"author":169,"featured_media":0,"comment_status":"open","ping_status":"closed","sticky":false,"template":"","format":"standard","meta":{"_jetpack_memberships_contains_paid_content":false,"footnotes":""},"categories":[942,7112],"tags":[],"class_list":["post-2067","post","type-post","status-publish","format-standard","hentry","category-koalitionen","category-wahlen-nach-zahlen"],"yoast_head":"<!-- This site is optimized with the Yoast SEO plugin v21.0 - https:\/\/yoast.com\/wordpress\/plugins\/seo\/ -->\n<title>Schwarz-gelb in Berlin und Kiel, aber was kommt in Erfurt, Potsdam und Saarbr\u00fccken? - Zweitstimme<\/title>\n<meta name=\"robots\" content=\"index, follow, max-snippet:-1, max-image-preview:large, max-video-preview:-1\" \/>\n<link rel=\"canonical\" href=\"https:\/\/blog.zeit.de\/zweitstimme\/2009\/09\/29\/schwarz-gelb-in-berlin-und-kiel-aber-was-kommt-in-erfurt-potsdam-und-saarbrucken\/\" \/>\n<meta property=\"og:locale\" content=\"de_DE\" \/>\n<meta property=\"og:type\" content=\"article\" \/>\n<meta property=\"og:title\" content=\"Schwarz-gelb in Berlin und Kiel, aber was kommt in Erfurt, Potsdam und Saarbr\u00fccken? - Zweitstimme\" \/>\n<meta property=\"og:description\" content=\"W\u00e4hrend die Koalitionsbildung auf Bundesebene und in Schleswig-Holstein sich aufgrund des in Berlin klaren, in Kiel jedoch knappen Wahlerfolgs von Union und FDP wohl relativ einfach gestalten wird (wenn auch einige inhaltliche Konfliktfelder die Verhandlungen erschweren werden), so ist nach wie vor die Regierungsbildung in Th\u00fcringen, dem Saarland und in Brandenburg, wo am vergangenen Sonntag [&hellip;]\" \/>\n<meta property=\"og:url\" content=\"https:\/\/blog.zeit.de\/zweitstimme\/2009\/09\/29\/schwarz-gelb-in-berlin-und-kiel-aber-was-kommt-in-erfurt-potsdam-und-saarbrucken\/\" \/>\n<meta property=\"og:site_name\" content=\"Zweitstimme\" \/>\n<meta property=\"article:published_time\" content=\"2009-09-29T08:00:20+00:00\" \/>\n<meta property=\"og:image\" content=\"https:\/\/blog.zeit.de\/wahlen-nach-zahlen\/files\/2009\/04\/debus1.jpg\" \/>\n<meta name=\"author\" content=\"Marc Debus\" \/>\n<meta name=\"twitter:card\" content=\"summary_large_image\" \/>\n<meta name=\"twitter:label1\" content=\"Geschrieben von\" \/>\n\t<meta name=\"twitter:data1\" content=\"Marc Debus\" \/>\n\t<meta name=\"twitter:label2\" content=\"Gesch\u00e4tzte Lesezeit\" \/>\n\t<meta name=\"twitter:data2\" content=\"3\u00a0Minuten\" \/>\n<script type=\"application\/ld+json\" class=\"yoast-schema-graph\">{\"@context\":\"https:\/\/schema.org\",\"@graph\":[{\"@type\":\"WebPage\",\"@id\":\"https:\/\/blog.zeit.de\/zweitstimme\/2009\/09\/29\/schwarz-gelb-in-berlin-und-kiel-aber-was-kommt-in-erfurt-potsdam-und-saarbrucken\/\",\"url\":\"https:\/\/blog.zeit.de\/zweitstimme\/2009\/09\/29\/schwarz-gelb-in-berlin-und-kiel-aber-was-kommt-in-erfurt-potsdam-und-saarbrucken\/\",\"name\":\"Schwarz-gelb in Berlin und Kiel, aber was kommt in Erfurt, Potsdam und Saarbr\u00fccken? - Zweitstimme\",\"isPartOf\":{\"@id\":\"https:\/\/blog.zeit.de\/zweitstimme\/#website\"},\"datePublished\":\"2009-09-29T08:00:20+00:00\",\"dateModified\":\"2009-09-29T08:00:20+00:00\",\"author\":{\"@id\":\"https:\/\/blog.zeit.de\/zweitstimme\/#\/schema\/person\/61560ac0208ae0124c757a3180c0fc2c\"},\"breadcrumb\":{\"@id\":\"https:\/\/blog.zeit.de\/zweitstimme\/2009\/09\/29\/schwarz-gelb-in-berlin-und-kiel-aber-was-kommt-in-erfurt-potsdam-und-saarbrucken\/#breadcrumb\"},\"inLanguage\":\"de\",\"potentialAction\":[{\"@type\":\"ReadAction\",\"target\":[\"https:\/\/blog.zeit.de\/zweitstimme\/2009\/09\/29\/schwarz-gelb-in-berlin-und-kiel-aber-was-kommt-in-erfurt-potsdam-und-saarbrucken\/\"]}]},{\"@type\":\"BreadcrumbList\",\"@id\":\"https:\/\/blog.zeit.de\/zweitstimme\/2009\/09\/29\/schwarz-gelb-in-berlin-und-kiel-aber-was-kommt-in-erfurt-potsdam-und-saarbrucken\/#breadcrumb\",\"itemListElement\":[{\"@type\":\"ListItem\",\"position\":1,\"name\":\"Startseite\",\"item\":\"https:\/\/blog.zeit.de\/zweitstimme\/\"},{\"@type\":\"ListItem\",\"position\":2,\"name\":\"Schwarz-gelb in Berlin und Kiel, aber was kommt in Erfurt, Potsdam und Saarbr\u00fccken?\"}]},{\"@type\":\"WebSite\",\"@id\":\"https:\/\/blog.zeit.de\/zweitstimme\/#website\",\"url\":\"https:\/\/blog.zeit.de\/zweitstimme\/\",\"name\":\"Zweitstimme\",\"description\":\"Das Politik-Blog\",\"potentialAction\":[{\"@type\":\"SearchAction\",\"target\":{\"@type\":\"EntryPoint\",\"urlTemplate\":\"https:\/\/blog.zeit.de\/zweitstimme\/?s={search_term_string}\"},\"query-input\":\"required name=search_term_string\"}],\"inLanguage\":\"de\"},{\"@type\":\"Person\",\"@id\":\"https:\/\/blog.zeit.de\/zweitstimme\/#\/schema\/person\/61560ac0208ae0124c757a3180c0fc2c\",\"name\":\"Marc Debus\",\"image\":{\"@type\":\"ImageObject\",\"inLanguage\":\"de\",\"@id\":\"https:\/\/blog.zeit.de\/zweitstimme\/#\/schema\/person\/image\/\",\"url\":\"https:\/\/secure.gravatar.com\/avatar\/119f6114115e2acf1aded23ea1977a42451403ab379d68059afe72cd175d91fd?s=96&d=mm&r=g\",\"contentUrl\":\"https:\/\/secure.gravatar.com\/avatar\/119f6114115e2acf1aded23ea1977a42451403ab379d68059afe72cd175d91fd?s=96&d=mm&r=g\",\"caption\":\"Marc Debus\"},\"url\":\"https:\/\/blog.zeit.de\/zweitstimme\/author\/marc-debus\/\"}]}<\/script>\n<!-- \/ Yoast SEO plugin. -->","yoast_head_json":{"title":"Schwarz-gelb in Berlin und Kiel, aber was kommt in Erfurt, Potsdam und Saarbr\u00fccken? - Zweitstimme","robots":{"index":"index","follow":"follow","max-snippet":"max-snippet:-1","max-image-preview":"max-image-preview:large","max-video-preview":"max-video-preview:-1"},"canonical":"https:\/\/blog.zeit.de\/zweitstimme\/2009\/09\/29\/schwarz-gelb-in-berlin-und-kiel-aber-was-kommt-in-erfurt-potsdam-und-saarbrucken\/","og_locale":"de_DE","og_type":"article","og_title":"Schwarz-gelb in Berlin und Kiel, aber was kommt in Erfurt, Potsdam und Saarbr\u00fccken? - Zweitstimme","og_description":"W\u00e4hrend die Koalitionsbildung auf Bundesebene und in Schleswig-Holstein sich aufgrund des in Berlin klaren, in Kiel jedoch knappen Wahlerfolgs von Union und FDP wohl relativ einfach gestalten wird (wenn auch einige inhaltliche Konfliktfelder die Verhandlungen erschweren werden), so ist nach wie vor die Regierungsbildung in Th\u00fcringen, dem Saarland und in Brandenburg, wo am vergangenen Sonntag [&hellip;]","og_url":"https:\/\/blog.zeit.de\/zweitstimme\/2009\/09\/29\/schwarz-gelb-in-berlin-und-kiel-aber-was-kommt-in-erfurt-potsdam-und-saarbrucken\/","og_site_name":"Zweitstimme","article_published_time":"2009-09-29T08:00:20+00:00","og_image":[{"url":"https:\/\/blog.zeit.de\/wahlen-nach-zahlen\/files\/2009\/04\/debus1.jpg"}],"author":"Marc Debus","twitter_card":"summary_large_image","twitter_misc":{"Geschrieben von":"Marc Debus","Gesch\u00e4tzte Lesezeit":"3\u00a0Minuten"},"schema":{"@context":"https:\/\/schema.org","@graph":[{"@type":"WebPage","@id":"https:\/\/blog.zeit.de\/zweitstimme\/2009\/09\/29\/schwarz-gelb-in-berlin-und-kiel-aber-was-kommt-in-erfurt-potsdam-und-saarbrucken\/","url":"https:\/\/blog.zeit.de\/zweitstimme\/2009\/09\/29\/schwarz-gelb-in-berlin-und-kiel-aber-was-kommt-in-erfurt-potsdam-und-saarbrucken\/","name":"Schwarz-gelb in Berlin und Kiel, aber was kommt in Erfurt, Potsdam und Saarbr\u00fccken? - Zweitstimme","isPartOf":{"@id":"https:\/\/blog.zeit.de\/zweitstimme\/#website"},"datePublished":"2009-09-29T08:00:20+00:00","dateModified":"2009-09-29T08:00:20+00:00","author":{"@id":"https:\/\/blog.zeit.de\/zweitstimme\/#\/schema\/person\/61560ac0208ae0124c757a3180c0fc2c"},"breadcrumb":{"@id":"https:\/\/blog.zeit.de\/zweitstimme\/2009\/09\/29\/schwarz-gelb-in-berlin-und-kiel-aber-was-kommt-in-erfurt-potsdam-und-saarbrucken\/#breadcrumb"},"inLanguage":"de","potentialAction":[{"@type":"ReadAction","target":["https:\/\/blog.zeit.de\/zweitstimme\/2009\/09\/29\/schwarz-gelb-in-berlin-und-kiel-aber-was-kommt-in-erfurt-potsdam-und-saarbrucken\/"]}]},{"@type":"BreadcrumbList","@id":"https:\/\/blog.zeit.de\/zweitstimme\/2009\/09\/29\/schwarz-gelb-in-berlin-und-kiel-aber-was-kommt-in-erfurt-potsdam-und-saarbrucken\/#breadcrumb","itemListElement":[{"@type":"ListItem","position":1,"name":"Startseite","item":"https:\/\/blog.zeit.de\/zweitstimme\/"},{"@type":"ListItem","position":2,"name":"Schwarz-gelb in Berlin und Kiel, aber was kommt in Erfurt, Potsdam und Saarbr\u00fccken?"}]},{"@type":"WebSite","@id":"https:\/\/blog.zeit.de\/zweitstimme\/#website","url":"https:\/\/blog.zeit.de\/zweitstimme\/","name":"Zweitstimme","description":"Das Politik-Blog","potentialAction":[{"@type":"SearchAction","target":{"@type":"EntryPoint","urlTemplate":"https:\/\/blog.zeit.de\/zweitstimme\/?s={search_term_string}"},"query-input":"required name=search_term_string"}],"inLanguage":"de"},{"@type":"Person","@id":"https:\/\/blog.zeit.de\/zweitstimme\/#\/schema\/person\/61560ac0208ae0124c757a3180c0fc2c","name":"Marc Debus","image":{"@type":"ImageObject","inLanguage":"de","@id":"https:\/\/blog.zeit.de\/zweitstimme\/#\/schema\/person\/image\/","url":"https:\/\/secure.gravatar.com\/avatar\/119f6114115e2acf1aded23ea1977a42451403ab379d68059afe72cd175d91fd?s=96&d=mm&r=g","contentUrl":"https:\/\/secure.gravatar.com\/avatar\/119f6114115e2acf1aded23ea1977a42451403ab379d68059afe72cd175d91fd?s=96&d=mm&r=g","caption":"Marc Debus"},"url":"https:\/\/blog.zeit.de\/zweitstimme\/author\/marc-debus\/"}]}},"jetpack_featured_media_url":"","jetpack_sharing_enabled":true,"_links":{"self":[{"href":"https:\/\/blog.zeit.de\/zweitstimme\/wp-json\/wp\/v2\/posts\/2067","targetHints":{"allow":["GET"]}}],"collection":[{"href":"https:\/\/blog.zeit.de\/zweitstimme\/wp-json\/wp\/v2\/posts"}],"about":[{"href":"https:\/\/blog.zeit.de\/zweitstimme\/wp-json\/wp\/v2\/types\/post"}],"author":[{"embeddable":true,"href":"https:\/\/blog.zeit.de\/zweitstimme\/wp-json\/wp\/v2\/users\/169"}],"replies":[{"embeddable":true,"href":"https:\/\/blog.zeit.de\/zweitstimme\/wp-json\/wp\/v2\/comments?post=2067"}],"version-history":[{"count":0,"href":"https:\/\/blog.zeit.de\/zweitstimme\/wp-json\/wp\/v2\/posts\/2067\/revisions"}],"wp:attachment":[{"href":"https:\/\/blog.zeit.de\/zweitstimme\/wp-json\/wp\/v2\/media?parent=2067"}],"wp:term":[{"taxonomy":"category","embeddable":true,"href":"https:\/\/blog.zeit.de\/zweitstimme\/wp-json\/wp\/v2\/categories?post=2067"},{"taxonomy":"post_tag","embeddable":true,"href":"https:\/\/blog.zeit.de\/zweitstimme\/wp-json\/wp\/v2\/tags?post=2067"}],"curies":[{"name":"wp","href":"https:\/\/api.w.org\/{rel}","templated":true}]}}