{"id":2127,"date":"2009-10-25T22:11:55","date_gmt":"2009-10-25T20:11:55","guid":{"rendered":"http:\/\/blog.zeit.de\/wahlen-nach-zahlen\/?p=2127"},"modified":"2009-10-25T22:11:55","modified_gmt":"2009-10-25T20:11:55","slug":"wer-hat-sich-besser-durchgesetzt-das-schwarz-gelbe-koalitionsabkommen-und-die-wahlprogramme-der-regierungsparteien-im-vergleich","status":"publish","type":"post","link":"https:\/\/blog.zeit.de\/zweitstimme\/2009\/10\/25\/wer-hat-sich-besser-durchgesetzt-das-schwarz-gelbe-koalitionsabkommen-und-die-wahlprogramme-der-regierungsparteien-im-vergleich\/","title":{"rendered":"Wer hat sich besser durchgesetzt? Das schwarz-gelbe Koalitionsabkommen und die Wahlprogramme der Regierungsparteien im Vergleich"},"content":{"rendered":"<p><a href=\"about#debus\"><img loading=\"lazy\" decoding=\"async\" class=\"alignleft size-medium wp-image-655\" src=\"https:\/\/blog.zeit.de\/wahlen-nach-zahlen\/files\/2009\/04\/debus1.jpg\" alt=\"\" width=\"100\" height=\"77\" \/><\/a>W\u00e4hrend Wahlprogramme dazu dienen, die Positionen politischer Parteien auf verschiedenen Politikfeldern zu vermitteln, so stellen Koalitionsabkommen das ausgehandelte Dokument mehrerer Parteien dar, in denen sich die inhaltlichen Kompromisse der neuen Regierung wieder finden. CDU\/CSU und FDP haben sich nach knapp vier Wochen Koalitionsverhandlungen auf ein 128 Seiten langes Dokument als Grundlage ihrer gemeinsamen Politik der k\u00fcnftigen Legislaturperiode geeinigt. Darin werden wie in den Wahlprogrammen alle relevanten Politikbereiche \u2013 von Wirtschaft, Arbeit und Soziales \u00fcber Finanzen, Au\u00dfen-, Sicherheits- und Europapolitik bis hin zu Innen-, Justiz-, Familien- und Bildungspolitik \u2013 abgehandelt. Es bietet sich somit an, die Positionen, die die Parteien in den Wahlprogrammen ge\u00e4u\u00dfert haben, mit denjenigen zu vergleichen, die sich im neuen Koalitionsabkommen wieder finden.<\/p>\n<p>Eine Analyse der Wahlprogramme der Bundestagsparteien mit dem Entwurf des schwarz-gelben Koalitionsabkommens mit Hilfe des wordscore-Verfahrens kann hier\u00fcber Aufschluss geben. Es wird unterschieden zwischen einer wirtschaftspolitischen Links-Rechts-Dimension einerseits sowie einer Dimension, die zwischen progressiven und konservativen Positionen in der Gesellschaftspolitik differenziert. Zus\u00e4tzlich zu den Wahlprogrammen und dem Koalitionsabkommen aus dem Jahr 2009 werden die programmatischen Dokumente aus dem Jahr 2005 in die Analyse mit einbezogen, um so Ver\u00e4nderungen in den ausgehandelten Politikzielen zwischen der gro\u00dfen Koalition Merkel\/Steinmeier und der neuen Bundesregierung Merkel\/Westerwelle zu evaluieren.<\/p>\n<p>In der Abbildung sind die ermittelten Positionen der Parteien auf der Grundlage ihrer Wahlprogramme aus den Jahren 2005 und 2009 sowie der beiden Koalitionsabkommen eingezeichnet. Auf den ersten Blick ergibt sich ein \u00fcberraschendes Ergebnis: im Vergleich zum Koalitionsabkommen der gro\u00dfen Koalition liegt der Regierungsvertrag von Union und FDP wirtschaftspolitisch weiter in der Mitte der sozio\u00f6konomischen Links-Rechts-Dimension. In innen-, rechts- und gesellschaftspolitischen Fragen ergibt sich eine etwas konservativere Position f\u00fcr den Koalitionsvertrag von Union und Liberalen im Gegensatz zu dem im November 2005 ausgehandelten Abkommen und Christ- und Sozialdemokraten. Wenn man jedoch genauer hinsieht, dann zeigt sich, dass die ermittelte Position des neuen Koalitionsabkommens gar nicht so \u00fcberraschend ist: zu erwarten w\u00e4re gewesen, dass sich CDU\/CSU und FDP auf ein Programm einigen, dass auf der gestrichelt eingezeichneten Linie  und damit zwischen den Positionen beider Regierungsparteien liegt. Da die Union 239 Abgeordnete und damit 72% und die FDP lediglich 93 Mandate und damit 28% in die Mehrheit der Regierung im Bundestag einbringt, sollte das Koalitionsabkommen auf dieser Geraden zwischen den beiden Koalitionsparteien n\u00e4her an der Union als an der FDP liegen.<\/p>\n<p>Nun zeigt sich, dass der Koalitionsvertrag von CDU\/CSU und FDP nicht ganz auf dieser Pareto-optimalen Geraden liegt, sondern wirtschaftspolitisch n\u00e4her an der Position des Unions-Wahlprogramms von 2009 und gesellschaftspolitisch n\u00e4her am 2009er Wahlprogramm der Liberalen. Offenbar konnten sich CDU und CSU in wirtschafts- und sozialpolitischen Fragen besser durchsetzen, w\u00e4hrend dies der FDP in der Innen-, Rechts- und Gesellschaftspolitik gelang. Dieses zwischen den Koalitionsparteien \u201eschiefe\u201c Verh\u00e4ltnis war 2005 hingegen noch weiter ausgepr\u00e4gt: damals konnte sich die Union nahezu vollkommen in sozio\u00f6konomischen Fragen durchsetzen und die SPD im gesellschaftspolitischen Bereich. Dieses Missverh\u00e4ltnis kann durchaus dazu beigetragen haben, dass die Sozialdemokraten so stark an W\u00e4hlerzuspruch verloren haben, da sich ihre Handschrift kaum in dem f\u00fcr die SPD so zentralen Politikfeld Wirtschaft und Soziales wieder fand und dementsprechend in geringem Ausma\u00df \u00f6konomische Politik im Sinne des SPD-Wahlprogramms 2005 durch die gro\u00dfe Koalition implementiert wurde. Inwiefern die FDP, die sich den hier dargestellten Ergebnissen zufolge auch in ihrem zentralen Bereich der Wirtschaft-, Sozial- und Finanzpolitik bei weitem nicht vollst\u00e4ndig durchsetzen konnte, \u00e4hnliche Verluste auf W\u00e4hlerebene erleiden muss wie die SPD werden die kommenden Landtagswahlen zeigen.<\/p>\n<p><img loading=\"lazy\" decoding=\"async\" src=\"https:\/\/blog.zeit.de\/zweitstimme\/files\/2009\/10\/koal.gif\" alt=\"koal\" width=\"550\" height=\"399\" class=\"aligncenter size-full wp-image-2128\" srcset=\"https:\/\/blog.zeit.de\/zweitstimme\/files\/2009\/10\/koal.gif 550w, https:\/\/blog.zeit.de\/zweitstimme\/files\/2009\/10\/koal-300x217.gif 300w\" sizes=\"auto, (max-width: 550px) 100vw, 550px\" \/><\/p>\n","protected":false},"excerpt":{"rendered":"<p>W\u00e4hrend Wahlprogramme dazu dienen, die Positionen politischer Parteien auf verschiedenen Politikfeldern zu vermitteln, so stellen Koalitionsabkommen das ausgehandelte Dokument mehrerer Parteien dar, in denen sich die inhaltlichen Kompromisse der neuen Regierung wieder finden. CDU\/CSU und FDP haben sich nach knapp vier Wochen Koalitionsverhandlungen auf ein 128 Seiten langes Dokument als Grundlage ihrer gemeinsamen Politik der [&hellip;]<\/p>\n","protected":false},"author":169,"featured_media":0,"comment_status":"open","ping_status":"closed","sticky":false,"template":"","format":"standard","meta":{"_jetpack_memberships_contains_paid_content":false,"footnotes":""},"categories":[942,7112],"tags":[],"class_list":["post-2127","post","type-post","status-publish","format-standard","hentry","category-koalitionen","category-wahlen-nach-zahlen"],"yoast_head":"<!-- This site is optimized with the Yoast SEO plugin v21.0 - https:\/\/yoast.com\/wordpress\/plugins\/seo\/ -->\n<title>Wer hat sich besser durchgesetzt? Das schwarz-gelbe Koalitionsabkommen und die Wahlprogramme der Regierungsparteien im Vergleich - Zweitstimme<\/title>\n<meta name=\"robots\" content=\"index, follow, max-snippet:-1, max-image-preview:large, max-video-preview:-1\" \/>\n<link rel=\"canonical\" href=\"https:\/\/blog.zeit.de\/zweitstimme\/2009\/10\/25\/wer-hat-sich-besser-durchgesetzt-das-schwarz-gelbe-koalitionsabkommen-und-die-wahlprogramme-der-regierungsparteien-im-vergleich\/\" \/>\n<meta property=\"og:locale\" content=\"de_DE\" \/>\n<meta property=\"og:type\" content=\"article\" \/>\n<meta property=\"og:title\" content=\"Wer hat sich besser durchgesetzt? Das schwarz-gelbe Koalitionsabkommen und die Wahlprogramme der Regierungsparteien im Vergleich - Zweitstimme\" \/>\n<meta property=\"og:description\" content=\"W\u00e4hrend Wahlprogramme dazu dienen, die Positionen politischer Parteien auf verschiedenen Politikfeldern zu vermitteln, so stellen Koalitionsabkommen das ausgehandelte Dokument mehrerer Parteien dar, in denen sich die inhaltlichen Kompromisse der neuen Regierung wieder finden. CDU\/CSU und FDP haben sich nach knapp vier Wochen Koalitionsverhandlungen auf ein 128 Seiten langes Dokument als Grundlage ihrer gemeinsamen Politik der [&hellip;]\" \/>\n<meta property=\"og:url\" content=\"https:\/\/blog.zeit.de\/zweitstimme\/2009\/10\/25\/wer-hat-sich-besser-durchgesetzt-das-schwarz-gelbe-koalitionsabkommen-und-die-wahlprogramme-der-regierungsparteien-im-vergleich\/\" \/>\n<meta property=\"og:site_name\" content=\"Zweitstimme\" \/>\n<meta property=\"article:published_time\" content=\"2009-10-25T20:11:55+00:00\" \/>\n<meta property=\"og:image\" content=\"https:\/\/blog.zeit.de\/wahlen-nach-zahlen\/files\/2009\/04\/debus1.jpg\" \/>\n<meta name=\"author\" content=\"Marc Debus\" \/>\n<meta name=\"twitter:card\" content=\"summary_large_image\" \/>\n<meta name=\"twitter:label1\" content=\"Geschrieben von\" \/>\n\t<meta name=\"twitter:data1\" content=\"Marc Debus\" \/>\n\t<meta name=\"twitter:label2\" content=\"Gesch\u00e4tzte Lesezeit\" \/>\n\t<meta name=\"twitter:data2\" content=\"3\u00a0Minuten\" \/>\n<script type=\"application\/ld+json\" class=\"yoast-schema-graph\">{\"@context\":\"https:\/\/schema.org\",\"@graph\":[{\"@type\":\"WebPage\",\"@id\":\"https:\/\/blog.zeit.de\/zweitstimme\/2009\/10\/25\/wer-hat-sich-besser-durchgesetzt-das-schwarz-gelbe-koalitionsabkommen-und-die-wahlprogramme-der-regierungsparteien-im-vergleich\/\",\"url\":\"https:\/\/blog.zeit.de\/zweitstimme\/2009\/10\/25\/wer-hat-sich-besser-durchgesetzt-das-schwarz-gelbe-koalitionsabkommen-und-die-wahlprogramme-der-regierungsparteien-im-vergleich\/\",\"name\":\"Wer hat sich besser durchgesetzt? Das schwarz-gelbe Koalitionsabkommen und die Wahlprogramme der Regierungsparteien im Vergleich - Zweitstimme\",\"isPartOf\":{\"@id\":\"https:\/\/blog.zeit.de\/zweitstimme\/#website\"},\"datePublished\":\"2009-10-25T20:11:55+00:00\",\"dateModified\":\"2009-10-25T20:11:55+00:00\",\"author\":{\"@id\":\"https:\/\/blog.zeit.de\/zweitstimme\/#\/schema\/person\/61560ac0208ae0124c757a3180c0fc2c\"},\"breadcrumb\":{\"@id\":\"https:\/\/blog.zeit.de\/zweitstimme\/2009\/10\/25\/wer-hat-sich-besser-durchgesetzt-das-schwarz-gelbe-koalitionsabkommen-und-die-wahlprogramme-der-regierungsparteien-im-vergleich\/#breadcrumb\"},\"inLanguage\":\"de\",\"potentialAction\":[{\"@type\":\"ReadAction\",\"target\":[\"https:\/\/blog.zeit.de\/zweitstimme\/2009\/10\/25\/wer-hat-sich-besser-durchgesetzt-das-schwarz-gelbe-koalitionsabkommen-und-die-wahlprogramme-der-regierungsparteien-im-vergleich\/\"]}]},{\"@type\":\"BreadcrumbList\",\"@id\":\"https:\/\/blog.zeit.de\/zweitstimme\/2009\/10\/25\/wer-hat-sich-besser-durchgesetzt-das-schwarz-gelbe-koalitionsabkommen-und-die-wahlprogramme-der-regierungsparteien-im-vergleich\/#breadcrumb\",\"itemListElement\":[{\"@type\":\"ListItem\",\"position\":1,\"name\":\"Startseite\",\"item\":\"https:\/\/blog.zeit.de\/zweitstimme\/\"},{\"@type\":\"ListItem\",\"position\":2,\"name\":\"Wer hat sich besser durchgesetzt? Das schwarz-gelbe Koalitionsabkommen und die Wahlprogramme der Regierungsparteien im Vergleich\"}]},{\"@type\":\"WebSite\",\"@id\":\"https:\/\/blog.zeit.de\/zweitstimme\/#website\",\"url\":\"https:\/\/blog.zeit.de\/zweitstimme\/\",\"name\":\"Zweitstimme\",\"description\":\"Das Politik-Blog\",\"potentialAction\":[{\"@type\":\"SearchAction\",\"target\":{\"@type\":\"EntryPoint\",\"urlTemplate\":\"https:\/\/blog.zeit.de\/zweitstimme\/?s={search_term_string}\"},\"query-input\":\"required name=search_term_string\"}],\"inLanguage\":\"de\"},{\"@type\":\"Person\",\"@id\":\"https:\/\/blog.zeit.de\/zweitstimme\/#\/schema\/person\/61560ac0208ae0124c757a3180c0fc2c\",\"name\":\"Marc Debus\",\"image\":{\"@type\":\"ImageObject\",\"inLanguage\":\"de\",\"@id\":\"https:\/\/blog.zeit.de\/zweitstimme\/#\/schema\/person\/image\/\",\"url\":\"https:\/\/secure.gravatar.com\/avatar\/119f6114115e2acf1aded23ea1977a42451403ab379d68059afe72cd175d91fd?s=96&d=mm&r=g\",\"contentUrl\":\"https:\/\/secure.gravatar.com\/avatar\/119f6114115e2acf1aded23ea1977a42451403ab379d68059afe72cd175d91fd?s=96&d=mm&r=g\",\"caption\":\"Marc Debus\"},\"url\":\"https:\/\/blog.zeit.de\/zweitstimme\/author\/marc-debus\/\"}]}<\/script>\n<!-- \/ Yoast SEO plugin. -->","yoast_head_json":{"title":"Wer hat sich besser durchgesetzt? Das schwarz-gelbe Koalitionsabkommen und die Wahlprogramme der Regierungsparteien im Vergleich - Zweitstimme","robots":{"index":"index","follow":"follow","max-snippet":"max-snippet:-1","max-image-preview":"max-image-preview:large","max-video-preview":"max-video-preview:-1"},"canonical":"https:\/\/blog.zeit.de\/zweitstimme\/2009\/10\/25\/wer-hat-sich-besser-durchgesetzt-das-schwarz-gelbe-koalitionsabkommen-und-die-wahlprogramme-der-regierungsparteien-im-vergleich\/","og_locale":"de_DE","og_type":"article","og_title":"Wer hat sich besser durchgesetzt? Das schwarz-gelbe Koalitionsabkommen und die Wahlprogramme der Regierungsparteien im Vergleich - Zweitstimme","og_description":"W\u00e4hrend Wahlprogramme dazu dienen, die Positionen politischer Parteien auf verschiedenen Politikfeldern zu vermitteln, so stellen Koalitionsabkommen das ausgehandelte Dokument mehrerer Parteien dar, in denen sich die inhaltlichen Kompromisse der neuen Regierung wieder finden. CDU\/CSU und FDP haben sich nach knapp vier Wochen Koalitionsverhandlungen auf ein 128 Seiten langes Dokument als Grundlage ihrer gemeinsamen Politik der [&hellip;]","og_url":"https:\/\/blog.zeit.de\/zweitstimme\/2009\/10\/25\/wer-hat-sich-besser-durchgesetzt-das-schwarz-gelbe-koalitionsabkommen-und-die-wahlprogramme-der-regierungsparteien-im-vergleich\/","og_site_name":"Zweitstimme","article_published_time":"2009-10-25T20:11:55+00:00","og_image":[{"url":"https:\/\/blog.zeit.de\/wahlen-nach-zahlen\/files\/2009\/04\/debus1.jpg"}],"author":"Marc Debus","twitter_card":"summary_large_image","twitter_misc":{"Geschrieben von":"Marc Debus","Gesch\u00e4tzte Lesezeit":"3\u00a0Minuten"},"schema":{"@context":"https:\/\/schema.org","@graph":[{"@type":"WebPage","@id":"https:\/\/blog.zeit.de\/zweitstimme\/2009\/10\/25\/wer-hat-sich-besser-durchgesetzt-das-schwarz-gelbe-koalitionsabkommen-und-die-wahlprogramme-der-regierungsparteien-im-vergleich\/","url":"https:\/\/blog.zeit.de\/zweitstimme\/2009\/10\/25\/wer-hat-sich-besser-durchgesetzt-das-schwarz-gelbe-koalitionsabkommen-und-die-wahlprogramme-der-regierungsparteien-im-vergleich\/","name":"Wer hat sich besser durchgesetzt? Das schwarz-gelbe Koalitionsabkommen und die Wahlprogramme der Regierungsparteien im Vergleich - Zweitstimme","isPartOf":{"@id":"https:\/\/blog.zeit.de\/zweitstimme\/#website"},"datePublished":"2009-10-25T20:11:55+00:00","dateModified":"2009-10-25T20:11:55+00:00","author":{"@id":"https:\/\/blog.zeit.de\/zweitstimme\/#\/schema\/person\/61560ac0208ae0124c757a3180c0fc2c"},"breadcrumb":{"@id":"https:\/\/blog.zeit.de\/zweitstimme\/2009\/10\/25\/wer-hat-sich-besser-durchgesetzt-das-schwarz-gelbe-koalitionsabkommen-und-die-wahlprogramme-der-regierungsparteien-im-vergleich\/#breadcrumb"},"inLanguage":"de","potentialAction":[{"@type":"ReadAction","target":["https:\/\/blog.zeit.de\/zweitstimme\/2009\/10\/25\/wer-hat-sich-besser-durchgesetzt-das-schwarz-gelbe-koalitionsabkommen-und-die-wahlprogramme-der-regierungsparteien-im-vergleich\/"]}]},{"@type":"BreadcrumbList","@id":"https:\/\/blog.zeit.de\/zweitstimme\/2009\/10\/25\/wer-hat-sich-besser-durchgesetzt-das-schwarz-gelbe-koalitionsabkommen-und-die-wahlprogramme-der-regierungsparteien-im-vergleich\/#breadcrumb","itemListElement":[{"@type":"ListItem","position":1,"name":"Startseite","item":"https:\/\/blog.zeit.de\/zweitstimme\/"},{"@type":"ListItem","position":2,"name":"Wer hat sich besser durchgesetzt? Das schwarz-gelbe Koalitionsabkommen und die Wahlprogramme der Regierungsparteien im Vergleich"}]},{"@type":"WebSite","@id":"https:\/\/blog.zeit.de\/zweitstimme\/#website","url":"https:\/\/blog.zeit.de\/zweitstimme\/","name":"Zweitstimme","description":"Das Politik-Blog","potentialAction":[{"@type":"SearchAction","target":{"@type":"EntryPoint","urlTemplate":"https:\/\/blog.zeit.de\/zweitstimme\/?s={search_term_string}"},"query-input":"required name=search_term_string"}],"inLanguage":"de"},{"@type":"Person","@id":"https:\/\/blog.zeit.de\/zweitstimme\/#\/schema\/person\/61560ac0208ae0124c757a3180c0fc2c","name":"Marc Debus","image":{"@type":"ImageObject","inLanguage":"de","@id":"https:\/\/blog.zeit.de\/zweitstimme\/#\/schema\/person\/image\/","url":"https:\/\/secure.gravatar.com\/avatar\/119f6114115e2acf1aded23ea1977a42451403ab379d68059afe72cd175d91fd?s=96&d=mm&r=g","contentUrl":"https:\/\/secure.gravatar.com\/avatar\/119f6114115e2acf1aded23ea1977a42451403ab379d68059afe72cd175d91fd?s=96&d=mm&r=g","caption":"Marc Debus"},"url":"https:\/\/blog.zeit.de\/zweitstimme\/author\/marc-debus\/"}]}},"jetpack_featured_media_url":"","jetpack_sharing_enabled":true,"_links":{"self":[{"href":"https:\/\/blog.zeit.de\/zweitstimme\/wp-json\/wp\/v2\/posts\/2127","targetHints":{"allow":["GET"]}}],"collection":[{"href":"https:\/\/blog.zeit.de\/zweitstimme\/wp-json\/wp\/v2\/posts"}],"about":[{"href":"https:\/\/blog.zeit.de\/zweitstimme\/wp-json\/wp\/v2\/types\/post"}],"author":[{"embeddable":true,"href":"https:\/\/blog.zeit.de\/zweitstimme\/wp-json\/wp\/v2\/users\/169"}],"replies":[{"embeddable":true,"href":"https:\/\/blog.zeit.de\/zweitstimme\/wp-json\/wp\/v2\/comments?post=2127"}],"version-history":[{"count":0,"href":"https:\/\/blog.zeit.de\/zweitstimme\/wp-json\/wp\/v2\/posts\/2127\/revisions"}],"wp:attachment":[{"href":"https:\/\/blog.zeit.de\/zweitstimme\/wp-json\/wp\/v2\/media?parent=2127"}],"wp:term":[{"taxonomy":"category","embeddable":true,"href":"https:\/\/blog.zeit.de\/zweitstimme\/wp-json\/wp\/v2\/categories?post=2127"},{"taxonomy":"post_tag","embeddable":true,"href":"https:\/\/blog.zeit.de\/zweitstimme\/wp-json\/wp\/v2\/tags?post=2127"}],"curies":[{"name":"wp","href":"https:\/\/api.w.org\/{rel}","templated":true}]}}