{"id":2187,"date":"2010-01-25T19:01:19","date_gmt":"2010-01-25T18:01:19","guid":{"rendered":"http:\/\/blog.zeit.de\/politik-nach-zahlen\/?p=2187"},"modified":"2010-01-25T19:01:19","modified_gmt":"2010-01-25T18:01:19","slug":"denkt-roland-koch-wie-die-linkspartei-die-debatte-um-die-reform-von-hartz-iv-halt-uberraschungen-bereit","status":"publish","type":"post","link":"https:\/\/blog.zeit.de\/zweitstimme\/2010\/01\/25\/denkt-roland-koch-wie-die-linkspartei-die-debatte-um-die-reform-von-hartz-iv-halt-uberraschungen-bereit\/","title":{"rendered":"Denkt Roland Koch wie die Linkspartei? Die Debatte um die Reform von Hartz IV h\u00e4lt \u00dcberraschungen bereit"},"content":{"rendered":"<p><a href=\"about#struenck\"><img loading=\"lazy\" decoding=\"async\" class=\"alignleft size-full wp-image-2156\" src=\"https:\/\/blog.zeit.de\/zweitstimme\/files\/2010\/01\/Struenck.jpg\" alt=\"Struenck\" width=\"150\" height=\"108\" \/><\/a>Roland Koch verlangt eine Arbeitspflicht f\u00fcr die Empf\u00e4nger von Arbeitslosengeld II (Hartz IV) und alle toben. Roland Koch auch, weil er (nat\u00fcrlich und nat\u00fcrlich einkalkuliert) \u201emissverstanden\u201c worden sei. Das Ganze k\u00f6nnte man getrost in der Schublade populistischer Evergreens verstauen. Dabei liegt in Roland Kochs Forderung eine ordentliche Prise Ironie, wenn man ihre m\u00f6glichen Konsequenzen ernst nimmt. Denn der Vorschlag f\u00fchrt geradewegs in einen \u00f6ffentlich gef\u00f6rderten Besch\u00e4ftigungssektor, wie ihn die Linkspartei seit langem in ihrem Parteiprogramm hat. Die Linke m\u00fcsste daher eigentlich ganz auf der Seite von Koch stehen, zumindest klammheimlich.<\/p>\n<p>Eine Arbeitspflicht gibt es im Grunde l\u00e4ngst, denn die Arbeitsagenturen haben Anweisungen und versch\u00e4rfte Zumutbarkeitskriterien an die Hand bekommen. Schlie\u00dflich war es das erkl\u00e4rte Ziel dieser Reform, alle erwerbsf\u00e4higen Sozialhilfeempf\u00e4nger wieder in den ersten Arbeitsmarkt zu integrieren. Doch was tun, wenn es in einer Region so gut wie keine Stellen gibt, in die Langzeitarbeitslose vermittelt werden k\u00f6nnen? Heinrich Alt, Mitglied im Bundesvorstand der Bundesagentur f\u00fcr Arbeit, sieht nach wie vor ein gro\u00dfes Defizit an Arbeitspl\u00e4tzen in Deutschland. Dabei nutzen die Arbeitsgemeinschaften zwischen Kommunen und Arbeitsagenturen bereits ein gro\u00dfes Arsenal an Ma\u00dfnahmen, um ihre Klientel wenigstens zeitweise in den ersten Arbeitsmarkt zu bekommen.<\/p>\n<p>Worauf liefe also Roland Kochs Forderung hinaus, wenn man sie unter den jetzigen Bedingungen betrachtet? Wenn es eine allgemeine, verbindliche Arbeitspflicht gibt, muss auch Arbeit angeboten werden. F\u00fcr die gr\u00f6\u00dfte Gruppe der Langzeitarbeitslosen \u2013 die Alleinerziehenden \u2013 br\u00e4uchte es da erst einmal eine verl\u00e4ssliche Kinderbetreuung. Die anderen Kunden karren die Argen dann entweder quer durch die Republik an Orte, an denen die Erwerbsarbeit noch bl\u00fcht. Oder sie m\u00fcssen ihnen Ersatzarbeitspl\u00e4tze anbieten, denn Arbeitspflicht f\u00fcr die Hilfeempf\u00e4nger bedeutet quasi Arbeitsplatzpflicht f\u00fcr die Arbeitsagenturen. Angesichts von knapp 5 Mio. erwerbsf\u00e4higen Empf\u00e4ngerinnen und Empf\u00e4ngern von Arbeitslosengeld II liefe das daraus hinaus, einen gro\u00dfen \u00f6ffentlichen Besch\u00e4ftigungssektor zu schaffen bzw. schaffen zu m\u00fcssen. Roland Koch h\u00e4tte neue Freunde in der Linkspartei gewonnen, doch das Kernziel der ganzen Reform w\u00fcrde verfehlt: die Integration in den ersten Arbeitsmarkt.<\/p>\n","protected":false},"excerpt":{"rendered":"<p>Roland Koch verlangt eine Arbeitspflicht f\u00fcr die Empf\u00e4nger von Arbeitslosengeld II (Hartz IV) und alle toben. Roland Koch auch, weil er (nat\u00fcrlich und nat\u00fcrlich einkalkuliert) \u201emissverstanden\u201c worden sei. Das Ganze k\u00f6nnte man getrost in der Schublade populistischer Evergreens verstauen. Dabei liegt in Roland Kochs Forderung eine ordentliche Prise Ironie, wenn man ihre m\u00f6glichen Konsequenzen ernst [&hellip;]<\/p>\n","protected":false},"author":210,"featured_media":0,"comment_status":"open","ping_status":"closed","sticky":false,"template":"","format":"standard","meta":{"_jetpack_memberships_contains_paid_content":false,"footnotes":""},"categories":[1241,971,7112],"tags":[],"class_list":["post-2187","post","type-post","status-publish","format-standard","hentry","category-koch","category-linke","category-wahlen-nach-zahlen"],"yoast_head":"<!-- This site is optimized with the Yoast SEO plugin v21.0 - https:\/\/yoast.com\/wordpress\/plugins\/seo\/ -->\n<title>Denkt Roland Koch wie die Linkspartei? Die Debatte um die Reform von Hartz IV h\u00e4lt \u00dcberraschungen bereit - Zweitstimme<\/title>\n<meta name=\"robots\" content=\"index, follow, max-snippet:-1, max-image-preview:large, max-video-preview:-1\" \/>\n<link rel=\"canonical\" href=\"https:\/\/blog.zeit.de\/zweitstimme\/2010\/01\/25\/denkt-roland-koch-wie-die-linkspartei-die-debatte-um-die-reform-von-hartz-iv-halt-uberraschungen-bereit\/\" \/>\n<meta property=\"og:locale\" content=\"de_DE\" \/>\n<meta property=\"og:type\" content=\"article\" \/>\n<meta property=\"og:title\" content=\"Denkt Roland Koch wie die Linkspartei? Die Debatte um die Reform von Hartz IV h\u00e4lt \u00dcberraschungen bereit - Zweitstimme\" \/>\n<meta property=\"og:description\" content=\"Roland Koch verlangt eine Arbeitspflicht f\u00fcr die Empf\u00e4nger von Arbeitslosengeld II (Hartz IV) und alle toben. Roland Koch auch, weil er (nat\u00fcrlich und nat\u00fcrlich einkalkuliert) \u201emissverstanden\u201c worden sei. Das Ganze k\u00f6nnte man getrost in der Schublade populistischer Evergreens verstauen. Dabei liegt in Roland Kochs Forderung eine ordentliche Prise Ironie, wenn man ihre m\u00f6glichen Konsequenzen ernst [&hellip;]\" \/>\n<meta property=\"og:url\" content=\"https:\/\/blog.zeit.de\/zweitstimme\/2010\/01\/25\/denkt-roland-koch-wie-die-linkspartei-die-debatte-um-die-reform-von-hartz-iv-halt-uberraschungen-bereit\/\" \/>\n<meta property=\"og:site_name\" content=\"Zweitstimme\" \/>\n<meta property=\"article:published_time\" content=\"2010-01-25T18:01:19+00:00\" \/>\n<meta property=\"og:image\" content=\"https:\/\/blog.zeit.de\/zweitstimme\/files\/2010\/01\/Struenck.jpg\" \/>\n<meta name=\"author\" content=\"Christoph Str\u00fcnck\" \/>\n<meta name=\"twitter:card\" content=\"summary_large_image\" \/>\n<meta name=\"twitter:label1\" content=\"Geschrieben von\" \/>\n\t<meta name=\"twitter:data1\" content=\"Christoph Str\u00fcnck\" \/>\n\t<meta name=\"twitter:label2\" content=\"Gesch\u00e4tzte Lesezeit\" \/>\n\t<meta name=\"twitter:data2\" content=\"2\u00a0Minuten\" \/>\n<script type=\"application\/ld+json\" class=\"yoast-schema-graph\">{\"@context\":\"https:\/\/schema.org\",\"@graph\":[{\"@type\":\"WebPage\",\"@id\":\"https:\/\/blog.zeit.de\/zweitstimme\/2010\/01\/25\/denkt-roland-koch-wie-die-linkspartei-die-debatte-um-die-reform-von-hartz-iv-halt-uberraschungen-bereit\/\",\"url\":\"https:\/\/blog.zeit.de\/zweitstimme\/2010\/01\/25\/denkt-roland-koch-wie-die-linkspartei-die-debatte-um-die-reform-von-hartz-iv-halt-uberraschungen-bereit\/\",\"name\":\"Denkt Roland Koch wie die Linkspartei? Die Debatte um die Reform von Hartz IV h\u00e4lt \u00dcberraschungen bereit - Zweitstimme\",\"isPartOf\":{\"@id\":\"https:\/\/blog.zeit.de\/zweitstimme\/#website\"},\"datePublished\":\"2010-01-25T18:01:19+00:00\",\"dateModified\":\"2010-01-25T18:01:19+00:00\",\"author\":{\"@id\":\"https:\/\/blog.zeit.de\/zweitstimme\/#\/schema\/person\/e6b7c4470670190157877df51ee7bab8\"},\"breadcrumb\":{\"@id\":\"https:\/\/blog.zeit.de\/zweitstimme\/2010\/01\/25\/denkt-roland-koch-wie-die-linkspartei-die-debatte-um-die-reform-von-hartz-iv-halt-uberraschungen-bereit\/#breadcrumb\"},\"inLanguage\":\"de\",\"potentialAction\":[{\"@type\":\"ReadAction\",\"target\":[\"https:\/\/blog.zeit.de\/zweitstimme\/2010\/01\/25\/denkt-roland-koch-wie-die-linkspartei-die-debatte-um-die-reform-von-hartz-iv-halt-uberraschungen-bereit\/\"]}]},{\"@type\":\"BreadcrumbList\",\"@id\":\"https:\/\/blog.zeit.de\/zweitstimme\/2010\/01\/25\/denkt-roland-koch-wie-die-linkspartei-die-debatte-um-die-reform-von-hartz-iv-halt-uberraschungen-bereit\/#breadcrumb\",\"itemListElement\":[{\"@type\":\"ListItem\",\"position\":1,\"name\":\"Startseite\",\"item\":\"https:\/\/blog.zeit.de\/zweitstimme\/\"},{\"@type\":\"ListItem\",\"position\":2,\"name\":\"Denkt Roland Koch wie die Linkspartei? Die Debatte um die Reform von Hartz IV h\u00e4lt \u00dcberraschungen bereit\"}]},{\"@type\":\"WebSite\",\"@id\":\"https:\/\/blog.zeit.de\/zweitstimme\/#website\",\"url\":\"https:\/\/blog.zeit.de\/zweitstimme\/\",\"name\":\"Zweitstimme\",\"description\":\"Das Politik-Blog\",\"potentialAction\":[{\"@type\":\"SearchAction\",\"target\":{\"@type\":\"EntryPoint\",\"urlTemplate\":\"https:\/\/blog.zeit.de\/zweitstimme\/?s={search_term_string}\"},\"query-input\":\"required name=search_term_string\"}],\"inLanguage\":\"de\"},{\"@type\":\"Person\",\"@id\":\"https:\/\/blog.zeit.de\/zweitstimme\/#\/schema\/person\/e6b7c4470670190157877df51ee7bab8\",\"name\":\"Christoph Str\u00fcnck\",\"image\":{\"@type\":\"ImageObject\",\"inLanguage\":\"de\",\"@id\":\"https:\/\/blog.zeit.de\/zweitstimme\/#\/schema\/person\/image\/\",\"url\":\"https:\/\/secure.gravatar.com\/avatar\/e5c1784b495cef0a2a20f11638596bb20631f90f71c1587a7b3e59b7709efdeb?s=96&d=mm&r=g\",\"contentUrl\":\"https:\/\/secure.gravatar.com\/avatar\/e5c1784b495cef0a2a20f11638596bb20631f90f71c1587a7b3e59b7709efdeb?s=96&d=mm&r=g\",\"caption\":\"Christoph Str\u00fcnck\"},\"url\":\"https:\/\/blog.zeit.de\/zweitstimme\/author\/christoph-struenck\/\"}]}<\/script>\n<!-- \/ Yoast SEO plugin. -->","yoast_head_json":{"title":"Denkt Roland Koch wie die Linkspartei? Die Debatte um die Reform von Hartz IV h\u00e4lt \u00dcberraschungen bereit - Zweitstimme","robots":{"index":"index","follow":"follow","max-snippet":"max-snippet:-1","max-image-preview":"max-image-preview:large","max-video-preview":"max-video-preview:-1"},"canonical":"https:\/\/blog.zeit.de\/zweitstimme\/2010\/01\/25\/denkt-roland-koch-wie-die-linkspartei-die-debatte-um-die-reform-von-hartz-iv-halt-uberraschungen-bereit\/","og_locale":"de_DE","og_type":"article","og_title":"Denkt Roland Koch wie die Linkspartei? Die Debatte um die Reform von Hartz IV h\u00e4lt \u00dcberraschungen bereit - Zweitstimme","og_description":"Roland Koch verlangt eine Arbeitspflicht f\u00fcr die Empf\u00e4nger von Arbeitslosengeld II (Hartz IV) und alle toben. Roland Koch auch, weil er (nat\u00fcrlich und nat\u00fcrlich einkalkuliert) \u201emissverstanden\u201c worden sei. Das Ganze k\u00f6nnte man getrost in der Schublade populistischer Evergreens verstauen. Dabei liegt in Roland Kochs Forderung eine ordentliche Prise Ironie, wenn man ihre m\u00f6glichen Konsequenzen ernst [&hellip;]","og_url":"https:\/\/blog.zeit.de\/zweitstimme\/2010\/01\/25\/denkt-roland-koch-wie-die-linkspartei-die-debatte-um-die-reform-von-hartz-iv-halt-uberraschungen-bereit\/","og_site_name":"Zweitstimme","article_published_time":"2010-01-25T18:01:19+00:00","og_image":[{"url":"https:\/\/blog.zeit.de\/zweitstimme\/files\/2010\/01\/Struenck.jpg"}],"author":"Christoph Str\u00fcnck","twitter_card":"summary_large_image","twitter_misc":{"Geschrieben von":"Christoph Str\u00fcnck","Gesch\u00e4tzte Lesezeit":"2\u00a0Minuten"},"schema":{"@context":"https:\/\/schema.org","@graph":[{"@type":"WebPage","@id":"https:\/\/blog.zeit.de\/zweitstimme\/2010\/01\/25\/denkt-roland-koch-wie-die-linkspartei-die-debatte-um-die-reform-von-hartz-iv-halt-uberraschungen-bereit\/","url":"https:\/\/blog.zeit.de\/zweitstimme\/2010\/01\/25\/denkt-roland-koch-wie-die-linkspartei-die-debatte-um-die-reform-von-hartz-iv-halt-uberraschungen-bereit\/","name":"Denkt Roland Koch wie die Linkspartei? Die Debatte um die Reform von Hartz IV h\u00e4lt \u00dcberraschungen bereit - Zweitstimme","isPartOf":{"@id":"https:\/\/blog.zeit.de\/zweitstimme\/#website"},"datePublished":"2010-01-25T18:01:19+00:00","dateModified":"2010-01-25T18:01:19+00:00","author":{"@id":"https:\/\/blog.zeit.de\/zweitstimme\/#\/schema\/person\/e6b7c4470670190157877df51ee7bab8"},"breadcrumb":{"@id":"https:\/\/blog.zeit.de\/zweitstimme\/2010\/01\/25\/denkt-roland-koch-wie-die-linkspartei-die-debatte-um-die-reform-von-hartz-iv-halt-uberraschungen-bereit\/#breadcrumb"},"inLanguage":"de","potentialAction":[{"@type":"ReadAction","target":["https:\/\/blog.zeit.de\/zweitstimme\/2010\/01\/25\/denkt-roland-koch-wie-die-linkspartei-die-debatte-um-die-reform-von-hartz-iv-halt-uberraschungen-bereit\/"]}]},{"@type":"BreadcrumbList","@id":"https:\/\/blog.zeit.de\/zweitstimme\/2010\/01\/25\/denkt-roland-koch-wie-die-linkspartei-die-debatte-um-die-reform-von-hartz-iv-halt-uberraschungen-bereit\/#breadcrumb","itemListElement":[{"@type":"ListItem","position":1,"name":"Startseite","item":"https:\/\/blog.zeit.de\/zweitstimme\/"},{"@type":"ListItem","position":2,"name":"Denkt Roland Koch wie die Linkspartei? Die Debatte um die Reform von Hartz IV h\u00e4lt \u00dcberraschungen bereit"}]},{"@type":"WebSite","@id":"https:\/\/blog.zeit.de\/zweitstimme\/#website","url":"https:\/\/blog.zeit.de\/zweitstimme\/","name":"Zweitstimme","description":"Das Politik-Blog","potentialAction":[{"@type":"SearchAction","target":{"@type":"EntryPoint","urlTemplate":"https:\/\/blog.zeit.de\/zweitstimme\/?s={search_term_string}"},"query-input":"required name=search_term_string"}],"inLanguage":"de"},{"@type":"Person","@id":"https:\/\/blog.zeit.de\/zweitstimme\/#\/schema\/person\/e6b7c4470670190157877df51ee7bab8","name":"Christoph Str\u00fcnck","image":{"@type":"ImageObject","inLanguage":"de","@id":"https:\/\/blog.zeit.de\/zweitstimme\/#\/schema\/person\/image\/","url":"https:\/\/secure.gravatar.com\/avatar\/e5c1784b495cef0a2a20f11638596bb20631f90f71c1587a7b3e59b7709efdeb?s=96&d=mm&r=g","contentUrl":"https:\/\/secure.gravatar.com\/avatar\/e5c1784b495cef0a2a20f11638596bb20631f90f71c1587a7b3e59b7709efdeb?s=96&d=mm&r=g","caption":"Christoph Str\u00fcnck"},"url":"https:\/\/blog.zeit.de\/zweitstimme\/author\/christoph-struenck\/"}]}},"jetpack_featured_media_url":"","jetpack_sharing_enabled":true,"_links":{"self":[{"href":"https:\/\/blog.zeit.de\/zweitstimme\/wp-json\/wp\/v2\/posts\/2187","targetHints":{"allow":["GET"]}}],"collection":[{"href":"https:\/\/blog.zeit.de\/zweitstimme\/wp-json\/wp\/v2\/posts"}],"about":[{"href":"https:\/\/blog.zeit.de\/zweitstimme\/wp-json\/wp\/v2\/types\/post"}],"author":[{"embeddable":true,"href":"https:\/\/blog.zeit.de\/zweitstimme\/wp-json\/wp\/v2\/users\/210"}],"replies":[{"embeddable":true,"href":"https:\/\/blog.zeit.de\/zweitstimme\/wp-json\/wp\/v2\/comments?post=2187"}],"version-history":[{"count":0,"href":"https:\/\/blog.zeit.de\/zweitstimme\/wp-json\/wp\/v2\/posts\/2187\/revisions"}],"wp:attachment":[{"href":"https:\/\/blog.zeit.de\/zweitstimme\/wp-json\/wp\/v2\/media?parent=2187"}],"wp:term":[{"taxonomy":"category","embeddable":true,"href":"https:\/\/blog.zeit.de\/zweitstimme\/wp-json\/wp\/v2\/categories?post=2187"},{"taxonomy":"post_tag","embeddable":true,"href":"https:\/\/blog.zeit.de\/zweitstimme\/wp-json\/wp\/v2\/tags?post=2187"}],"curies":[{"name":"wp","href":"https:\/\/api.w.org\/{rel}","templated":true}]}}