{"id":2402,"date":"2010-06-10T12:30:57","date_gmt":"2010-06-10T10:30:57","guid":{"rendered":"http:\/\/blog.zeit.de\/politik-nach-zahlen\/?p=2402"},"modified":"2010-06-10T12:30:57","modified_gmt":"2010-06-10T10:30:57","slug":"verscharft-das-sparpaket-die-energiearmut","status":"publish","type":"post","link":"https:\/\/blog.zeit.de\/zweitstimme\/2010\/06\/10\/verscharft-das-sparpaket-die-energiearmut\/","title":{"rendered":"Versch\u00e4rft das Sparpaket die Energiearmut?"},"content":{"rendered":"<p><a href=\"about#struenck\"><img loading=\"lazy\" decoding=\"async\" class=\"alignleft size-full wp-image-2156\" src=\"https:\/\/blog.zeit.de\/zweitstimme\/files\/2010\/01\/Struenck.jpg\" alt=\"Struenck\" width=\"150\" height=\"108\" \/><\/a>Noch ist nichts vom Bundestag beschlossen, noch sind die Details der Sparvorschl\u00e4ge gut getarnt. Dennoch wird es die Bezieher von Arbeitslosengeld II besonders treffen, so viel ist klar. Einer der Vorschl\u00e4ge richtet sich auf Heizkostenzusch\u00fcsse, die von Bund und L\u00e4ndern gemeinsam finanziert werden. Die Bundesregierung will ihren Anteil nun ganz streichen. Doch das Problem w\u00fcrde damit nur in die L\u00e4nder und Kommunen verschoben. Denn die Heizkostenzusch\u00fcsse f\u00fcr Langzeitarbeitslose wurden eingef\u00fchrt, um die \u00fcberproportional hohen Energiekosten armer Haushalte zu reduzieren. Nach Berechnungen der Verbraucherzentrale NRW m\u00fcssen rund 20 Prozent der Bev\u00f6lkerung mehr als 13 Prozent ihres Einkommens f\u00fcr Strom und Heizung ausgeben. Darunter fallen nicht nur die Bezieher von Arbeitslosengeld II. International spricht man vom Ph\u00e4nomen der \u201eEnergiearmut\u201c, das hierzulande nur in Expertenkreisen diskutiert wird. In Gro\u00dfbritannien und anderen europ\u00e4ischen L\u00e4ndern hingegen gibt es politische Programme, die sich diesem Problem widmen. Die Europ\u00e4ische Union hat ihre Mitgliedsstaaten aufgefordert, L\u00f6sungen zu entwickeln. In Deutschland verhallt der Aufruf bislang.<\/p>\n<p>K\u00f6nnen Haushalte ihre Rechnungen f\u00fcr Energie nicht bezahlen, wird ihnen h\u00e4ufig von den Energieversorgern der Strom gesperrt. Mit dieser L\u00f6sung sind allerdings auch die Unternehmen nicht gl\u00fccklich, denn das Forderungsmanagement ist aufw\u00e4ndig und kostenintensiv. Bei den betroffenen Menschen wiederum h\u00e4ufen sich Schulden an. Oder die Wohnungen werden nicht richtig geheizt, was die Gesundheit der Menschen gef\u00e4hrdet und auch den Wohnungsbesitzern schadet. Heizkostenzusch\u00fcsse sind kein Allheilmittel gegen diese Entwicklung. Doch gut ged\u00e4mmte Wohnungen stehen gerade armen Haushalten h\u00e4ufig nicht zur Verf\u00fcgung. Solange in Deutschland keine breiten Strategien entwickelt werden, k\u00f6nnen Heizkostenzusch\u00fcsse die Situation bei Langzeitarbeitslosen vor\u00fcbergehend lindern und Verschuldungsspiralen stoppen. Das Vorhaben der Bundesregierung zeigt: Die Herausforderung der Energiearmut wird ignoriert. Das ist kein gutes Zeichen f\u00fcr eine intelligente, nachhaltige Sozialpolitik.<\/p>\n","protected":false},"excerpt":{"rendered":"<p>Noch ist nichts vom Bundestag beschlossen, noch sind die Details der Sparvorschl\u00e4ge gut getarnt. Dennoch wird es die Bezieher von Arbeitslosengeld II besonders treffen, so viel ist klar. Einer der Vorschl\u00e4ge richtet sich auf Heizkostenzusch\u00fcsse, die von Bund und L\u00e4ndern gemeinsam finanziert werden. Die Bundesregierung will ihren Anteil nun ganz streichen. Doch das Problem w\u00fcrde [&hellip;]<\/p>\n","protected":false},"author":210,"featured_media":0,"comment_status":"open","ping_status":"closed","sticky":false,"template":"","format":"standard","meta":{"_jetpack_memberships_contains_paid_content":false,"footnotes":""},"categories":[1242,2233,7112],"tags":[],"class_list":["post-2402","post","type-post","status-publish","format-standard","hentry","category-hartz-iv","category-sozialpolitik","category-wahlen-nach-zahlen"],"yoast_head":"<!-- This site is optimized with the Yoast SEO plugin v21.0 - https:\/\/yoast.com\/wordpress\/plugins\/seo\/ -->\n<title>Versch\u00e4rft das Sparpaket die Energiearmut? - Zweitstimme<\/title>\n<meta name=\"robots\" content=\"index, follow, max-snippet:-1, max-image-preview:large, max-video-preview:-1\" \/>\n<link rel=\"canonical\" href=\"https:\/\/blog.zeit.de\/zweitstimme\/2010\/06\/10\/verscharft-das-sparpaket-die-energiearmut\/\" \/>\n<meta property=\"og:locale\" content=\"de_DE\" \/>\n<meta property=\"og:type\" content=\"article\" \/>\n<meta property=\"og:title\" content=\"Versch\u00e4rft das Sparpaket die Energiearmut? - Zweitstimme\" \/>\n<meta property=\"og:description\" content=\"Noch ist nichts vom Bundestag beschlossen, noch sind die Details der Sparvorschl\u00e4ge gut getarnt. Dennoch wird es die Bezieher von Arbeitslosengeld II besonders treffen, so viel ist klar. Einer der Vorschl\u00e4ge richtet sich auf Heizkostenzusch\u00fcsse, die von Bund und L\u00e4ndern gemeinsam finanziert werden. Die Bundesregierung will ihren Anteil nun ganz streichen. Doch das Problem w\u00fcrde [&hellip;]\" \/>\n<meta property=\"og:url\" content=\"https:\/\/blog.zeit.de\/zweitstimme\/2010\/06\/10\/verscharft-das-sparpaket-die-energiearmut\/\" \/>\n<meta property=\"og:site_name\" content=\"Zweitstimme\" \/>\n<meta property=\"article:published_time\" content=\"2010-06-10T10:30:57+00:00\" \/>\n<meta property=\"og:image\" content=\"https:\/\/blog.zeit.de\/zweitstimme\/files\/2010\/01\/Struenck.jpg\" \/>\n<meta name=\"author\" content=\"Christoph Str\u00fcnck\" \/>\n<meta name=\"twitter:card\" content=\"summary_large_image\" \/>\n<meta name=\"twitter:label1\" content=\"Geschrieben von\" \/>\n\t<meta name=\"twitter:data1\" content=\"Christoph Str\u00fcnck\" \/>\n\t<meta name=\"twitter:label2\" content=\"Gesch\u00e4tzte Lesezeit\" \/>\n\t<meta name=\"twitter:data2\" content=\"2\u00a0Minuten\" \/>\n<script type=\"application\/ld+json\" class=\"yoast-schema-graph\">{\"@context\":\"https:\/\/schema.org\",\"@graph\":[{\"@type\":\"WebPage\",\"@id\":\"https:\/\/blog.zeit.de\/zweitstimme\/2010\/06\/10\/verscharft-das-sparpaket-die-energiearmut\/\",\"url\":\"https:\/\/blog.zeit.de\/zweitstimme\/2010\/06\/10\/verscharft-das-sparpaket-die-energiearmut\/\",\"name\":\"Versch\u00e4rft das Sparpaket die Energiearmut? - Zweitstimme\",\"isPartOf\":{\"@id\":\"https:\/\/blog.zeit.de\/zweitstimme\/#website\"},\"datePublished\":\"2010-06-10T10:30:57+00:00\",\"dateModified\":\"2010-06-10T10:30:57+00:00\",\"author\":{\"@id\":\"https:\/\/blog.zeit.de\/zweitstimme\/#\/schema\/person\/e6b7c4470670190157877df51ee7bab8\"},\"breadcrumb\":{\"@id\":\"https:\/\/blog.zeit.de\/zweitstimme\/2010\/06\/10\/verscharft-das-sparpaket-die-energiearmut\/#breadcrumb\"},\"inLanguage\":\"de\",\"potentialAction\":[{\"@type\":\"ReadAction\",\"target\":[\"https:\/\/blog.zeit.de\/zweitstimme\/2010\/06\/10\/verscharft-das-sparpaket-die-energiearmut\/\"]}]},{\"@type\":\"BreadcrumbList\",\"@id\":\"https:\/\/blog.zeit.de\/zweitstimme\/2010\/06\/10\/verscharft-das-sparpaket-die-energiearmut\/#breadcrumb\",\"itemListElement\":[{\"@type\":\"ListItem\",\"position\":1,\"name\":\"Startseite\",\"item\":\"https:\/\/blog.zeit.de\/zweitstimme\/\"},{\"@type\":\"ListItem\",\"position\":2,\"name\":\"Versch\u00e4rft das Sparpaket die Energiearmut?\"}]},{\"@type\":\"WebSite\",\"@id\":\"https:\/\/blog.zeit.de\/zweitstimme\/#website\",\"url\":\"https:\/\/blog.zeit.de\/zweitstimme\/\",\"name\":\"Zweitstimme\",\"description\":\"Das Politik-Blog\",\"potentialAction\":[{\"@type\":\"SearchAction\",\"target\":{\"@type\":\"EntryPoint\",\"urlTemplate\":\"https:\/\/blog.zeit.de\/zweitstimme\/?s={search_term_string}\"},\"query-input\":\"required name=search_term_string\"}],\"inLanguage\":\"de\"},{\"@type\":\"Person\",\"@id\":\"https:\/\/blog.zeit.de\/zweitstimme\/#\/schema\/person\/e6b7c4470670190157877df51ee7bab8\",\"name\":\"Christoph Str\u00fcnck\",\"image\":{\"@type\":\"ImageObject\",\"inLanguage\":\"de\",\"@id\":\"https:\/\/blog.zeit.de\/zweitstimme\/#\/schema\/person\/image\/\",\"url\":\"https:\/\/secure.gravatar.com\/avatar\/e5c1784b495cef0a2a20f11638596bb20631f90f71c1587a7b3e59b7709efdeb?s=96&d=mm&r=g\",\"contentUrl\":\"https:\/\/secure.gravatar.com\/avatar\/e5c1784b495cef0a2a20f11638596bb20631f90f71c1587a7b3e59b7709efdeb?s=96&d=mm&r=g\",\"caption\":\"Christoph Str\u00fcnck\"},\"url\":\"https:\/\/blog.zeit.de\/zweitstimme\/author\/christoph-struenck\/\"}]}<\/script>\n<!-- \/ Yoast SEO plugin. -->","yoast_head_json":{"title":"Versch\u00e4rft das Sparpaket die Energiearmut? - Zweitstimme","robots":{"index":"index","follow":"follow","max-snippet":"max-snippet:-1","max-image-preview":"max-image-preview:large","max-video-preview":"max-video-preview:-1"},"canonical":"https:\/\/blog.zeit.de\/zweitstimme\/2010\/06\/10\/verscharft-das-sparpaket-die-energiearmut\/","og_locale":"de_DE","og_type":"article","og_title":"Versch\u00e4rft das Sparpaket die Energiearmut? - Zweitstimme","og_description":"Noch ist nichts vom Bundestag beschlossen, noch sind die Details der Sparvorschl\u00e4ge gut getarnt. Dennoch wird es die Bezieher von Arbeitslosengeld II besonders treffen, so viel ist klar. Einer der Vorschl\u00e4ge richtet sich auf Heizkostenzusch\u00fcsse, die von Bund und L\u00e4ndern gemeinsam finanziert werden. Die Bundesregierung will ihren Anteil nun ganz streichen. Doch das Problem w\u00fcrde [&hellip;]","og_url":"https:\/\/blog.zeit.de\/zweitstimme\/2010\/06\/10\/verscharft-das-sparpaket-die-energiearmut\/","og_site_name":"Zweitstimme","article_published_time":"2010-06-10T10:30:57+00:00","og_image":[{"url":"https:\/\/blog.zeit.de\/zweitstimme\/files\/2010\/01\/Struenck.jpg"}],"author":"Christoph Str\u00fcnck","twitter_card":"summary_large_image","twitter_misc":{"Geschrieben von":"Christoph Str\u00fcnck","Gesch\u00e4tzte Lesezeit":"2\u00a0Minuten"},"schema":{"@context":"https:\/\/schema.org","@graph":[{"@type":"WebPage","@id":"https:\/\/blog.zeit.de\/zweitstimme\/2010\/06\/10\/verscharft-das-sparpaket-die-energiearmut\/","url":"https:\/\/blog.zeit.de\/zweitstimme\/2010\/06\/10\/verscharft-das-sparpaket-die-energiearmut\/","name":"Versch\u00e4rft das Sparpaket die Energiearmut? - Zweitstimme","isPartOf":{"@id":"https:\/\/blog.zeit.de\/zweitstimme\/#website"},"datePublished":"2010-06-10T10:30:57+00:00","dateModified":"2010-06-10T10:30:57+00:00","author":{"@id":"https:\/\/blog.zeit.de\/zweitstimme\/#\/schema\/person\/e6b7c4470670190157877df51ee7bab8"},"breadcrumb":{"@id":"https:\/\/blog.zeit.de\/zweitstimme\/2010\/06\/10\/verscharft-das-sparpaket-die-energiearmut\/#breadcrumb"},"inLanguage":"de","potentialAction":[{"@type":"ReadAction","target":["https:\/\/blog.zeit.de\/zweitstimme\/2010\/06\/10\/verscharft-das-sparpaket-die-energiearmut\/"]}]},{"@type":"BreadcrumbList","@id":"https:\/\/blog.zeit.de\/zweitstimme\/2010\/06\/10\/verscharft-das-sparpaket-die-energiearmut\/#breadcrumb","itemListElement":[{"@type":"ListItem","position":1,"name":"Startseite","item":"https:\/\/blog.zeit.de\/zweitstimme\/"},{"@type":"ListItem","position":2,"name":"Versch\u00e4rft das Sparpaket die Energiearmut?"}]},{"@type":"WebSite","@id":"https:\/\/blog.zeit.de\/zweitstimme\/#website","url":"https:\/\/blog.zeit.de\/zweitstimme\/","name":"Zweitstimme","description":"Das Politik-Blog","potentialAction":[{"@type":"SearchAction","target":{"@type":"EntryPoint","urlTemplate":"https:\/\/blog.zeit.de\/zweitstimme\/?s={search_term_string}"},"query-input":"required name=search_term_string"}],"inLanguage":"de"},{"@type":"Person","@id":"https:\/\/blog.zeit.de\/zweitstimme\/#\/schema\/person\/e6b7c4470670190157877df51ee7bab8","name":"Christoph Str\u00fcnck","image":{"@type":"ImageObject","inLanguage":"de","@id":"https:\/\/blog.zeit.de\/zweitstimme\/#\/schema\/person\/image\/","url":"https:\/\/secure.gravatar.com\/avatar\/e5c1784b495cef0a2a20f11638596bb20631f90f71c1587a7b3e59b7709efdeb?s=96&d=mm&r=g","contentUrl":"https:\/\/secure.gravatar.com\/avatar\/e5c1784b495cef0a2a20f11638596bb20631f90f71c1587a7b3e59b7709efdeb?s=96&d=mm&r=g","caption":"Christoph Str\u00fcnck"},"url":"https:\/\/blog.zeit.de\/zweitstimme\/author\/christoph-struenck\/"}]}},"jetpack_featured_media_url":"","jetpack_sharing_enabled":true,"_links":{"self":[{"href":"https:\/\/blog.zeit.de\/zweitstimme\/wp-json\/wp\/v2\/posts\/2402","targetHints":{"allow":["GET"]}}],"collection":[{"href":"https:\/\/blog.zeit.de\/zweitstimme\/wp-json\/wp\/v2\/posts"}],"about":[{"href":"https:\/\/blog.zeit.de\/zweitstimme\/wp-json\/wp\/v2\/types\/post"}],"author":[{"embeddable":true,"href":"https:\/\/blog.zeit.de\/zweitstimme\/wp-json\/wp\/v2\/users\/210"}],"replies":[{"embeddable":true,"href":"https:\/\/blog.zeit.de\/zweitstimme\/wp-json\/wp\/v2\/comments?post=2402"}],"version-history":[{"count":0,"href":"https:\/\/blog.zeit.de\/zweitstimme\/wp-json\/wp\/v2\/posts\/2402\/revisions"}],"wp:attachment":[{"href":"https:\/\/blog.zeit.de\/zweitstimme\/wp-json\/wp\/v2\/media?parent=2402"}],"wp:term":[{"taxonomy":"category","embeddable":true,"href":"https:\/\/blog.zeit.de\/zweitstimme\/wp-json\/wp\/v2\/categories?post=2402"},{"taxonomy":"post_tag","embeddable":true,"href":"https:\/\/blog.zeit.de\/zweitstimme\/wp-json\/wp\/v2\/tags?post=2402"}],"curies":[{"name":"wp","href":"https:\/\/api.w.org\/{rel}","templated":true}]}}