{"id":2678,"date":"2010-11-29T23:26:05","date_gmt":"2010-11-29T22:26:05","guid":{"rendered":"http:\/\/blog.zeit.de\/politik-nach-zahlen\/?p=2678"},"modified":"2010-11-29T23:26:05","modified_gmt":"2010-11-29T22:26:05","slug":"2678","status":"publish","type":"post","link":"https:\/\/blog.zeit.de\/zweitstimme\/2010\/11\/29\/2678\/","title":{"rendered":"Das nicht allzu \u00fcberraschende vorzeitige Aus von Schwarz-Gr\u00fcn in Hamburg"},"content":{"rendered":"<p><a href=\"about#debus\"><img loading=\"lazy\" decoding=\"async\" class=\"alignleft size-medium wp-image-655\" src=\"https:\/\/blog.zeit.de\/wahlen-nach-zahlen\/files\/2009\/04\/debus1.jpg\" alt=\"\" width=\"100\" height=\"77\" \/><\/a>Die Koalition von Christdemokraten und der sich in Hamburg \u201eGr\u00fcn-Alternative Liste\u201c (GAL) nennenden Gr\u00fcnen funktionierte \u00fcber mehr als zwei Jahre relativ reibungslos. Ein Grund daf\u00fcr wird im guten Koalitionsklima gesehen, dass ma\u00dfgeblich durch die relevanten Personen in einer Koalition bestimmt wird: Mit Ole von Beust als dem Musterexemplar eines liberalen Christdemokraten konnten die Gr\u00fcnen in der Hansestadt vertrauensvoll regieren, was mit von Beusts Nachfolger, dem h\u00e4ufig \u201eLaw and Order\u201c-Mann bezeichneten Christoph Ahlhaus, von Beginn an wesentlich schwieriger war.<\/p>\n<p>Doch war nach der B\u00fcrgerschaftswahl vom Februar 2008 eine Koalition aus CDU und GAL \u00fcberhaupt das optimale Ergebnis des Koalitionsbildungsprozesses? Oder w\u00e4ren andere Parteienkombination, die sich aus der vier Fraktionen (CDU, SPD, GAL und Linke) umfassenden Hamburger B\u00fcrgerschaft h\u00e4tten ergeben k\u00f6nnten, von Anfang an wahrscheinlicher gewesen? Auf der Grundlage aller Regierungsbildungen in den Bundesl\u00e4ndern von 1990 bis zur Hamburg-Wahl im Februar 2008 lassen sich mit Hilfe statistischer Verfahren die Determinanten der Koalitionsbildung ermitteln und auf dieser Basis auch die Wahrscheinlichkeiten f\u00fcr alle potentiell m\u00f6glichen Koalitionen in der Hamburgischen B\u00fcrgerschaft f\u00fcr die Legislaturperiode von 2008 bis 2012 berechnen. Die Ergebnisse zeigen, dass \u201eSchwarz-Gr\u00fcn\u201c einen starken Konkurrenten hatte: gem\u00e4\u00df den in der Tabelle abgetragenen Wahrscheinlichkeiten war eine gro\u00dfe Koalition aus CDU und Sozialdemokraten mit einer Chance von 48,5% nur geringf\u00fcgig unwahrscheinlicher als ein B\u00fcndnis von Christdemokraten und GAL. Daran \u00e4ndert sich auch nichts, wenn man die Koalitionsaussage der SPD und ihres damaligen Spitzenkandidaten Michael Naumann, kein B\u00fcndnis mit der \u201eLinken\u201c einzugehen, nicht in der Analyse ber\u00fccksichtigt: Noch immer dominieren Schwarz-Gr\u00fcn und Schwarz-Rot das Koalitionsspiel.<\/p>\n<table>\n<tr>\n<th>Koalitionsoption<\/th>\n<th>SPD schlie\u00dft Koalition mit der \u201eLinken\u201c aus<\/th>\n<th>SPD schlie\u00dft Koalition mit der \u201eLinken\u201c nicht aus<\/th>\n<\/tr>\n<tr>\n<td>CDU und GAL<\/td>\n<td align=\"center\">48,9%<\/td>\n<td align=\"center\">42,2%<\/td>\n<\/tr>\n<tr>\n<td>CDU und SPD<\/td>\n<td align=\"center\">48,5%<\/td>\n<td align=\"center\">41,9%<\/td>\n<\/tr>\n<tr>\n<td>CDU-Minderheits-<br \/>regierung<\/td>\n<td align=\"center\">1,9%<\/td>\n<td align=\"center\">1,6%<\/td>\n<\/tr>\n<\/table>\n<p>&nbsp;<\/p>\n<p>Ein Grund f\u00fcr den \u201eGleichstand\u201c beider Parteikombinationen liegt in den programmatischen Unterschieden zwischen den Hamburger Parteien. Trotz der \u2013 im Vergleich zu anderen Landesverb\u00e4nden der Union \u2013 sehr moderat ausgerichteten Hamburger CDU waren die Schnittmengen zwischen GAL und Union aufgrund ihrer Wahlprogramme deutlich geringer als zwischen SPD und Gr\u00fcn-Alternativen. Dies gilt sowohl f\u00fcr wirtschafts- und sozialpolitische Fragen als auch f\u00fcr das Politikfeld Gesellschaft, das auch die insbesondere f\u00fcr Hamburg relevante Bildungspolitik mit abdeckt. Wenn sich die programmatischen Positionen von CDU und Gr\u00fcnen nicht ma\u00dfgeblich ann\u00e4hern, worauf momentan nichts hindeutet, dann wird Schwarz-Gr\u00fcn mittelfristig keine stabile Konstellation sein. Ob dies auch f\u00fcr \u201eJamaika-Koalitionen\u201c gilt, wird die Entwicklung des B\u00fcndnisses aus CDU, FDP und Gr\u00fcnen an der Saar in den kommenden Monaten zeigen.<\/p>\n","protected":false},"excerpt":{"rendered":"<p>Die Koalition von Christdemokraten und der sich in Hamburg \u201eGr\u00fcn-Alternative Liste\u201c (GAL) nennenden Gr\u00fcnen funktionierte \u00fcber mehr als zwei Jahre relativ reibungslos. Ein Grund daf\u00fcr wird im guten Koalitionsklima gesehen, dass ma\u00dfgeblich durch die relevanten Personen in einer Koalition bestimmt wird: Mit Ole von Beust als dem Musterexemplar eines liberalen Christdemokraten konnten die Gr\u00fcnen in [&hellip;]<\/p>\n","protected":false},"author":169,"featured_media":0,"comment_status":"open","ping_status":"closed","sticky":false,"template":"","format":"standard","meta":{"_jetpack_memberships_contains_paid_content":false,"footnotes":""},"categories":[1329,7112],"tags":[],"class_list":["post-2678","post","type-post","status-publish","format-standard","hentry","category-hamburg","category-wahlen-nach-zahlen"],"yoast_head":"<!-- This site is optimized with the Yoast SEO plugin v21.0 - https:\/\/yoast.com\/wordpress\/plugins\/seo\/ -->\n<title>Das nicht allzu \u00fcberraschende vorzeitige Aus von Schwarz-Gr\u00fcn in Hamburg - Zweitstimme<\/title>\n<meta name=\"robots\" content=\"index, follow, max-snippet:-1, max-image-preview:large, max-video-preview:-1\" \/>\n<link rel=\"canonical\" href=\"https:\/\/blog.zeit.de\/zweitstimme\/2010\/11\/29\/2678\/\" \/>\n<meta property=\"og:locale\" content=\"de_DE\" \/>\n<meta property=\"og:type\" content=\"article\" \/>\n<meta property=\"og:title\" content=\"Das nicht allzu \u00fcberraschende vorzeitige Aus von Schwarz-Gr\u00fcn in Hamburg - Zweitstimme\" \/>\n<meta property=\"og:description\" content=\"Die Koalition von Christdemokraten und der sich in Hamburg \u201eGr\u00fcn-Alternative Liste\u201c (GAL) nennenden Gr\u00fcnen funktionierte \u00fcber mehr als zwei Jahre relativ reibungslos. Ein Grund daf\u00fcr wird im guten Koalitionsklima gesehen, dass ma\u00dfgeblich durch die relevanten Personen in einer Koalition bestimmt wird: Mit Ole von Beust als dem Musterexemplar eines liberalen Christdemokraten konnten die Gr\u00fcnen in [&hellip;]\" \/>\n<meta property=\"og:url\" content=\"https:\/\/blog.zeit.de\/zweitstimme\/2010\/11\/29\/2678\/\" \/>\n<meta property=\"og:site_name\" content=\"Zweitstimme\" \/>\n<meta property=\"article:published_time\" content=\"2010-11-29T22:26:05+00:00\" \/>\n<meta property=\"og:image\" content=\"https:\/\/blog.zeit.de\/wahlen-nach-zahlen\/files\/2009\/04\/debus1.jpg\" \/>\n<meta name=\"author\" content=\"Marc Debus\" \/>\n<meta name=\"twitter:card\" content=\"summary_large_image\" \/>\n<meta name=\"twitter:label1\" content=\"Geschrieben von\" \/>\n\t<meta name=\"twitter:data1\" content=\"Marc Debus\" \/>\n\t<meta name=\"twitter:label2\" content=\"Gesch\u00e4tzte Lesezeit\" \/>\n\t<meta name=\"twitter:data2\" content=\"2\u00a0Minuten\" \/>\n<script type=\"application\/ld+json\" class=\"yoast-schema-graph\">{\"@context\":\"https:\/\/schema.org\",\"@graph\":[{\"@type\":\"WebPage\",\"@id\":\"https:\/\/blog.zeit.de\/zweitstimme\/2010\/11\/29\/2678\/\",\"url\":\"https:\/\/blog.zeit.de\/zweitstimme\/2010\/11\/29\/2678\/\",\"name\":\"Das nicht allzu \u00fcberraschende vorzeitige Aus von Schwarz-Gr\u00fcn in Hamburg - Zweitstimme\",\"isPartOf\":{\"@id\":\"https:\/\/blog.zeit.de\/zweitstimme\/#website\"},\"datePublished\":\"2010-11-29T22:26:05+00:00\",\"dateModified\":\"2010-11-29T22:26:05+00:00\",\"author\":{\"@id\":\"https:\/\/blog.zeit.de\/zweitstimme\/#\/schema\/person\/61560ac0208ae0124c757a3180c0fc2c\"},\"breadcrumb\":{\"@id\":\"https:\/\/blog.zeit.de\/zweitstimme\/2010\/11\/29\/2678\/#breadcrumb\"},\"inLanguage\":\"de\",\"potentialAction\":[{\"@type\":\"ReadAction\",\"target\":[\"https:\/\/blog.zeit.de\/zweitstimme\/2010\/11\/29\/2678\/\"]}]},{\"@type\":\"BreadcrumbList\",\"@id\":\"https:\/\/blog.zeit.de\/zweitstimme\/2010\/11\/29\/2678\/#breadcrumb\",\"itemListElement\":[{\"@type\":\"ListItem\",\"position\":1,\"name\":\"Startseite\",\"item\":\"https:\/\/blog.zeit.de\/zweitstimme\/\"},{\"@type\":\"ListItem\",\"position\":2,\"name\":\"Das nicht allzu \u00fcberraschende vorzeitige Aus von Schwarz-Gr\u00fcn in Hamburg\"}]},{\"@type\":\"WebSite\",\"@id\":\"https:\/\/blog.zeit.de\/zweitstimme\/#website\",\"url\":\"https:\/\/blog.zeit.de\/zweitstimme\/\",\"name\":\"Zweitstimme\",\"description\":\"Das Politik-Blog\",\"potentialAction\":[{\"@type\":\"SearchAction\",\"target\":{\"@type\":\"EntryPoint\",\"urlTemplate\":\"https:\/\/blog.zeit.de\/zweitstimme\/?s={search_term_string}\"},\"query-input\":\"required name=search_term_string\"}],\"inLanguage\":\"de\"},{\"@type\":\"Person\",\"@id\":\"https:\/\/blog.zeit.de\/zweitstimme\/#\/schema\/person\/61560ac0208ae0124c757a3180c0fc2c\",\"name\":\"Marc Debus\",\"image\":{\"@type\":\"ImageObject\",\"inLanguage\":\"de\",\"@id\":\"https:\/\/blog.zeit.de\/zweitstimme\/#\/schema\/person\/image\/\",\"url\":\"https:\/\/secure.gravatar.com\/avatar\/119f6114115e2acf1aded23ea1977a42451403ab379d68059afe72cd175d91fd?s=96&d=mm&r=g\",\"contentUrl\":\"https:\/\/secure.gravatar.com\/avatar\/119f6114115e2acf1aded23ea1977a42451403ab379d68059afe72cd175d91fd?s=96&d=mm&r=g\",\"caption\":\"Marc Debus\"},\"url\":\"https:\/\/blog.zeit.de\/zweitstimme\/author\/marc-debus\/\"}]}<\/script>\n<!-- \/ Yoast SEO plugin. -->","yoast_head_json":{"title":"Das nicht allzu \u00fcberraschende vorzeitige Aus von Schwarz-Gr\u00fcn in Hamburg - Zweitstimme","robots":{"index":"index","follow":"follow","max-snippet":"max-snippet:-1","max-image-preview":"max-image-preview:large","max-video-preview":"max-video-preview:-1"},"canonical":"https:\/\/blog.zeit.de\/zweitstimme\/2010\/11\/29\/2678\/","og_locale":"de_DE","og_type":"article","og_title":"Das nicht allzu \u00fcberraschende vorzeitige Aus von Schwarz-Gr\u00fcn in Hamburg - Zweitstimme","og_description":"Die Koalition von Christdemokraten und der sich in Hamburg \u201eGr\u00fcn-Alternative Liste\u201c (GAL) nennenden Gr\u00fcnen funktionierte \u00fcber mehr als zwei Jahre relativ reibungslos. Ein Grund daf\u00fcr wird im guten Koalitionsklima gesehen, dass ma\u00dfgeblich durch die relevanten Personen in einer Koalition bestimmt wird: Mit Ole von Beust als dem Musterexemplar eines liberalen Christdemokraten konnten die Gr\u00fcnen in [&hellip;]","og_url":"https:\/\/blog.zeit.de\/zweitstimme\/2010\/11\/29\/2678\/","og_site_name":"Zweitstimme","article_published_time":"2010-11-29T22:26:05+00:00","og_image":[{"url":"https:\/\/blog.zeit.de\/wahlen-nach-zahlen\/files\/2009\/04\/debus1.jpg"}],"author":"Marc Debus","twitter_card":"summary_large_image","twitter_misc":{"Geschrieben von":"Marc Debus","Gesch\u00e4tzte Lesezeit":"2\u00a0Minuten"},"schema":{"@context":"https:\/\/schema.org","@graph":[{"@type":"WebPage","@id":"https:\/\/blog.zeit.de\/zweitstimme\/2010\/11\/29\/2678\/","url":"https:\/\/blog.zeit.de\/zweitstimme\/2010\/11\/29\/2678\/","name":"Das nicht allzu \u00fcberraschende vorzeitige Aus von Schwarz-Gr\u00fcn in Hamburg - Zweitstimme","isPartOf":{"@id":"https:\/\/blog.zeit.de\/zweitstimme\/#website"},"datePublished":"2010-11-29T22:26:05+00:00","dateModified":"2010-11-29T22:26:05+00:00","author":{"@id":"https:\/\/blog.zeit.de\/zweitstimme\/#\/schema\/person\/61560ac0208ae0124c757a3180c0fc2c"},"breadcrumb":{"@id":"https:\/\/blog.zeit.de\/zweitstimme\/2010\/11\/29\/2678\/#breadcrumb"},"inLanguage":"de","potentialAction":[{"@type":"ReadAction","target":["https:\/\/blog.zeit.de\/zweitstimme\/2010\/11\/29\/2678\/"]}]},{"@type":"BreadcrumbList","@id":"https:\/\/blog.zeit.de\/zweitstimme\/2010\/11\/29\/2678\/#breadcrumb","itemListElement":[{"@type":"ListItem","position":1,"name":"Startseite","item":"https:\/\/blog.zeit.de\/zweitstimme\/"},{"@type":"ListItem","position":2,"name":"Das nicht allzu \u00fcberraschende vorzeitige Aus von Schwarz-Gr\u00fcn in Hamburg"}]},{"@type":"WebSite","@id":"https:\/\/blog.zeit.de\/zweitstimme\/#website","url":"https:\/\/blog.zeit.de\/zweitstimme\/","name":"Zweitstimme","description":"Das Politik-Blog","potentialAction":[{"@type":"SearchAction","target":{"@type":"EntryPoint","urlTemplate":"https:\/\/blog.zeit.de\/zweitstimme\/?s={search_term_string}"},"query-input":"required name=search_term_string"}],"inLanguage":"de"},{"@type":"Person","@id":"https:\/\/blog.zeit.de\/zweitstimme\/#\/schema\/person\/61560ac0208ae0124c757a3180c0fc2c","name":"Marc Debus","image":{"@type":"ImageObject","inLanguage":"de","@id":"https:\/\/blog.zeit.de\/zweitstimme\/#\/schema\/person\/image\/","url":"https:\/\/secure.gravatar.com\/avatar\/119f6114115e2acf1aded23ea1977a42451403ab379d68059afe72cd175d91fd?s=96&d=mm&r=g","contentUrl":"https:\/\/secure.gravatar.com\/avatar\/119f6114115e2acf1aded23ea1977a42451403ab379d68059afe72cd175d91fd?s=96&d=mm&r=g","caption":"Marc Debus"},"url":"https:\/\/blog.zeit.de\/zweitstimme\/author\/marc-debus\/"}]}},"jetpack_featured_media_url":"","jetpack_sharing_enabled":true,"_links":{"self":[{"href":"https:\/\/blog.zeit.de\/zweitstimme\/wp-json\/wp\/v2\/posts\/2678","targetHints":{"allow":["GET"]}}],"collection":[{"href":"https:\/\/blog.zeit.de\/zweitstimme\/wp-json\/wp\/v2\/posts"}],"about":[{"href":"https:\/\/blog.zeit.de\/zweitstimme\/wp-json\/wp\/v2\/types\/post"}],"author":[{"embeddable":true,"href":"https:\/\/blog.zeit.de\/zweitstimme\/wp-json\/wp\/v2\/users\/169"}],"replies":[{"embeddable":true,"href":"https:\/\/blog.zeit.de\/zweitstimme\/wp-json\/wp\/v2\/comments?post=2678"}],"version-history":[{"count":0,"href":"https:\/\/blog.zeit.de\/zweitstimme\/wp-json\/wp\/v2\/posts\/2678\/revisions"}],"wp:attachment":[{"href":"https:\/\/blog.zeit.de\/zweitstimme\/wp-json\/wp\/v2\/media?parent=2678"}],"wp:term":[{"taxonomy":"category","embeddable":true,"href":"https:\/\/blog.zeit.de\/zweitstimme\/wp-json\/wp\/v2\/categories?post=2678"},{"taxonomy":"post_tag","embeddable":true,"href":"https:\/\/blog.zeit.de\/zweitstimme\/wp-json\/wp\/v2\/tags?post=2678"}],"curies":[{"name":"wp","href":"https:\/\/api.w.org\/{rel}","templated":true}]}}