{"id":2764,"date":"2011-02-03T14:42:13","date_gmt":"2011-02-03T13:42:13","guid":{"rendered":"http:\/\/blog.zeit.de\/politik-nach-zahlen\/?p=2764"},"modified":"2011-02-03T14:42:13","modified_gmt":"2011-02-03T13:42:13","slug":"hamburg-ist-wahl-o-mat","status":"publish","type":"post","link":"https:\/\/blog.zeit.de\/zweitstimme\/2011\/02\/03\/hamburg-ist-wahl-o-mat\/","title":{"rendered":"Hamburg ist Wahl-o-mat"},"content":{"rendered":"<p><img loading=\"lazy\" decoding=\"async\" class=\"alignleft size-thumbnail wp-image-14\" src=\"https:\/\/blog.zeit.de\/wahlen-nach-zahlen\/files\/2009\/03\/faas1.jpg\" alt=\"\" width=\"100\" height=\"73\" \/>Es ist wieder soweit: Vorwahlzeit, <a href=\"http:\/\/www1.wahl-o-mat.de\/hamburg2011\/\">Wahl-o-mat<\/a>-Zeit. Dieses Mal ist Hamburg Wahl-o-mat. Und in den &#8222;sozialen Medien&#8220; dieses Internets h\u00e4ufen sich wieder die Meldungen: &#8222;Bei mir kam Partei x vor Partei y, wie kann das sein? Was ist mit mir los?&#8220;<br \/>\nVielleicht gar nichts. Vielleicht ist vielmehr mit Hamburg etwas los, zumindest mit den dortigen Parteien. Ein Blick auf den Wahl-o-mat hilft. Was haben die Parteien auf die 38 ihnen pr\u00e4sentierten Thesen geantwortet? Zu den Thesen geh\u00f6ren etwa Aussagen wie &#8222;In der Hamburger Wirtschaftspolitik soll der Hafen stets Vorrang haben&#8220; oder auch &#8222;In Hamburg soll keine Stadtbahn gebaut werden&#8220;. Wie schon bei <a href=\"https:\/\/blog.zeit.de\/politik-nach-zahlen\/2010\/04\/17\/wer-mit-wem-in-nrw-was-der-wahl-o-mat-sagt_2277\">fr\u00fcheren Wahlen<\/a> kann man n\u00e4mlich diese Antworten genauer anschauen und daraus einen Indexwert (*) ableiten, der anzeigt, wer wem wie nahesteht. Tut man dies f\u00fcr die f\u00fcnf Parteien, die in Hamburg eine Chance haben, in der kommenden B\u00fcrgerschaft vertreten zu sein, resultiert folgendes Bild:<\/p>\n<p><a href=\"https:\/\/blog.zeit.de\/zweitstimme\/files\/2011\/02\/hh.jpg\"><img loading=\"lazy\" decoding=\"async\" src=\"https:\/\/blog.zeit.de\/zweitstimme\/files\/2011\/02\/hh.jpg\" alt=\"\" width=\"481\" height=\"289\" class=\"aligncenter size-full wp-image-2765\" srcset=\"https:\/\/blog.zeit.de\/zweitstimme\/files\/2011\/02\/hh.jpg 481w, https:\/\/blog.zeit.de\/zweitstimme\/files\/2011\/02\/hh-300x180.jpg 300w\" sizes=\"auto, (max-width: 481px) 100vw, 481px\" \/><\/a><\/p>\n<p>Man hat den Eindruck, dass in Hamburg wirklich einiges los ist&#8230; das schwarz-gr\u00fcne B\u00fcndnis, aber auch sein Scheitern scheint die Parteienlandschaft erheblich durcheinander gew\u00fcrfelt zu haben.<\/p>\n<ul>\n<li>CDU und Gr\u00fcne\/GAL &#8211; bis vor kurzem noch eine einzige Koalitionsregierung &#8211; haben nur noch wenig gemeinsam. Nur CDU und Linke bzw. FDP und Linke eint inhaltlich noch weniger.<\/li>\n<li>SPD und Gr\u00fcne\/GAL &#8211; angeblich bald gemeinsam an der Regierung &#8211; haben allerdings auch noch wenig gemeinsam.\tDie Einigkeit der Sozialdemokraten sowohl mit den Christdemokraten als auch der FDP ist h\u00f6her.<\/li>\n<li>Auch SPD und FDP haben mehr gemeinsam als CDU und FDP.<\/li>\n<li>An der Spitze mit der h\u00f6chsten \u00dcbereinstimmung stehen Gr\u00fcne\/GAL und Linke.<\/li>\n<\/ul>\n<p>All das \u00fcberrascht. Knapp drei Wochen sind es noch bis zur Wahl. Ein spannender Wahlkampf steht uns bevor. Wenn man sich allerdings die Ergebnisse hier anschaut, dann wird die Zeit danach &#8211; wenn Koalitionen verhandelt werden &#8211; noch spannender.<\/p>\n<p>(*) Der Index berechnet sich wie folgt: F\u00fcr jedes Paar von Parteien wird \u00fcber alle 38 Thesen hinweg gez\u00e4hlt, wie oft die Parteien \u00fcbereinstimmen. Jede \u00dcbereinstimmung gibt einen Punkt, jede Kombination von \u201cstimme zu\u201d oder \u201cstimme nicht zu\u201d mit \u201cneutral\u201d einen halben Punkt. Addiert man diese Punkte zusammen und teilt die Summe durch 38 (die Zahl der Thesen), erh\u00e4lt man den Index. Die Annahme ist dabei nat\u00fcrlich, dass alle Thesen gleich wichtig sind.<\/p>\n","protected":false},"excerpt":{"rendered":"<p>Es ist wieder soweit: Vorwahlzeit, Wahl-o-mat-Zeit. Dieses Mal ist Hamburg Wahl-o-mat. Und in den &#8222;sozialen Medien&#8220; dieses Internets h\u00e4ufen sich wieder die Meldungen: &#8222;Bei mir kam Partei x vor Partei y, wie kann das sein? Was ist mit mir los?&#8220; Vielleicht gar nichts. Vielleicht ist vielmehr mit Hamburg etwas los, zumindest mit den dortigen Parteien. [&hellip;]<\/p>\n","protected":false},"author":159,"featured_media":0,"comment_status":"open","ping_status":"open","sticky":false,"template":"","format":"standard","meta":{"_jetpack_memberships_contains_paid_content":false,"footnotes":""},"categories":[1329,942,944,7112],"tags":[],"class_list":["post-2764","post","type-post","status-publish","format-standard","hentry","category-hamburg","category-koalitionen","category-parteien","category-wahlen-nach-zahlen"],"yoast_head":"<!-- This site is optimized with the Yoast SEO plugin v21.0 - https:\/\/yoast.com\/wordpress\/plugins\/seo\/ -->\n<title>Hamburg ist Wahl-o-mat - Zweitstimme<\/title>\n<meta name=\"robots\" content=\"index, follow, max-snippet:-1, max-image-preview:large, max-video-preview:-1\" \/>\n<link rel=\"canonical\" href=\"https:\/\/blog.zeit.de\/zweitstimme\/2011\/02\/03\/hamburg-ist-wahl-o-mat\/\" \/>\n<meta property=\"og:locale\" content=\"de_DE\" \/>\n<meta property=\"og:type\" content=\"article\" \/>\n<meta property=\"og:title\" content=\"Hamburg ist Wahl-o-mat - Zweitstimme\" \/>\n<meta property=\"og:description\" content=\"Es ist wieder soweit: Vorwahlzeit, Wahl-o-mat-Zeit. Dieses Mal ist Hamburg Wahl-o-mat. Und in den &#8222;sozialen Medien&#8220; dieses Internets h\u00e4ufen sich wieder die Meldungen: &#8222;Bei mir kam Partei x vor Partei y, wie kann das sein? Was ist mit mir los?&#8220; Vielleicht gar nichts. Vielleicht ist vielmehr mit Hamburg etwas los, zumindest mit den dortigen Parteien. [&hellip;]\" \/>\n<meta property=\"og:url\" content=\"https:\/\/blog.zeit.de\/zweitstimme\/2011\/02\/03\/hamburg-ist-wahl-o-mat\/\" \/>\n<meta property=\"og:site_name\" content=\"Zweitstimme\" \/>\n<meta property=\"article:published_time\" content=\"2011-02-03T13:42:13+00:00\" \/>\n<meta property=\"og:image\" content=\"https:\/\/blog.zeit.de\/wahlen-nach-zahlen\/files\/2009\/03\/faas1.jpg\" \/>\n<meta name=\"author\" content=\"Thorsten Faas\" \/>\n<meta name=\"twitter:card\" content=\"summary_large_image\" \/>\n<meta name=\"twitter:label1\" content=\"Geschrieben von\" \/>\n\t<meta name=\"twitter:data1\" content=\"Thorsten Faas\" \/>\n\t<meta name=\"twitter:label2\" content=\"Gesch\u00e4tzte Lesezeit\" \/>\n\t<meta name=\"twitter:data2\" content=\"2\u00a0Minuten\" \/>\n<script type=\"application\/ld+json\" class=\"yoast-schema-graph\">{\"@context\":\"https:\/\/schema.org\",\"@graph\":[{\"@type\":\"WebPage\",\"@id\":\"https:\/\/blog.zeit.de\/zweitstimme\/2011\/02\/03\/hamburg-ist-wahl-o-mat\/\",\"url\":\"https:\/\/blog.zeit.de\/zweitstimme\/2011\/02\/03\/hamburg-ist-wahl-o-mat\/\",\"name\":\"Hamburg ist Wahl-o-mat - Zweitstimme\",\"isPartOf\":{\"@id\":\"https:\/\/blog.zeit.de\/zweitstimme\/#website\"},\"datePublished\":\"2011-02-03T13:42:13+00:00\",\"dateModified\":\"2011-02-03T13:42:13+00:00\",\"author\":{\"@id\":\"https:\/\/blog.zeit.de\/zweitstimme\/#\/schema\/person\/c8966fcbefdbf5bc9b49e3fcb509ca30\"},\"breadcrumb\":{\"@id\":\"https:\/\/blog.zeit.de\/zweitstimme\/2011\/02\/03\/hamburg-ist-wahl-o-mat\/#breadcrumb\"},\"inLanguage\":\"de\",\"potentialAction\":[{\"@type\":\"ReadAction\",\"target\":[\"https:\/\/blog.zeit.de\/zweitstimme\/2011\/02\/03\/hamburg-ist-wahl-o-mat\/\"]}]},{\"@type\":\"BreadcrumbList\",\"@id\":\"https:\/\/blog.zeit.de\/zweitstimme\/2011\/02\/03\/hamburg-ist-wahl-o-mat\/#breadcrumb\",\"itemListElement\":[{\"@type\":\"ListItem\",\"position\":1,\"name\":\"Startseite\",\"item\":\"https:\/\/blog.zeit.de\/zweitstimme\/\"},{\"@type\":\"ListItem\",\"position\":2,\"name\":\"Hamburg ist Wahl-o-mat\"}]},{\"@type\":\"WebSite\",\"@id\":\"https:\/\/blog.zeit.de\/zweitstimme\/#website\",\"url\":\"https:\/\/blog.zeit.de\/zweitstimme\/\",\"name\":\"Zweitstimme\",\"description\":\"Das Politik-Blog\",\"potentialAction\":[{\"@type\":\"SearchAction\",\"target\":{\"@type\":\"EntryPoint\",\"urlTemplate\":\"https:\/\/blog.zeit.de\/zweitstimme\/?s={search_term_string}\"},\"query-input\":\"required name=search_term_string\"}],\"inLanguage\":\"de\"},{\"@type\":\"Person\",\"@id\":\"https:\/\/blog.zeit.de\/zweitstimme\/#\/schema\/person\/c8966fcbefdbf5bc9b49e3fcb509ca30\",\"name\":\"Thorsten Faas\",\"image\":{\"@type\":\"ImageObject\",\"inLanguage\":\"de\",\"@id\":\"https:\/\/blog.zeit.de\/zweitstimme\/#\/schema\/person\/image\/\",\"url\":\"https:\/\/secure.gravatar.com\/avatar\/9501ddb19f2d28bb4ec82b8e714dbc2a893d06a1c164d4ddf835eb929bbc84bb?s=96&d=mm&r=g\",\"contentUrl\":\"https:\/\/secure.gravatar.com\/avatar\/9501ddb19f2d28bb4ec82b8e714dbc2a893d06a1c164d4ddf835eb929bbc84bb?s=96&d=mm&r=g\",\"caption\":\"Thorsten Faas\"},\"url\":\"https:\/\/blog.zeit.de\/zweitstimme\/author\/thorsten-faas\/\"}]}<\/script>\n<!-- \/ Yoast SEO plugin. -->","yoast_head_json":{"title":"Hamburg ist Wahl-o-mat - Zweitstimme","robots":{"index":"index","follow":"follow","max-snippet":"max-snippet:-1","max-image-preview":"max-image-preview:large","max-video-preview":"max-video-preview:-1"},"canonical":"https:\/\/blog.zeit.de\/zweitstimme\/2011\/02\/03\/hamburg-ist-wahl-o-mat\/","og_locale":"de_DE","og_type":"article","og_title":"Hamburg ist Wahl-o-mat - Zweitstimme","og_description":"Es ist wieder soweit: Vorwahlzeit, Wahl-o-mat-Zeit. Dieses Mal ist Hamburg Wahl-o-mat. Und in den &#8222;sozialen Medien&#8220; dieses Internets h\u00e4ufen sich wieder die Meldungen: &#8222;Bei mir kam Partei x vor Partei y, wie kann das sein? Was ist mit mir los?&#8220; Vielleicht gar nichts. Vielleicht ist vielmehr mit Hamburg etwas los, zumindest mit den dortigen Parteien. [&hellip;]","og_url":"https:\/\/blog.zeit.de\/zweitstimme\/2011\/02\/03\/hamburg-ist-wahl-o-mat\/","og_site_name":"Zweitstimme","article_published_time":"2011-02-03T13:42:13+00:00","og_image":[{"url":"https:\/\/blog.zeit.de\/wahlen-nach-zahlen\/files\/2009\/03\/faas1.jpg"}],"author":"Thorsten Faas","twitter_card":"summary_large_image","twitter_misc":{"Geschrieben von":"Thorsten Faas","Gesch\u00e4tzte Lesezeit":"2\u00a0Minuten"},"schema":{"@context":"https:\/\/schema.org","@graph":[{"@type":"WebPage","@id":"https:\/\/blog.zeit.de\/zweitstimme\/2011\/02\/03\/hamburg-ist-wahl-o-mat\/","url":"https:\/\/blog.zeit.de\/zweitstimme\/2011\/02\/03\/hamburg-ist-wahl-o-mat\/","name":"Hamburg ist Wahl-o-mat - Zweitstimme","isPartOf":{"@id":"https:\/\/blog.zeit.de\/zweitstimme\/#website"},"datePublished":"2011-02-03T13:42:13+00:00","dateModified":"2011-02-03T13:42:13+00:00","author":{"@id":"https:\/\/blog.zeit.de\/zweitstimme\/#\/schema\/person\/c8966fcbefdbf5bc9b49e3fcb509ca30"},"breadcrumb":{"@id":"https:\/\/blog.zeit.de\/zweitstimme\/2011\/02\/03\/hamburg-ist-wahl-o-mat\/#breadcrumb"},"inLanguage":"de","potentialAction":[{"@type":"ReadAction","target":["https:\/\/blog.zeit.de\/zweitstimme\/2011\/02\/03\/hamburg-ist-wahl-o-mat\/"]}]},{"@type":"BreadcrumbList","@id":"https:\/\/blog.zeit.de\/zweitstimme\/2011\/02\/03\/hamburg-ist-wahl-o-mat\/#breadcrumb","itemListElement":[{"@type":"ListItem","position":1,"name":"Startseite","item":"https:\/\/blog.zeit.de\/zweitstimme\/"},{"@type":"ListItem","position":2,"name":"Hamburg ist Wahl-o-mat"}]},{"@type":"WebSite","@id":"https:\/\/blog.zeit.de\/zweitstimme\/#website","url":"https:\/\/blog.zeit.de\/zweitstimme\/","name":"Zweitstimme","description":"Das Politik-Blog","potentialAction":[{"@type":"SearchAction","target":{"@type":"EntryPoint","urlTemplate":"https:\/\/blog.zeit.de\/zweitstimme\/?s={search_term_string}"},"query-input":"required name=search_term_string"}],"inLanguage":"de"},{"@type":"Person","@id":"https:\/\/blog.zeit.de\/zweitstimme\/#\/schema\/person\/c8966fcbefdbf5bc9b49e3fcb509ca30","name":"Thorsten Faas","image":{"@type":"ImageObject","inLanguage":"de","@id":"https:\/\/blog.zeit.de\/zweitstimme\/#\/schema\/person\/image\/","url":"https:\/\/secure.gravatar.com\/avatar\/9501ddb19f2d28bb4ec82b8e714dbc2a893d06a1c164d4ddf835eb929bbc84bb?s=96&d=mm&r=g","contentUrl":"https:\/\/secure.gravatar.com\/avatar\/9501ddb19f2d28bb4ec82b8e714dbc2a893d06a1c164d4ddf835eb929bbc84bb?s=96&d=mm&r=g","caption":"Thorsten Faas"},"url":"https:\/\/blog.zeit.de\/zweitstimme\/author\/thorsten-faas\/"}]}},"jetpack_featured_media_url":"","jetpack_sharing_enabled":true,"_links":{"self":[{"href":"https:\/\/blog.zeit.de\/zweitstimme\/wp-json\/wp\/v2\/posts\/2764","targetHints":{"allow":["GET"]}}],"collection":[{"href":"https:\/\/blog.zeit.de\/zweitstimme\/wp-json\/wp\/v2\/posts"}],"about":[{"href":"https:\/\/blog.zeit.de\/zweitstimme\/wp-json\/wp\/v2\/types\/post"}],"author":[{"embeddable":true,"href":"https:\/\/blog.zeit.de\/zweitstimme\/wp-json\/wp\/v2\/users\/159"}],"replies":[{"embeddable":true,"href":"https:\/\/blog.zeit.de\/zweitstimme\/wp-json\/wp\/v2\/comments?post=2764"}],"version-history":[{"count":0,"href":"https:\/\/blog.zeit.de\/zweitstimme\/wp-json\/wp\/v2\/posts\/2764\/revisions"}],"wp:attachment":[{"href":"https:\/\/blog.zeit.de\/zweitstimme\/wp-json\/wp\/v2\/media?parent=2764"}],"wp:term":[{"taxonomy":"category","embeddable":true,"href":"https:\/\/blog.zeit.de\/zweitstimme\/wp-json\/wp\/v2\/categories?post=2764"},{"taxonomy":"post_tag","embeddable":true,"href":"https:\/\/blog.zeit.de\/zweitstimme\/wp-json\/wp\/v2\/tags?post=2764"}],"curies":[{"name":"wp","href":"https:\/\/api.w.org\/{rel}","templated":true}]}}