{"id":2783,"date":"2011-02-06T17:57:20","date_gmt":"2011-02-06T16:57:20","guid":{"rendered":"http:\/\/blog.zeit.de\/politik-nach-zahlen\/?p=2783"},"modified":"2011-02-06T17:57:20","modified_gmt":"2011-02-06T16:57:20","slug":"koalitionsszenarien-in-hamburg-ein-sozialliberales-revival","status":"publish","type":"post","link":"https:\/\/blog.zeit.de\/zweitstimme\/2011\/02\/06\/koalitionsszenarien-in-hamburg-ein-sozialliberales-revival\/","title":{"rendered":"Koalitionsszenarien in Hamburg: ein sozialliberales Revival?"},"content":{"rendered":"<p><a href=\"about#debus\"><img loading=\"lazy\" decoding=\"async\" class=\"alignleft size-medium wp-image-655\" src=\"https:\/\/blog.zeit.de\/wahlen-nach-zahlen\/files\/2009\/04\/debus1.jpg\" alt=\"\" width=\"100\" height=\"77\" \/><\/a>Der fr\u00fchere Hamburger B\u00fcrgermeister Henning Voscherau hat vor kurzem seiner Sozialdemokratischen Partei geraten, nach den am 20. Februar stattfindenden B\u00fcrgerschaftswahlen eine Koalition mit der FDP einzugehen. SPD und Liberale hatten die Hansestadt zuletzt von 1987 bis 1991 unter der F\u00fchrung Voscheraus regiert. Nach den Wahlen in diesem Jahr w\u00e4re eine solche Option nur dann \u00fcberhaupt m\u00f6glich, wenn die Freien Demokraten die 5%-H\u00fcrde knacken w\u00fcrden.<\/p>\n<p><a href=\"https:\/\/blog.zeit.de\/politik-nach-zahlen\/2011\/02\/03\/hamburg-ist-wahl-o-mat_2764\">Die von Thorsten Faas im Rahmen dieses Blogs vorgelegte Analyse der inhaltlichen Schnittmengen zwischen den Hamburger Parteien auf Basis des Wahl-O-Mats<\/a> deutet darauf hin, dass SPD und FDP gro\u00dfe inhaltliche Schnittmengen haben. Nun spielen aber f\u00fcr die Regierungsbildung in den deutschen Bundesl\u00e4ndern neben den inhaltlichen Positionen der Parteien und \u2013 nat\u00fcrlich \u2013 deren Sitzst\u00e4rke im Parlament auch bundespolitische Faktoren eine Rolle. So w\u00fcrde eine sozialliberale Koalition in Hamburg auf bundespolitischer Ebene der Opposition aus SPD, Gr\u00fcnen und Linken nicht allzu viel nutzen, da im Falle der Bildung einer SPD\/FDP-Koalition das Land Hamburg im Bundesrat zu den \u201eneutralen\u201c und nicht zu den von der Opposition kontrollierten L\u00e4ndern z\u00e4hlen w\u00fcrde. Gegeben dass die Hamburger B\u00fcrgerschaft aus f\u00fcnf Fraktionen \u2013 SPD, CDU, GAL, Linke und FDP \u2013 bestehen w\u00fcrde (was die Umfrage von Infratest-dimap vom 3. Februar andeutet), welche Koalition w\u00e4re dann das wahrscheinlichste Ergebnis des Regierungsbildungsprozesses?<\/p>\n<p>Auf der Grundlage eines Datensatzes, der die Ergebnisse aller Regierungsbildungsprozesse in den deutschen Bundesl\u00e4ndern seit 1990 umfasst, k\u00f6nnen mit statistischen Verfahren die Wahrscheinlichkeiten daf\u00fcr ermittelt werden, dass eine theoretisch m\u00f6gliche Parteienkombination schlussendlich auch die Regierung bildet. Dabei werden neben der St\u00e4rke der Parteien auch die inhaltlichen Distanzen zwischen den Parteien, ihre Koalitionsaussagen sowie die bundespolitischen Muster des Parteienwettbewerbs ber\u00fccksichtigt. L\u00e4sst man neben einer Koalition mit der Linken, die von SPD wie GAL ausgeschlossen wird, auch ein B\u00fcndnis zwischen Sozialdemokraten und CDU, dass die SPD ebenfalls ablehnt, bei der Berechnung au\u00dfer acht, dann dominiert eindeutig Rot-Gr\u00fcn das Bild: Die Wahrscheinlichkeit einer Koalition aus SPD und GAL liegt bei 78%, wohingegen die Chancen f\u00fcr ein sozialliberales B\u00fcndnis nur 19% betragen (die angenommene Sitzverteilung in der B\u00fcrgerschaft ergibt sich anhand der <a href=\"http:\/\/www.infratest-dimap.de\/umfragen-analysen\/bundeslaender\/hamburg\/laendertrend\/2011\/februar\/\">Umfrageergebnisse von Infratest-dimap vom 3. Februar<\/a>).<\/p>\n<p>Worin liegen die Ursachen f\u00fcr die sehr hohe Wahrscheinlichkeit der Bildung einer rot-gr\u00fcnen Koalition in Hamburg nach den Wahlen vom 20. Februar 2011? Ein Grund ist die \u2013 trotz einer leichten Bewegung der FDP in die programmatische Mitte, siehe die Abbildung unten \u2013 noch immer sehr gro\u00dfe Distanz zwischen SPD und Liberalen in wirtschafts- und sozialpolitischen Fragen. Ein weiterer Faktor ist die fehlende Kongruenz einer sozialliberalen Koalition in Hamburg zu der Zusammensetzung von Regierung und Opposition auf Bundesebene. W\u00fcrde man den bundespolitischen Einflussfaktor nicht ber\u00fccksichtigen, dann w\u00fcrde die Chance f\u00fcr die Bildung von Rot-Gelb jedoch nur leicht auf knapp 25% ansteigen. Rot-Gr\u00fcn w\u00fcrde mit einer Wahrscheinlichkeit von 72% noch immer weit vorne liegen. Von daher d\u00fcrften wohl Henning Voscheraus W\u00fcnsche nach einem sozialliberalen Revival in der Hansestadt nicht Realit\u00e4t werden. Ein Trostpflaster d\u00fcrfte jedoch sein, dass seine SPD auf jeden Fall wieder regieren und als st\u00e4rkste Partei den Ersten B\u00fcrgermeister und Senatspr\u00e4sidenten stellen wird.<\/p>\n<p><a href=\"https:\/\/blog.zeit.de\/zweitstimme\/files\/2011\/02\/hamburg_parteipositionen_2008-2011.jpg\"><img decoding=\"async\" src=\"https:\/\/blog.zeit.de\/zweitstimme\/files\/2011\/02\/hamburg_parteipositionen_2008-2011.jpg\" alt=\"\" width=\"500\" class=\"aligncenter size-full wp-image-2784\" srcset=\"https:\/\/blog.zeit.de\/zweitstimme\/files\/2011\/02\/hamburg_parteipositionen_2008-2011.jpg 600w, https:\/\/blog.zeit.de\/zweitstimme\/files\/2011\/02\/hamburg_parteipositionen_2008-2011-300x218.jpg 300w\" sizes=\"(max-width: 600px) 100vw, 600px\" \/><\/a><\/p>\n","protected":false},"excerpt":{"rendered":"<p>Der fr\u00fchere Hamburger B\u00fcrgermeister Henning Voscherau hat vor kurzem seiner Sozialdemokratischen Partei geraten, nach den am 20. Februar stattfindenden B\u00fcrgerschaftswahlen eine Koalition mit der FDP einzugehen. SPD und Liberale hatten die Hansestadt zuletzt von 1987 bis 1991 unter der F\u00fchrung Voscheraus regiert. Nach den Wahlen in diesem Jahr w\u00e4re eine solche Option nur dann \u00fcberhaupt [&hellip;]<\/p>\n","protected":false},"author":169,"featured_media":0,"comment_status":"open","ping_status":"closed","sticky":false,"template":"","format":"standard","meta":{"_jetpack_memberships_contains_paid_content":false,"footnotes":""},"categories":[1329,942,7112],"tags":[],"class_list":["post-2783","post","type-post","status-publish","format-standard","hentry","category-hamburg","category-koalitionen","category-wahlen-nach-zahlen"],"yoast_head":"<!-- This site is optimized with the Yoast SEO plugin v21.0 - https:\/\/yoast.com\/wordpress\/plugins\/seo\/ -->\n<title>Koalitionsszenarien in Hamburg: ein sozialliberales Revival? - Zweitstimme<\/title>\n<meta name=\"robots\" content=\"index, follow, max-snippet:-1, max-image-preview:large, max-video-preview:-1\" \/>\n<link rel=\"canonical\" href=\"https:\/\/blog.zeit.de\/zweitstimme\/2011\/02\/06\/koalitionsszenarien-in-hamburg-ein-sozialliberales-revival\/\" \/>\n<meta property=\"og:locale\" content=\"de_DE\" \/>\n<meta property=\"og:type\" content=\"article\" \/>\n<meta property=\"og:title\" content=\"Koalitionsszenarien in Hamburg: ein sozialliberales Revival? - Zweitstimme\" \/>\n<meta property=\"og:description\" content=\"Der fr\u00fchere Hamburger B\u00fcrgermeister Henning Voscherau hat vor kurzem seiner Sozialdemokratischen Partei geraten, nach den am 20. Februar stattfindenden B\u00fcrgerschaftswahlen eine Koalition mit der FDP einzugehen. SPD und Liberale hatten die Hansestadt zuletzt von 1987 bis 1991 unter der F\u00fchrung Voscheraus regiert. Nach den Wahlen in diesem Jahr w\u00e4re eine solche Option nur dann \u00fcberhaupt [&hellip;]\" \/>\n<meta property=\"og:url\" content=\"https:\/\/blog.zeit.de\/zweitstimme\/2011\/02\/06\/koalitionsszenarien-in-hamburg-ein-sozialliberales-revival\/\" \/>\n<meta property=\"og:site_name\" content=\"Zweitstimme\" \/>\n<meta property=\"article:published_time\" content=\"2011-02-06T16:57:20+00:00\" \/>\n<meta property=\"og:image\" content=\"https:\/\/blog.zeit.de\/wahlen-nach-zahlen\/files\/2009\/04\/debus1.jpg\" \/>\n<meta name=\"author\" content=\"Marc Debus\" \/>\n<meta name=\"twitter:card\" content=\"summary_large_image\" \/>\n<meta name=\"twitter:label1\" content=\"Geschrieben von\" \/>\n\t<meta name=\"twitter:data1\" content=\"Marc Debus\" \/>\n\t<meta name=\"twitter:label2\" content=\"Gesch\u00e4tzte Lesezeit\" \/>\n\t<meta name=\"twitter:data2\" content=\"3\u00a0Minuten\" \/>\n<script type=\"application\/ld+json\" class=\"yoast-schema-graph\">{\"@context\":\"https:\/\/schema.org\",\"@graph\":[{\"@type\":\"WebPage\",\"@id\":\"https:\/\/blog.zeit.de\/zweitstimme\/2011\/02\/06\/koalitionsszenarien-in-hamburg-ein-sozialliberales-revival\/\",\"url\":\"https:\/\/blog.zeit.de\/zweitstimme\/2011\/02\/06\/koalitionsszenarien-in-hamburg-ein-sozialliberales-revival\/\",\"name\":\"Koalitionsszenarien in Hamburg: ein sozialliberales Revival? - Zweitstimme\",\"isPartOf\":{\"@id\":\"https:\/\/blog.zeit.de\/zweitstimme\/#website\"},\"datePublished\":\"2011-02-06T16:57:20+00:00\",\"dateModified\":\"2011-02-06T16:57:20+00:00\",\"author\":{\"@id\":\"https:\/\/blog.zeit.de\/zweitstimme\/#\/schema\/person\/61560ac0208ae0124c757a3180c0fc2c\"},\"breadcrumb\":{\"@id\":\"https:\/\/blog.zeit.de\/zweitstimme\/2011\/02\/06\/koalitionsszenarien-in-hamburg-ein-sozialliberales-revival\/#breadcrumb\"},\"inLanguage\":\"de\",\"potentialAction\":[{\"@type\":\"ReadAction\",\"target\":[\"https:\/\/blog.zeit.de\/zweitstimme\/2011\/02\/06\/koalitionsszenarien-in-hamburg-ein-sozialliberales-revival\/\"]}]},{\"@type\":\"BreadcrumbList\",\"@id\":\"https:\/\/blog.zeit.de\/zweitstimme\/2011\/02\/06\/koalitionsszenarien-in-hamburg-ein-sozialliberales-revival\/#breadcrumb\",\"itemListElement\":[{\"@type\":\"ListItem\",\"position\":1,\"name\":\"Startseite\",\"item\":\"https:\/\/blog.zeit.de\/zweitstimme\/\"},{\"@type\":\"ListItem\",\"position\":2,\"name\":\"Koalitionsszenarien in Hamburg: ein sozialliberales Revival?\"}]},{\"@type\":\"WebSite\",\"@id\":\"https:\/\/blog.zeit.de\/zweitstimme\/#website\",\"url\":\"https:\/\/blog.zeit.de\/zweitstimme\/\",\"name\":\"Zweitstimme\",\"description\":\"Das Politik-Blog\",\"potentialAction\":[{\"@type\":\"SearchAction\",\"target\":{\"@type\":\"EntryPoint\",\"urlTemplate\":\"https:\/\/blog.zeit.de\/zweitstimme\/?s={search_term_string}\"},\"query-input\":\"required name=search_term_string\"}],\"inLanguage\":\"de\"},{\"@type\":\"Person\",\"@id\":\"https:\/\/blog.zeit.de\/zweitstimme\/#\/schema\/person\/61560ac0208ae0124c757a3180c0fc2c\",\"name\":\"Marc Debus\",\"image\":{\"@type\":\"ImageObject\",\"inLanguage\":\"de\",\"@id\":\"https:\/\/blog.zeit.de\/zweitstimme\/#\/schema\/person\/image\/\",\"url\":\"https:\/\/secure.gravatar.com\/avatar\/119f6114115e2acf1aded23ea1977a42451403ab379d68059afe72cd175d91fd?s=96&d=mm&r=g\",\"contentUrl\":\"https:\/\/secure.gravatar.com\/avatar\/119f6114115e2acf1aded23ea1977a42451403ab379d68059afe72cd175d91fd?s=96&d=mm&r=g\",\"caption\":\"Marc Debus\"},\"url\":\"https:\/\/blog.zeit.de\/zweitstimme\/author\/marc-debus\/\"}]}<\/script>\n<!-- \/ Yoast SEO plugin. -->","yoast_head_json":{"title":"Koalitionsszenarien in Hamburg: ein sozialliberales Revival? - Zweitstimme","robots":{"index":"index","follow":"follow","max-snippet":"max-snippet:-1","max-image-preview":"max-image-preview:large","max-video-preview":"max-video-preview:-1"},"canonical":"https:\/\/blog.zeit.de\/zweitstimme\/2011\/02\/06\/koalitionsszenarien-in-hamburg-ein-sozialliberales-revival\/","og_locale":"de_DE","og_type":"article","og_title":"Koalitionsszenarien in Hamburg: ein sozialliberales Revival? - Zweitstimme","og_description":"Der fr\u00fchere Hamburger B\u00fcrgermeister Henning Voscherau hat vor kurzem seiner Sozialdemokratischen Partei geraten, nach den am 20. Februar stattfindenden B\u00fcrgerschaftswahlen eine Koalition mit der FDP einzugehen. SPD und Liberale hatten die Hansestadt zuletzt von 1987 bis 1991 unter der F\u00fchrung Voscheraus regiert. Nach den Wahlen in diesem Jahr w\u00e4re eine solche Option nur dann \u00fcberhaupt [&hellip;]","og_url":"https:\/\/blog.zeit.de\/zweitstimme\/2011\/02\/06\/koalitionsszenarien-in-hamburg-ein-sozialliberales-revival\/","og_site_name":"Zweitstimme","article_published_time":"2011-02-06T16:57:20+00:00","og_image":[{"url":"https:\/\/blog.zeit.de\/wahlen-nach-zahlen\/files\/2009\/04\/debus1.jpg"}],"author":"Marc Debus","twitter_card":"summary_large_image","twitter_misc":{"Geschrieben von":"Marc Debus","Gesch\u00e4tzte Lesezeit":"3\u00a0Minuten"},"schema":{"@context":"https:\/\/schema.org","@graph":[{"@type":"WebPage","@id":"https:\/\/blog.zeit.de\/zweitstimme\/2011\/02\/06\/koalitionsszenarien-in-hamburg-ein-sozialliberales-revival\/","url":"https:\/\/blog.zeit.de\/zweitstimme\/2011\/02\/06\/koalitionsszenarien-in-hamburg-ein-sozialliberales-revival\/","name":"Koalitionsszenarien in Hamburg: ein sozialliberales Revival? - Zweitstimme","isPartOf":{"@id":"https:\/\/blog.zeit.de\/zweitstimme\/#website"},"datePublished":"2011-02-06T16:57:20+00:00","dateModified":"2011-02-06T16:57:20+00:00","author":{"@id":"https:\/\/blog.zeit.de\/zweitstimme\/#\/schema\/person\/61560ac0208ae0124c757a3180c0fc2c"},"breadcrumb":{"@id":"https:\/\/blog.zeit.de\/zweitstimme\/2011\/02\/06\/koalitionsszenarien-in-hamburg-ein-sozialliberales-revival\/#breadcrumb"},"inLanguage":"de","potentialAction":[{"@type":"ReadAction","target":["https:\/\/blog.zeit.de\/zweitstimme\/2011\/02\/06\/koalitionsszenarien-in-hamburg-ein-sozialliberales-revival\/"]}]},{"@type":"BreadcrumbList","@id":"https:\/\/blog.zeit.de\/zweitstimme\/2011\/02\/06\/koalitionsszenarien-in-hamburg-ein-sozialliberales-revival\/#breadcrumb","itemListElement":[{"@type":"ListItem","position":1,"name":"Startseite","item":"https:\/\/blog.zeit.de\/zweitstimme\/"},{"@type":"ListItem","position":2,"name":"Koalitionsszenarien in Hamburg: ein sozialliberales Revival?"}]},{"@type":"WebSite","@id":"https:\/\/blog.zeit.de\/zweitstimme\/#website","url":"https:\/\/blog.zeit.de\/zweitstimme\/","name":"Zweitstimme","description":"Das Politik-Blog","potentialAction":[{"@type":"SearchAction","target":{"@type":"EntryPoint","urlTemplate":"https:\/\/blog.zeit.de\/zweitstimme\/?s={search_term_string}"},"query-input":"required name=search_term_string"}],"inLanguage":"de"},{"@type":"Person","@id":"https:\/\/blog.zeit.de\/zweitstimme\/#\/schema\/person\/61560ac0208ae0124c757a3180c0fc2c","name":"Marc Debus","image":{"@type":"ImageObject","inLanguage":"de","@id":"https:\/\/blog.zeit.de\/zweitstimme\/#\/schema\/person\/image\/","url":"https:\/\/secure.gravatar.com\/avatar\/119f6114115e2acf1aded23ea1977a42451403ab379d68059afe72cd175d91fd?s=96&d=mm&r=g","contentUrl":"https:\/\/secure.gravatar.com\/avatar\/119f6114115e2acf1aded23ea1977a42451403ab379d68059afe72cd175d91fd?s=96&d=mm&r=g","caption":"Marc Debus"},"url":"https:\/\/blog.zeit.de\/zweitstimme\/author\/marc-debus\/"}]}},"jetpack_featured_media_url":"","jetpack_sharing_enabled":true,"_links":{"self":[{"href":"https:\/\/blog.zeit.de\/zweitstimme\/wp-json\/wp\/v2\/posts\/2783","targetHints":{"allow":["GET"]}}],"collection":[{"href":"https:\/\/blog.zeit.de\/zweitstimme\/wp-json\/wp\/v2\/posts"}],"about":[{"href":"https:\/\/blog.zeit.de\/zweitstimme\/wp-json\/wp\/v2\/types\/post"}],"author":[{"embeddable":true,"href":"https:\/\/blog.zeit.de\/zweitstimme\/wp-json\/wp\/v2\/users\/169"}],"replies":[{"embeddable":true,"href":"https:\/\/blog.zeit.de\/zweitstimme\/wp-json\/wp\/v2\/comments?post=2783"}],"version-history":[{"count":0,"href":"https:\/\/blog.zeit.de\/zweitstimme\/wp-json\/wp\/v2\/posts\/2783\/revisions"}],"wp:attachment":[{"href":"https:\/\/blog.zeit.de\/zweitstimme\/wp-json\/wp\/v2\/media?parent=2783"}],"wp:term":[{"taxonomy":"category","embeddable":true,"href":"https:\/\/blog.zeit.de\/zweitstimme\/wp-json\/wp\/v2\/categories?post=2783"},{"taxonomy":"post_tag","embeddable":true,"href":"https:\/\/blog.zeit.de\/zweitstimme\/wp-json\/wp\/v2\/tags?post=2783"}],"curies":[{"name":"wp","href":"https:\/\/api.w.org\/{rel}","templated":true}]}}