{"id":3129,"date":"2011-06-29T09:30:42","date_gmt":"2011-06-29T07:30:42","guid":{"rendered":"http:\/\/blog.zeit.de\/zweitstimme\/?p=3129"},"modified":"2011-06-28T15:27:01","modified_gmt":"2011-06-28T13:27:01","slug":"alle-an-bord-ein-blick-auf-den-frauenanteil-in-der-deutschen-politik","status":"publish","type":"post","link":"https:\/\/blog.zeit.de\/zweitstimme\/2011\/06\/29\/alle-an-bord-ein-blick-auf-den-frauenanteil-in-der-deutschen-politik\/","title":{"rendered":"Alle an Bord? Ein Blick auf den Frauenanteil in der deutschen Politik"},"content":{"rendered":"<p>Am 30. Juni wird die neue Bremer Landesregierung vereidigt. Wie bereits in der Vorg\u00e4ngerregierung wird die H\u00e4lfte des achtk\u00f6pfigen Bremer Senats weiblich besetzt sein. Bis 2010 stellte dieser Umstand noch ein Alleinstellungsmerkmal unter den deutschen Bundesl\u00e4ndern dar. Dann jedoch kam mit dem Regierungswechsel in Nordrhein-Westfalen und dem Kabinett von Hannelore Kraft eine weitere Landesregierung mit 50 Prozent weiblicher Beteiligung hinzu. Und seit dem 18. Mai 2011 regiert in Rheinland-Pfalz ein Kabinett, in dem der Frauenanteil trotz m\u00e4nnlichem Ministerpr\u00e4sidenten sogar bei 60 Prozent liegt (jeweils ohne Staatssekret\u00e4re). Zudem \u00fcbernimmt am 10. August 2011 im Saarland die bisherige Arbeits- und Sozialministerin Annegret Kramp-Karrenbauer die Regierungsf\u00fchrung von Peter M\u00fcller. Damit steigt die Zahl der Ministerpr\u00e4sidentinnen in Deutschland auf drei \u2013 so viel wie nie zuvor. Zeit, um einen etwas genaueren Blick auf den aktuellen Frauenanteil in der deutschen Politik zu werfen.<\/p>\n<p>Beginnt man mit einer Betrachtung des deutschen Bundestags und seiner Abgeordneten, so l\u00e4sst sich feststellen, dass der <a href=\"http:\/\/www.bundestag.de\/dokumente\/textarchiv\/2010\/27411088_wahlperioden09\/statistik_download.pdf\">Frauenanteil hier seit der Bundestagswahl 1998 <\/a>relativ stabil bei etwa einem Drittel der Bundestagsabgeordneten liegt. Allerdings zeigen sich deutliche Unterschiede zwischen den verschiedenen Parteien (vgl. Abbildung 1): So liegt der Frauenanteil bei der CSU bei lediglich 13,6 Prozent, bei den Gr\u00fcnen und der Linken hingegen bei \u00fcber 50 Prozent. Die FDP belegt mit 25,8 Prozent den vierten Platz hinter der SPD (37,7 Prozent) und knapp vor der CDU (20,2 Prozent). Ein sehr \u00e4hnlicher Befund ergibt sich bei einer Betrachtung der durchschnittlichen Frauenanteile in den Fraktionen auf L\u00e4nderebene (vgl. ebenfalls Abbildung 1). Zu deutlichen Abweichungen zwischen Bundes- und Landesebene kommt es lediglich bei zwei Parteien: So liegt der Frauenanteil bei der CSU im bayerischen Landtag um etwa sieben Prozentpunkte h\u00f6her als im Bundestag, in den Landtagsfraktionen der Linken hingegen liegt der mittlere Frauenanteil etwa acht Prozentpunkte niedriger als im Bundestag.<\/p>\n<p style=\"padding-top: 30px;\">Abbildung 1: Frauenanteil Abgeordnete<\/p>\n<p><a href=\"https:\/\/blog.zeit.de\/zweitstimme\/files\/2011\/06\/abb1_frauenanteil_abgeordnete.jpg\"><img loading=\"lazy\" decoding=\"async\" class=\"alignnone size-full wp-image-3130\" title=\"Frauenanteil Abgeordnete\" src=\"https:\/\/blog.zeit.de\/zweitstimme\/files\/2011\/06\/abb1_frauenanteil_abgeordnete.jpg\" alt=\"\" width=\"540\" height=\"354\" srcset=\"https:\/\/blog.zeit.de\/zweitstimme\/files\/2011\/06\/abb1_frauenanteil_abgeordnete.jpg 656w, https:\/\/blog.zeit.de\/zweitstimme\/files\/2011\/06\/abb1_frauenanteil_abgeordnete-300x196.jpg 300w\" sizes=\"auto, (max-width: 540px) 100vw, 540px\" \/><\/a><\/p>\n<p style=\"padding-top: 30px;\">Betrachtet man in einem zweiten Schritt den Frauenanteil bei den politischen Spitzen\u00e4mtern in Deutschland, so zeigt sich, dass der Anteil bei den Parteivorsitzenden der Bundestagsparteien deutlich \u00fcber dem Anteil bei den Fraktionsvorsitzenden im Bundestag liegt: Drei der sieben Parteivorsitzenden sind Frauen (43 Prozent), aber nur eine der sechs Fraktionsvorsitzenden (17 Prozent). Dabei ist jedoch zu beachten, dass sich mit Ausnahme von Angela Merkel, der Parteivorsitzenden der CDU, alle weiblichen Fraktions- und Parteivorsitzenden die Leitungsfunktion mit einem m\u00e4nnlichen Co-Vorsitzenden teilen. Unter den insgesamt 15 deutschen Bundesministern finden sich f\u00fcnf Frauen (33 Prozent). Der Frauenanteil bei den sieben CDU-Ministerien (43 Prozent) liegt hierbei h\u00f6her als bei den drei CSU-Ministerien (33 Prozent) und den f\u00fcnf FDP-Ministerien (20 Prozent). Durch Angela Merkel als Bundeskanzlerin ergibt sich im Bundeskabinett insgesamt ein Frauenanteil von 38 Prozent.<\/p>\n<p style=\"padding-top: 30px;\">Abbildung 2: Frauenanteil Spitzen\u00e4mter<br \/>\n<a href=\"https:\/\/blog.zeit.de\/zweitstimme\/files\/2011\/06\/abb2_frauenanteil_spitzenaemter.jpg\"><img loading=\"lazy\" decoding=\"async\" class=\"alignnone size-full wp-image-3131\" title=\"Frauenanteil Spitzenaemter\" src=\"https:\/\/blog.zeit.de\/zweitstimme\/files\/2011\/06\/abb2_frauenanteil_spitzenaemter.jpg\" alt=\"\" width=\"540\" height=\"279\" srcset=\"https:\/\/blog.zeit.de\/zweitstimme\/files\/2011\/06\/abb2_frauenanteil_spitzenaemter.jpg 812w, https:\/\/blog.zeit.de\/zweitstimme\/files\/2011\/06\/abb2_frauenanteil_spitzenaemter-300x154.jpg 300w\" sizes=\"auto, (max-width: 540px) 100vw, 540px\" \/><\/a><br \/>\n(Graphik anklicken f\u00fcr gr\u00f6\u00dfere Darstellung)<\/p>\n<p style=\"padding-top: 30px;\">Bei einem Blick auf die Besetzung der politischen Spitzen\u00e4mter auf L\u00e4nderebene zeigt sich, dass der Frauenanteil eher niedriger ausf\u00e4llt als im Bundestag (vgl. Abbildung 2). Besonders deutlich zeigt sich dieser Befund bei der SPD: Hier findet sich unter den insgesamt 32 Partei- und Fraktionsvorsitzenden in den L\u00e4ndern nur eine einzige Frau (Katrin Budde, Partei- und Fraktionsvorsitzende in Sachsen-Anhalt). \u00c4hnlich niedrig f\u00e4llt der Frauenanteil in den F\u00fchrungspositionen der FDP aus: 15,4 Prozent bei den Parteivorsitzenden, 7,7 Prozent bei den Fraktionsvorsitzenden und nur 5,6 Prozent bei den Ministerposten. Im Gegensatz dazu stellen Frauen bei den Parteivorsitzenden der Gr\u00fcnen in den L\u00e4ndern sogar die Mehrheit (60 Prozent), ebenso wie bei den Ministerposten (61,3 Prozent). Auch bei der Linken sind Frauen bei den Ministerposten (45,8 Prozent) und den Fraktionsvorsitzenden (38,5 Prozent) vergleichsweise stark vertreten. Betrachtet man dieselben Daten nach L\u00e4ndern (vgl. Abbildung 3), so f\u00e4llt insbesondere auf, dass in zwei L\u00e4ndern (Mecklenburg-Vorpommern, Saarland) kein einziger Fraktionsvorsitz weiblich besetzt ist.<\/p>\n<p style=\"padding-top: 30px;\">Abbildung 3: Frauenanteil Parlamente<br \/>\n<a href=\"https:\/\/blog.zeit.de\/zweitstimme\/files\/2011\/06\/abb3_frauenanteil_parlamente.jpg\"><img loading=\"lazy\" decoding=\"async\" class=\"alignnone size-full wp-image-3132\" title=\"Frauenanteil Parlamente\" src=\"https:\/\/blog.zeit.de\/zweitstimme\/files\/2011\/06\/abb3_frauenanteil_parlamente.jpg\" alt=\"\" width=\"540\" height=\"281\" srcset=\"https:\/\/blog.zeit.de\/zweitstimme\/files\/2011\/06\/abb3_frauenanteil_parlamente.jpg 872w, https:\/\/blog.zeit.de\/zweitstimme\/files\/2011\/06\/abb3_frauenanteil_parlamente-300x155.jpg 300w\" sizes=\"auto, (max-width: 540px) 100vw, 540px\" \/><\/a><br \/>\n(Graphik anklicken f\u00fcr gr\u00f6\u00dfere Darstellung)<\/p>\n<p style=\"padding-top: 30px;\">Fazit: Eine \u201egl\u00e4serne Decke\u201c zeigt sich bei den politischen Spitzen\u00e4mtern in Deutschland insbesondere bei der Besetzung von Fraktions- und Parteivorsitz. Besonders deutlich kommt dies \u2013 auf Parteienebene \u2013 bei SPD und FDP bzw. \u2013 auf L\u00e4nderebene \u2013 in Berlin, Mecklenburg-Vorpommern und Sachsen zum Vorschein. Beim Anteil der weiblichen Abgeordneten hingegen schneiden CDU, CSU und FDP bzw. Baden-W\u00fcrttemberg (18,1 Prozent), Hessen (23,7 Prozent) und Mecklenburg-Vorpommern (22,5 Prozent) besonders schlecht ab. Selbst wenn man den <a href=\"http:\/\/www.bmfsfj.de\/Publikationen\/genderreport\/6-Politische-partizipation-und-buergerschaftliches-engagement\/6-4-Frauen-und-maenner-in-der-institutionalisierten-interessenvertretung\/6-4-2-parteimitgliedschaften-und-parteiaemter.html\">Frauenanteil innerhalb der jeweiligen Parteien<\/a> als Ma\u00dfstab heranzieht (und nicht den <a href=\"http:\/\/www.bundeswahlleiter.de\/de\/bundestagswahlen\/BTW_BUND_09\/veroeffentlichungen\/repraesentative\/index.html\">Frauenanteil an der bundesdeutschen W\u00e4hlerschaft<\/a>, f\u00e4llt das Urteil deshalb eindeutig aus: Von einer angemessenen Repr\u00e4sentation der Frauen in der deutschen Politik kann nach wie vor nicht gesprochen werden \u2013 trotz einer Bundeskanzlerin und dreier Ministerpr\u00e4sidentinnen.<\/p>\n<p style=\"padding-top: 30px;\">Quellen:<\/p>\n<p><a href=\"http:\/\/www.bmfsfj.de\/Publikationen\/genderreport\/6-politische-partizipation-und-buergerschaftliches-engagement.html\">Gender-Report des Bundesministeriums f\u00fcr Familie, Senioren, Frauen und Jugend<\/a><\/p>\n<p><a href=\"http:\/\/www.bundestag.de\/dokumente\/textarchiv\/2010\/27411088_wahlperioden09\/statistik_download.pdf\">Parlaments- und Wahlstatistik des deutschen Bundestages<\/a><\/p>\n<p><a href=\"http:\/\/www.bundeswahlleiter.de\/de\/bundestagswahlen\/BTW_BUND_09\/veroeffentlichungen\/repraesentative\/index.html\">Der Bundeswahlleiter<\/a><\/p>\n","protected":false},"excerpt":{"rendered":"<p>Am 30. Juni wird die neue Bremer Landesregierung vereidigt. Wie bereits in der Vorg\u00e4ngerregierung wird die H\u00e4lfte des achtk\u00f6pfigen Bremer Senats weiblich besetzt sein. Bis 2010 stellte dieser Umstand noch ein Alleinstellungsmerkmal unter den deutschen Bundesl\u00e4ndern dar. Dann jedoch kam mit dem Regierungswechsel in Nordrhein-Westfalen und dem Kabinett von Hannelore Kraft eine weitere Landesregierung mit [&hellip;]<\/p>\n","protected":false},"author":172,"featured_media":0,"comment_status":"open","ping_status":"closed","sticky":false,"template":"","format":"standard","meta":{"_jetpack_memberships_contains_paid_content":false,"footnotes":""},"categories":[944],"tags":[],"class_list":["post-3129","post","type-post","status-publish","format-standard","hentry","category-parteien"],"yoast_head":"<!-- This site is optimized with the Yoast SEO plugin v21.0 - https:\/\/yoast.com\/wordpress\/plugins\/seo\/ -->\n<title>Alle an Bord? Ein Blick auf den Frauenanteil in der deutschen Politik - Zweitstimme<\/title>\n<meta name=\"robots\" content=\"index, follow, max-snippet:-1, max-image-preview:large, max-video-preview:-1\" \/>\n<link rel=\"canonical\" href=\"https:\/\/blog.zeit.de\/zweitstimme\/2011\/06\/29\/alle-an-bord-ein-blick-auf-den-frauenanteil-in-der-deutschen-politik\/\" \/>\n<meta property=\"og:locale\" content=\"de_DE\" \/>\n<meta property=\"og:type\" content=\"article\" \/>\n<meta property=\"og:title\" content=\"Alle an Bord? Ein Blick auf den Frauenanteil in der deutschen Politik - Zweitstimme\" \/>\n<meta property=\"og:description\" content=\"Am 30. Juni wird die neue Bremer Landesregierung vereidigt. Wie bereits in der Vorg\u00e4ngerregierung wird die H\u00e4lfte des achtk\u00f6pfigen Bremer Senats weiblich besetzt sein. Bis 2010 stellte dieser Umstand noch ein Alleinstellungsmerkmal unter den deutschen Bundesl\u00e4ndern dar. Dann jedoch kam mit dem Regierungswechsel in Nordrhein-Westfalen und dem Kabinett von Hannelore Kraft eine weitere Landesregierung mit [&hellip;]\" \/>\n<meta property=\"og:url\" content=\"https:\/\/blog.zeit.de\/zweitstimme\/2011\/06\/29\/alle-an-bord-ein-blick-auf-den-frauenanteil-in-der-deutschen-politik\/\" \/>\n<meta property=\"og:site_name\" content=\"Zweitstimme\" \/>\n<meta property=\"article:published_time\" content=\"2011-06-29T07:30:42+00:00\" \/>\n<meta property=\"article:modified_time\" content=\"2011-06-28T13:27:01+00:00\" \/>\n<meta property=\"og:image\" content=\"https:\/\/blog.zeit.de\/zweitstimme\/files\/2011\/06\/abb1_frauenanteil_abgeordnete.jpg\" \/>\n<meta name=\"author\" content=\"Jan Kercher\" \/>\n<meta name=\"twitter:card\" content=\"summary_large_image\" \/>\n<meta name=\"twitter:label1\" content=\"Geschrieben von\" \/>\n\t<meta name=\"twitter:data1\" content=\"Jan Kercher\" \/>\n\t<meta name=\"twitter:label2\" content=\"Gesch\u00e4tzte Lesezeit\" \/>\n\t<meta name=\"twitter:data2\" content=\"4\u00a0Minuten\" \/>\n<script type=\"application\/ld+json\" class=\"yoast-schema-graph\">{\"@context\":\"https:\/\/schema.org\",\"@graph\":[{\"@type\":\"WebPage\",\"@id\":\"https:\/\/blog.zeit.de\/zweitstimme\/2011\/06\/29\/alle-an-bord-ein-blick-auf-den-frauenanteil-in-der-deutschen-politik\/\",\"url\":\"https:\/\/blog.zeit.de\/zweitstimme\/2011\/06\/29\/alle-an-bord-ein-blick-auf-den-frauenanteil-in-der-deutschen-politik\/\",\"name\":\"Alle an Bord? Ein Blick auf den Frauenanteil in der deutschen Politik - Zweitstimme\",\"isPartOf\":{\"@id\":\"https:\/\/blog.zeit.de\/zweitstimme\/#website\"},\"datePublished\":\"2011-06-29T07:30:42+00:00\",\"dateModified\":\"2011-06-28T13:27:01+00:00\",\"author\":{\"@id\":\"https:\/\/blog.zeit.de\/zweitstimme\/#\/schema\/person\/332af113b2eeb7c4528e74dc3c026a26\"},\"breadcrumb\":{\"@id\":\"https:\/\/blog.zeit.de\/zweitstimme\/2011\/06\/29\/alle-an-bord-ein-blick-auf-den-frauenanteil-in-der-deutschen-politik\/#breadcrumb\"},\"inLanguage\":\"de\",\"potentialAction\":[{\"@type\":\"ReadAction\",\"target\":[\"https:\/\/blog.zeit.de\/zweitstimme\/2011\/06\/29\/alle-an-bord-ein-blick-auf-den-frauenanteil-in-der-deutschen-politik\/\"]}]},{\"@type\":\"BreadcrumbList\",\"@id\":\"https:\/\/blog.zeit.de\/zweitstimme\/2011\/06\/29\/alle-an-bord-ein-blick-auf-den-frauenanteil-in-der-deutschen-politik\/#breadcrumb\",\"itemListElement\":[{\"@type\":\"ListItem\",\"position\":1,\"name\":\"Startseite\",\"item\":\"https:\/\/blog.zeit.de\/zweitstimme\/\"},{\"@type\":\"ListItem\",\"position\":2,\"name\":\"Alle an Bord? Ein Blick auf den Frauenanteil in der deutschen Politik\"}]},{\"@type\":\"WebSite\",\"@id\":\"https:\/\/blog.zeit.de\/zweitstimme\/#website\",\"url\":\"https:\/\/blog.zeit.de\/zweitstimme\/\",\"name\":\"Zweitstimme\",\"description\":\"Das Politik-Blog\",\"potentialAction\":[{\"@type\":\"SearchAction\",\"target\":{\"@type\":\"EntryPoint\",\"urlTemplate\":\"https:\/\/blog.zeit.de\/zweitstimme\/?s={search_term_string}\"},\"query-input\":\"required name=search_term_string\"}],\"inLanguage\":\"de\"},{\"@type\":\"Person\",\"@id\":\"https:\/\/blog.zeit.de\/zweitstimme\/#\/schema\/person\/332af113b2eeb7c4528e74dc3c026a26\",\"name\":\"Jan Kercher\",\"image\":{\"@type\":\"ImageObject\",\"inLanguage\":\"de\",\"@id\":\"https:\/\/blog.zeit.de\/zweitstimme\/#\/schema\/person\/image\/\",\"url\":\"https:\/\/secure.gravatar.com\/avatar\/22527e66f14b63cc9f41eee726c8a5b775947ae83b27e5d7ccd98b63e5bd42b6?s=96&d=mm&r=g\",\"contentUrl\":\"https:\/\/secure.gravatar.com\/avatar\/22527e66f14b63cc9f41eee726c8a5b775947ae83b27e5d7ccd98b63e5bd42b6?s=96&d=mm&r=g\",\"caption\":\"Jan Kercher\"},\"url\":\"https:\/\/blog.zeit.de\/zweitstimme\/author\/jan-kercher\/\"}]}<\/script>\n<!-- \/ Yoast SEO plugin. -->","yoast_head_json":{"title":"Alle an Bord? Ein Blick auf den Frauenanteil in der deutschen Politik - Zweitstimme","robots":{"index":"index","follow":"follow","max-snippet":"max-snippet:-1","max-image-preview":"max-image-preview:large","max-video-preview":"max-video-preview:-1"},"canonical":"https:\/\/blog.zeit.de\/zweitstimme\/2011\/06\/29\/alle-an-bord-ein-blick-auf-den-frauenanteil-in-der-deutschen-politik\/","og_locale":"de_DE","og_type":"article","og_title":"Alle an Bord? Ein Blick auf den Frauenanteil in der deutschen Politik - Zweitstimme","og_description":"Am 30. Juni wird die neue Bremer Landesregierung vereidigt. Wie bereits in der Vorg\u00e4ngerregierung wird die H\u00e4lfte des achtk\u00f6pfigen Bremer Senats weiblich besetzt sein. Bis 2010 stellte dieser Umstand noch ein Alleinstellungsmerkmal unter den deutschen Bundesl\u00e4ndern dar. Dann jedoch kam mit dem Regierungswechsel in Nordrhein-Westfalen und dem Kabinett von Hannelore Kraft eine weitere Landesregierung mit [&hellip;]","og_url":"https:\/\/blog.zeit.de\/zweitstimme\/2011\/06\/29\/alle-an-bord-ein-blick-auf-den-frauenanteil-in-der-deutschen-politik\/","og_site_name":"Zweitstimme","article_published_time":"2011-06-29T07:30:42+00:00","article_modified_time":"2011-06-28T13:27:01+00:00","og_image":[{"url":"https:\/\/blog.zeit.de\/zweitstimme\/files\/2011\/06\/abb1_frauenanteil_abgeordnete.jpg"}],"author":"Jan Kercher","twitter_card":"summary_large_image","twitter_misc":{"Geschrieben von":"Jan Kercher","Gesch\u00e4tzte Lesezeit":"4\u00a0Minuten"},"schema":{"@context":"https:\/\/schema.org","@graph":[{"@type":"WebPage","@id":"https:\/\/blog.zeit.de\/zweitstimme\/2011\/06\/29\/alle-an-bord-ein-blick-auf-den-frauenanteil-in-der-deutschen-politik\/","url":"https:\/\/blog.zeit.de\/zweitstimme\/2011\/06\/29\/alle-an-bord-ein-blick-auf-den-frauenanteil-in-der-deutschen-politik\/","name":"Alle an Bord? Ein Blick auf den Frauenanteil in der deutschen Politik - Zweitstimme","isPartOf":{"@id":"https:\/\/blog.zeit.de\/zweitstimme\/#website"},"datePublished":"2011-06-29T07:30:42+00:00","dateModified":"2011-06-28T13:27:01+00:00","author":{"@id":"https:\/\/blog.zeit.de\/zweitstimme\/#\/schema\/person\/332af113b2eeb7c4528e74dc3c026a26"},"breadcrumb":{"@id":"https:\/\/blog.zeit.de\/zweitstimme\/2011\/06\/29\/alle-an-bord-ein-blick-auf-den-frauenanteil-in-der-deutschen-politik\/#breadcrumb"},"inLanguage":"de","potentialAction":[{"@type":"ReadAction","target":["https:\/\/blog.zeit.de\/zweitstimme\/2011\/06\/29\/alle-an-bord-ein-blick-auf-den-frauenanteil-in-der-deutschen-politik\/"]}]},{"@type":"BreadcrumbList","@id":"https:\/\/blog.zeit.de\/zweitstimme\/2011\/06\/29\/alle-an-bord-ein-blick-auf-den-frauenanteil-in-der-deutschen-politik\/#breadcrumb","itemListElement":[{"@type":"ListItem","position":1,"name":"Startseite","item":"https:\/\/blog.zeit.de\/zweitstimme\/"},{"@type":"ListItem","position":2,"name":"Alle an Bord? Ein Blick auf den Frauenanteil in der deutschen Politik"}]},{"@type":"WebSite","@id":"https:\/\/blog.zeit.de\/zweitstimme\/#website","url":"https:\/\/blog.zeit.de\/zweitstimme\/","name":"Zweitstimme","description":"Das Politik-Blog","potentialAction":[{"@type":"SearchAction","target":{"@type":"EntryPoint","urlTemplate":"https:\/\/blog.zeit.de\/zweitstimme\/?s={search_term_string}"},"query-input":"required name=search_term_string"}],"inLanguage":"de"},{"@type":"Person","@id":"https:\/\/blog.zeit.de\/zweitstimme\/#\/schema\/person\/332af113b2eeb7c4528e74dc3c026a26","name":"Jan Kercher","image":{"@type":"ImageObject","inLanguage":"de","@id":"https:\/\/blog.zeit.de\/zweitstimme\/#\/schema\/person\/image\/","url":"https:\/\/secure.gravatar.com\/avatar\/22527e66f14b63cc9f41eee726c8a5b775947ae83b27e5d7ccd98b63e5bd42b6?s=96&d=mm&r=g","contentUrl":"https:\/\/secure.gravatar.com\/avatar\/22527e66f14b63cc9f41eee726c8a5b775947ae83b27e5d7ccd98b63e5bd42b6?s=96&d=mm&r=g","caption":"Jan Kercher"},"url":"https:\/\/blog.zeit.de\/zweitstimme\/author\/jan-kercher\/"}]}},"jetpack_featured_media_url":"","jetpack_sharing_enabled":true,"_links":{"self":[{"href":"https:\/\/blog.zeit.de\/zweitstimme\/wp-json\/wp\/v2\/posts\/3129","targetHints":{"allow":["GET"]}}],"collection":[{"href":"https:\/\/blog.zeit.de\/zweitstimme\/wp-json\/wp\/v2\/posts"}],"about":[{"href":"https:\/\/blog.zeit.de\/zweitstimme\/wp-json\/wp\/v2\/types\/post"}],"author":[{"embeddable":true,"href":"https:\/\/blog.zeit.de\/zweitstimme\/wp-json\/wp\/v2\/users\/172"}],"replies":[{"embeddable":true,"href":"https:\/\/blog.zeit.de\/zweitstimme\/wp-json\/wp\/v2\/comments?post=3129"}],"version-history":[{"count":14,"href":"https:\/\/blog.zeit.de\/zweitstimme\/wp-json\/wp\/v2\/posts\/3129\/revisions"}],"predecessor-version":[{"id":3146,"href":"https:\/\/blog.zeit.de\/zweitstimme\/wp-json\/wp\/v2\/posts\/3129\/revisions\/3146"}],"wp:attachment":[{"href":"https:\/\/blog.zeit.de\/zweitstimme\/wp-json\/wp\/v2\/media?parent=3129"}],"wp:term":[{"taxonomy":"category","embeddable":true,"href":"https:\/\/blog.zeit.de\/zweitstimme\/wp-json\/wp\/v2\/categories?post=3129"},{"taxonomy":"post_tag","embeddable":true,"href":"https:\/\/blog.zeit.de\/zweitstimme\/wp-json\/wp\/v2\/tags?post=3129"}],"curies":[{"name":"wp","href":"https:\/\/api.w.org\/{rel}","templated":true}]}}