{"id":3302,"date":"2012-01-08T10:22:52","date_gmt":"2012-01-08T09:22:52","guid":{"rendered":"http:\/\/blog.zeit.de\/zweitstimme\/?p=3302"},"modified":"2012-01-08T13:08:45","modified_gmt":"2012-01-08T12:08:45","slug":"blues-statt-reggae-jamaika-ade","status":"publish","type":"post","link":"https:\/\/blog.zeit.de\/zweitstimme\/2012\/01\/08\/blues-statt-reggae-jamaika-ade\/","title":{"rendered":"Blues statt Reggae: Jamaika ade"},"content":{"rendered":"<p>Jamaika war einst ein Kifferparadies, Reggae-Heimat von Bob Marley, Zufluchtsort f\u00fcr Abenteurer. Sp\u00e4ter befl\u00fcgelte Jamaika auch politische Phantasien: Die Landesfarben der Karibikinsel, schwarz-gelb-gr\u00fcn, standen nun f\u00fcr Union + FDP + Gr\u00fcne \u2013 ein neues Koalitionsmodell, das das fest gef\u00fcgte Parteiensystem aufsprengen und lager\u00fcbergreifende B\u00fcndnisse erm\u00f6glichen sollte.<\/p>\n<p>Vor allem der CDU schien diese bunte Kombi ein Hoffnungsschimmer f\u00fcr die Zukunft: die beiden b\u00fcrgerlichen Parteien zusammen mit den b\u00fcrgerlicher gewordenen Gr\u00fcnen \u2013 das sollte die M\u00f6glichkeit er\u00f6ffnen, selbst dann zu regieren, wenn es f\u00fcr Schwarz-Gelb (oder Schwarz-Gr\u00fcn) nicht reicht. Ein Gegenmodell zu Rot-Rot-Gr\u00fcn. Und eine weitere Antwort auf das zunehmend zersplitterte deutsche Parteiengef\u00fcge.<\/p>\n<p>Zus\u00e4tzlicher Vorteil f\u00fcr die CDU: W\u00e4re die \u00d6kopartei erst einmal aus dem rot-gr\u00fcnen Lager herausgebrochen, w\u00fcrde es f\u00fcr die SPD schwieriger, ihrerseits Koalitionen zusammen zu bekommen. Zumal sich die Sozialdemokraten mit der Linkspartei nach wie vor schwer tun.<\/p>\n<p>Das Kalk\u00fcl schien aufzugehen: 2009 entschieden sich die Gr\u00fcnen im Saarland gegen ein m\u00f6gliches rot-rot-gr\u00fcnes B\u00fcndnis und f\u00fcr ein Zusammengehen mit CDU und FDP. Das Experiment konnte beginnen.<\/p>\n<p>Nun ist die Hoffnung der CDU zerstoben. Der erste Probelauf einer christdemokratisch-liberal-\u00f6kologischen Zusammenarbeit ist nach nur gut zwei Jahren kl\u00e4glich gescheitert: Wegen Regierungsunf\u00e4higkeit nicht etwa der Gr\u00fcnen, sondern der an der Saar besonders desolaten FDP<a href=\"http:\/\/www.zeit.de\/politik\/deutschland\/2012-01\/jamaika-saarland-kramp-karrenbauer\"> lie\u00df CDU-Ministerpr\u00e4sidentin Annegret Kramp-Karrenbauer das B\u00fcndnis platzen<\/a>.<\/p>\n<p>Nun k\u00f6nnte man die misslungene Premiere von Jamaika im kleinsten Bundesland als Randnotiz in bewegter Zeit abtun. Aber die Entwicklung im Saarland ist symptomatisch f\u00fcr das <strong>strategische Dilemma der CDU<\/strong>: W\u00e4hrend die SPD in den L\u00e4ndern mal mit den Gr\u00fcnen, mal mit der CDU oder der Linkspartei und in Hamburg sogar allein regiert, bleiben der Partei der Kanzlerin nur zwei Optionen: Schwarz-Gelb oder Gro\u00dfe Koalition. Da die 2009 noch so starke FDP inzwischen <a href=\"http:\/\/www.zeit.de\/politik\/deutschland\/2012-01\/fdp-existenz-umfrage\">auf das Niveau einer Splitterpartei geschrumpft <\/a>ist und Besserung f\u00fcr Philipp R\u00f6slers Truppe nicht in Sicht ist, hat Angela Merkel mit Blick auf die Bundestagswahl 2013 jedoch im Grunde nur eine Perspektive: Sie muss die SPD f\u00fcr sich gewinnen.<\/p>\n<p>Wobei noch unklar ist, ob dann Schwarz oder Rot st\u00e4rker sein wird und damit den n\u00e4chsten Kanzler stellt.. \u00dcber eine andere Option verf\u00fcgt Merkel aber faktisch nicht mehr.<\/p>\n<p>Denn zugleich haben sich die politischen Lager wieder verfestigt. Spielten CDU und Gr\u00fcne nach der Wahl 2005 noch eine Weile mit dem Gedanken an Schwarz-Gr\u00fcn \u2013 die CDU aus Abneigung gegen die damalige Gro\u00dfe Koalition, die Gr\u00fcnen aus Verdruss \u00fcber die SPD, mit der sie sieben Jahre im Bund regiert hatten \u2013, so haben sich solche \u00dcberlegungen sp\u00e4testens seit dem Scheitern von Schwarz-Gr\u00fcn in Hamburg und dem Debakel an der Saar erledigt: Die Gr\u00fcnen stehen wieder fest an der Seite der SPD.<\/p>\n<p>Selbst die <a href=\"http:\/\/www.zeit.de\/politik\/deutschland\/2012-01\/wulff-nachfolge-koalition\">partei\u00fcbergreifende Wahl eines neuen Bundespr\u00e4sidenten<\/a> als Nachfolger f\u00fcr den aff\u00e4rengeplagten Christian Wulff w\u00fcrde daran wohl nichts \u00e4ndern: Die Gr\u00fcnen werden einem von der CDU nominierten Kandidaten nur zustimmen, wenn auch die SPD mit im Boot ist. F\u00fcr Merkel w\u00e4re damit nichts gewonnen.<\/p>\n<p>Die Kanzlerin kann nur beten, dass der Niedergang der Liberalen durch ein politisches Wunder doch noch gestoppt wird. Und ansonsten darauf hoffen, dass die SPD trotz aller Probleme von Schwarz-Gelb weiterhin <a href=\"http:\/\/www.wahlrecht.de\/umfragen\/index.htm\">nicht \u00fcber 30 Prozent hinauskommt <\/a>\u2013 und die Union nicht noch darunter sackt. Sicher ist dies angesichts der <a href=\"http:\/\/www.zeit.de\/politik\/deutschland\/2012-01\/wulff-neuwahlen-nahles\">Pleite mit Merkels zweitem Bundespr\u00e4sidenten<\/a> und der absehbaren Niederlage der CDU bei der Wahl in Schleswig-Holstein im Fr\u00fchjahr nicht.<\/p>\n<p>Jamaika ist pass\u00e9. F\u00fcr 2013 hei\u00dft das vermutlich: <strong>Rot-Gr\u00fcn oder Gro\u00dfe Koalition<\/strong>. Sollten die Piraten in den Bundestag einziehen und die Linkspartei trotz ihrer F\u00fchrungs- und Richtungskrise im Parlament bleiben, spricht nach jetzigem Stand vieles f\u00fcr Schwarz-Rot oder Rot-Schwarz. Denn f\u00fcr Rot-Gr\u00fcn wird es dann wahrscheinlich nicht reichen.<\/p>\n<p>Es wird wieder farbloser in der deutschen Politik.<\/p>\n","protected":false},"excerpt":{"rendered":"<p>Jamaika war einst ein Kifferparadies, Reggae-Heimat von Bob Marley, Zufluchtsort f\u00fcr Abenteurer. Sp\u00e4ter befl\u00fcgelte Jamaika auch politische Phantasien: Die Landesfarben der Karibikinsel, schwarz-gelb-gr\u00fcn, standen nun f\u00fcr Union + FDP + Gr\u00fcne \u2013 ein neues Koalitionsmodell, das das fest gef\u00fcgte Parteiensystem aufsprengen und lager\u00fcbergreifende B\u00fcndnisse erm\u00f6glichen sollte. Vor allem der CDU schien diese bunte Kombi ein [&hellip;]<\/p>\n","protected":false},"author":353,"featured_media":0,"comment_status":"open","ping_status":"closed","sticky":false,"template":"","format":"standard","meta":{"_jetpack_memberships_contains_paid_content":false,"footnotes":""},"categories":[1,18636,18637,18639,18640,942,971,973,7131,955],"tags":[],"class_list":["post-3302","post","type-post","status-publish","format-standard","hentry","category-allgemein","category-bundestagswahl","category-cdu","category-fdp","category-grune","category-koalitionen","category-linke","category-merkel","category-spd-parteien","category-wahlen"],"yoast_head":"<!-- This site is optimized with the Yoast SEO plugin v21.0 - https:\/\/yoast.com\/wordpress\/plugins\/seo\/ -->\n<title>Blues statt Reggae: Jamaika ade - Zweitstimme<\/title>\n<meta name=\"robots\" content=\"index, follow, max-snippet:-1, max-image-preview:large, max-video-preview:-1\" \/>\n<link rel=\"canonical\" href=\"https:\/\/blog.zeit.de\/zweitstimme\/2012\/01\/08\/blues-statt-reggae-jamaika-ade\/\" \/>\n<meta property=\"og:locale\" content=\"de_DE\" \/>\n<meta property=\"og:type\" content=\"article\" \/>\n<meta property=\"og:title\" content=\"Blues statt Reggae: Jamaika ade - Zweitstimme\" \/>\n<meta property=\"og:description\" content=\"Jamaika war einst ein Kifferparadies, Reggae-Heimat von Bob Marley, Zufluchtsort f\u00fcr Abenteurer. Sp\u00e4ter befl\u00fcgelte Jamaika auch politische Phantasien: Die Landesfarben der Karibikinsel, schwarz-gelb-gr\u00fcn, standen nun f\u00fcr Union + FDP + Gr\u00fcne \u2013 ein neues Koalitionsmodell, das das fest gef\u00fcgte Parteiensystem aufsprengen und lager\u00fcbergreifende B\u00fcndnisse erm\u00f6glichen sollte. Vor allem der CDU schien diese bunte Kombi ein [&hellip;]\" \/>\n<meta property=\"og:url\" content=\"https:\/\/blog.zeit.de\/zweitstimme\/2012\/01\/08\/blues-statt-reggae-jamaika-ade\/\" \/>\n<meta property=\"og:site_name\" content=\"Zweitstimme\" \/>\n<meta property=\"article:published_time\" content=\"2012-01-08T09:22:52+00:00\" \/>\n<meta property=\"article:modified_time\" content=\"2012-01-08T12:08:45+00:00\" \/>\n<meta name=\"author\" content=\"Ludwig Greven\" \/>\n<meta name=\"twitter:card\" content=\"summary_large_image\" \/>\n<meta name=\"twitter:label1\" content=\"Geschrieben von\" \/>\n\t<meta name=\"twitter:data1\" content=\"Ludwig Greven\" \/>\n\t<meta name=\"twitter:label2\" content=\"Gesch\u00e4tzte Lesezeit\" \/>\n\t<meta name=\"twitter:data2\" content=\"3\u00a0Minuten\" \/>\n<script type=\"application\/ld+json\" class=\"yoast-schema-graph\">{\"@context\":\"https:\/\/schema.org\",\"@graph\":[{\"@type\":\"WebPage\",\"@id\":\"https:\/\/blog.zeit.de\/zweitstimme\/2012\/01\/08\/blues-statt-reggae-jamaika-ade\/\",\"url\":\"https:\/\/blog.zeit.de\/zweitstimme\/2012\/01\/08\/blues-statt-reggae-jamaika-ade\/\",\"name\":\"Blues statt Reggae: Jamaika ade - Zweitstimme\",\"isPartOf\":{\"@id\":\"https:\/\/blog.zeit.de\/zweitstimme\/#website\"},\"datePublished\":\"2012-01-08T09:22:52+00:00\",\"dateModified\":\"2012-01-08T12:08:45+00:00\",\"author\":{\"@id\":\"https:\/\/blog.zeit.de\/zweitstimme\/#\/schema\/person\/ea8eb4814f2d739d70159beb9b264152\"},\"breadcrumb\":{\"@id\":\"https:\/\/blog.zeit.de\/zweitstimme\/2012\/01\/08\/blues-statt-reggae-jamaika-ade\/#breadcrumb\"},\"inLanguage\":\"de\",\"potentialAction\":[{\"@type\":\"ReadAction\",\"target\":[\"https:\/\/blog.zeit.de\/zweitstimme\/2012\/01\/08\/blues-statt-reggae-jamaika-ade\/\"]}]},{\"@type\":\"BreadcrumbList\",\"@id\":\"https:\/\/blog.zeit.de\/zweitstimme\/2012\/01\/08\/blues-statt-reggae-jamaika-ade\/#breadcrumb\",\"itemListElement\":[{\"@type\":\"ListItem\",\"position\":1,\"name\":\"Startseite\",\"item\":\"https:\/\/blog.zeit.de\/zweitstimme\/\"},{\"@type\":\"ListItem\",\"position\":2,\"name\":\"Blues statt Reggae: Jamaika ade\"}]},{\"@type\":\"WebSite\",\"@id\":\"https:\/\/blog.zeit.de\/zweitstimme\/#website\",\"url\":\"https:\/\/blog.zeit.de\/zweitstimme\/\",\"name\":\"Zweitstimme\",\"description\":\"Das Politik-Blog\",\"potentialAction\":[{\"@type\":\"SearchAction\",\"target\":{\"@type\":\"EntryPoint\",\"urlTemplate\":\"https:\/\/blog.zeit.de\/zweitstimme\/?s={search_term_string}\"},\"query-input\":\"required name=search_term_string\"}],\"inLanguage\":\"de\"},{\"@type\":\"Person\",\"@id\":\"https:\/\/blog.zeit.de\/zweitstimme\/#\/schema\/person\/ea8eb4814f2d739d70159beb9b264152\",\"name\":\"Ludwig Greven\",\"image\":{\"@type\":\"ImageObject\",\"inLanguage\":\"de\",\"@id\":\"https:\/\/blog.zeit.de\/zweitstimme\/#\/schema\/person\/image\/\",\"url\":\"https:\/\/secure.gravatar.com\/avatar\/744223c72ca873b0fa14f2a3bca17edf93b17e2009248bc8422c1b21c833aa36?s=96&d=mm&r=g\",\"contentUrl\":\"https:\/\/secure.gravatar.com\/avatar\/744223c72ca873b0fa14f2a3bca17edf93b17e2009248bc8422c1b21c833aa36?s=96&d=mm&r=g\",\"caption\":\"Ludwig Greven\"},\"url\":\"https:\/\/blog.zeit.de\/zweitstimme\/author\/lgreven\/\"}]}<\/script>\n<!-- \/ Yoast SEO plugin. -->","yoast_head_json":{"title":"Blues statt Reggae: Jamaika ade - Zweitstimme","robots":{"index":"index","follow":"follow","max-snippet":"max-snippet:-1","max-image-preview":"max-image-preview:large","max-video-preview":"max-video-preview:-1"},"canonical":"https:\/\/blog.zeit.de\/zweitstimme\/2012\/01\/08\/blues-statt-reggae-jamaika-ade\/","og_locale":"de_DE","og_type":"article","og_title":"Blues statt Reggae: Jamaika ade - Zweitstimme","og_description":"Jamaika war einst ein Kifferparadies, Reggae-Heimat von Bob Marley, Zufluchtsort f\u00fcr Abenteurer. Sp\u00e4ter befl\u00fcgelte Jamaika auch politische Phantasien: Die Landesfarben der Karibikinsel, schwarz-gelb-gr\u00fcn, standen nun f\u00fcr Union + FDP + Gr\u00fcne \u2013 ein neues Koalitionsmodell, das das fest gef\u00fcgte Parteiensystem aufsprengen und lager\u00fcbergreifende B\u00fcndnisse erm\u00f6glichen sollte. Vor allem der CDU schien diese bunte Kombi ein [&hellip;]","og_url":"https:\/\/blog.zeit.de\/zweitstimme\/2012\/01\/08\/blues-statt-reggae-jamaika-ade\/","og_site_name":"Zweitstimme","article_published_time":"2012-01-08T09:22:52+00:00","article_modified_time":"2012-01-08T12:08:45+00:00","author":"Ludwig Greven","twitter_card":"summary_large_image","twitter_misc":{"Geschrieben von":"Ludwig Greven","Gesch\u00e4tzte Lesezeit":"3\u00a0Minuten"},"schema":{"@context":"https:\/\/schema.org","@graph":[{"@type":"WebPage","@id":"https:\/\/blog.zeit.de\/zweitstimme\/2012\/01\/08\/blues-statt-reggae-jamaika-ade\/","url":"https:\/\/blog.zeit.de\/zweitstimme\/2012\/01\/08\/blues-statt-reggae-jamaika-ade\/","name":"Blues statt Reggae: Jamaika ade - Zweitstimme","isPartOf":{"@id":"https:\/\/blog.zeit.de\/zweitstimme\/#website"},"datePublished":"2012-01-08T09:22:52+00:00","dateModified":"2012-01-08T12:08:45+00:00","author":{"@id":"https:\/\/blog.zeit.de\/zweitstimme\/#\/schema\/person\/ea8eb4814f2d739d70159beb9b264152"},"breadcrumb":{"@id":"https:\/\/blog.zeit.de\/zweitstimme\/2012\/01\/08\/blues-statt-reggae-jamaika-ade\/#breadcrumb"},"inLanguage":"de","potentialAction":[{"@type":"ReadAction","target":["https:\/\/blog.zeit.de\/zweitstimme\/2012\/01\/08\/blues-statt-reggae-jamaika-ade\/"]}]},{"@type":"BreadcrumbList","@id":"https:\/\/blog.zeit.de\/zweitstimme\/2012\/01\/08\/blues-statt-reggae-jamaika-ade\/#breadcrumb","itemListElement":[{"@type":"ListItem","position":1,"name":"Startseite","item":"https:\/\/blog.zeit.de\/zweitstimme\/"},{"@type":"ListItem","position":2,"name":"Blues statt Reggae: Jamaika ade"}]},{"@type":"WebSite","@id":"https:\/\/blog.zeit.de\/zweitstimme\/#website","url":"https:\/\/blog.zeit.de\/zweitstimme\/","name":"Zweitstimme","description":"Das Politik-Blog","potentialAction":[{"@type":"SearchAction","target":{"@type":"EntryPoint","urlTemplate":"https:\/\/blog.zeit.de\/zweitstimme\/?s={search_term_string}"},"query-input":"required name=search_term_string"}],"inLanguage":"de"},{"@type":"Person","@id":"https:\/\/blog.zeit.de\/zweitstimme\/#\/schema\/person\/ea8eb4814f2d739d70159beb9b264152","name":"Ludwig Greven","image":{"@type":"ImageObject","inLanguage":"de","@id":"https:\/\/blog.zeit.de\/zweitstimme\/#\/schema\/person\/image\/","url":"https:\/\/secure.gravatar.com\/avatar\/744223c72ca873b0fa14f2a3bca17edf93b17e2009248bc8422c1b21c833aa36?s=96&d=mm&r=g","contentUrl":"https:\/\/secure.gravatar.com\/avatar\/744223c72ca873b0fa14f2a3bca17edf93b17e2009248bc8422c1b21c833aa36?s=96&d=mm&r=g","caption":"Ludwig Greven"},"url":"https:\/\/blog.zeit.de\/zweitstimme\/author\/lgreven\/"}]}},"jetpack_featured_media_url":"","jetpack_sharing_enabled":true,"_links":{"self":[{"href":"https:\/\/blog.zeit.de\/zweitstimme\/wp-json\/wp\/v2\/posts\/3302","targetHints":{"allow":["GET"]}}],"collection":[{"href":"https:\/\/blog.zeit.de\/zweitstimme\/wp-json\/wp\/v2\/posts"}],"about":[{"href":"https:\/\/blog.zeit.de\/zweitstimme\/wp-json\/wp\/v2\/types\/post"}],"author":[{"embeddable":true,"href":"https:\/\/blog.zeit.de\/zweitstimme\/wp-json\/wp\/v2\/users\/353"}],"replies":[{"embeddable":true,"href":"https:\/\/blog.zeit.de\/zweitstimme\/wp-json\/wp\/v2\/comments?post=3302"}],"version-history":[{"count":10,"href":"https:\/\/blog.zeit.de\/zweitstimme\/wp-json\/wp\/v2\/posts\/3302\/revisions"}],"predecessor-version":[{"id":3325,"href":"https:\/\/blog.zeit.de\/zweitstimme\/wp-json\/wp\/v2\/posts\/3302\/revisions\/3325"}],"wp:attachment":[{"href":"https:\/\/blog.zeit.de\/zweitstimme\/wp-json\/wp\/v2\/media?parent=3302"}],"wp:term":[{"taxonomy":"category","embeddable":true,"href":"https:\/\/blog.zeit.de\/zweitstimme\/wp-json\/wp\/v2\/categories?post=3302"},{"taxonomy":"post_tag","embeddable":true,"href":"https:\/\/blog.zeit.de\/zweitstimme\/wp-json\/wp\/v2\/tags?post=3302"}],"curies":[{"name":"wp","href":"https:\/\/api.w.org\/{rel}","templated":true}]}}