{"id":3504,"date":"2012-02-18T10:22:24","date_gmt":"2012-02-18T09:22:24","guid":{"rendered":"http:\/\/blog.zeit.de\/zweitstimme\/?p=3504"},"modified":"2012-02-18T20:26:52","modified_gmt":"2012-02-18T19:26:52","slug":"der-takt-der-bundesversammlung-wird-hektisch","status":"publish","type":"post","link":"https:\/\/blog.zeit.de\/zweitstimme\/2012\/02\/18\/der-takt-der-bundesversammlung-wird-hektisch\/","title":{"rendered":"Der Takt der Bundesversammlung wird hektisch"},"content":{"rendered":"<p>Manchmal helfen einfache Visualisierungen, um zu erkennen, wie sich die Dinge ver\u00e4ndert haben&#8230; 60 Jahre lang war das Amt des Bundespr\u00e4sidenten ein Ort absoluter Stabilit\u00e4t &#8211; erkennbar am nahezu konstanten Abstand zwischen den Bundesversammlungen I bis XIII. Und dann? Erst wirft Horst K\u00f6hler nach knapp einem Jahr seiner zweiten Amtszeit das Amt hin und weg, jetzt Christian Wulff nach gut eineinhalb Jahren&#8230; W\u00fcrde man die Dauer dieser beiden Amtszeiten hochrechnen, w\u00fcrden die n\u00e4chsten Bundesversammlungen im M\u00e4rz 2012, August 2013 und Januar 2015 stattfinden.<\/p>\n<p><strong>Abstand zur vorhergehenden Bundesversammlung in Tagen<\/strong><br \/>\n<a href=\"https:\/\/blog.zeit.de\/zweitstimme\/files\/2012\/02\/Clipboard011.jpg\"><img loading=\"lazy\" decoding=\"async\" src=\"https:\/\/blog.zeit.de\/zweitstimme\/files\/2012\/02\/Clipboard011.jpg\" alt=\"\" width=\"550\" height=\"313\" class=\"aligncenter size-full wp-image-3508\" srcset=\"https:\/\/blog.zeit.de\/zweitstimme\/files\/2012\/02\/Clipboard011.jpg 550w, https:\/\/blog.zeit.de\/zweitstimme\/files\/2012\/02\/Clipboard011-300x170.jpg 300w\" sizes=\"auto, (max-width: 550px) 100vw, 550px\" \/><\/a><\/p>\n","protected":false},"excerpt":{"rendered":"<p>Manchmal helfen einfache Visualisierungen, um zu erkennen, wie sich die Dinge ver\u00e4ndert haben&#8230; 60 Jahre lang war das Amt des Bundespr\u00e4sidenten ein Ort absoluter Stabilit\u00e4t &#8211; erkennbar am nahezu konstanten Abstand zwischen den Bundesversammlungen I bis XIII. Und dann? Erst wirft Horst K\u00f6hler nach knapp einem Jahr seiner zweiten Amtszeit das Amt hin und weg, [&hellip;]<\/p>\n","protected":false},"author":159,"featured_media":0,"comment_status":"open","ping_status":"closed","sticky":false,"template":"","format":"standard","meta":{"_jetpack_memberships_contains_paid_content":false,"footnotes":""},"categories":[7261],"tags":[],"class_list":["post-3504","post","type-post","status-publish","format-standard","hentry","category-bundesprasident-2"],"yoast_head":"<!-- This site is optimized with the Yoast SEO plugin v21.0 - https:\/\/yoast.com\/wordpress\/plugins\/seo\/ -->\n<title>Der Takt der Bundesversammlung wird hektisch - Zweitstimme<\/title>\n<meta name=\"robots\" content=\"index, follow, max-snippet:-1, max-image-preview:large, max-video-preview:-1\" \/>\n<link rel=\"canonical\" href=\"https:\/\/blog.zeit.de\/zweitstimme\/2012\/02\/18\/der-takt-der-bundesversammlung-wird-hektisch\/\" \/>\n<meta property=\"og:locale\" content=\"de_DE\" \/>\n<meta property=\"og:type\" content=\"article\" \/>\n<meta property=\"og:title\" content=\"Der Takt der Bundesversammlung wird hektisch - Zweitstimme\" \/>\n<meta property=\"og:description\" content=\"Manchmal helfen einfache Visualisierungen, um zu erkennen, wie sich die Dinge ver\u00e4ndert haben&#8230; 60 Jahre lang war das Amt des Bundespr\u00e4sidenten ein Ort absoluter Stabilit\u00e4t &#8211; erkennbar am nahezu konstanten Abstand zwischen den Bundesversammlungen I bis XIII. Und dann? Erst wirft Horst K\u00f6hler nach knapp einem Jahr seiner zweiten Amtszeit das Amt hin und weg, [&hellip;]\" \/>\n<meta property=\"og:url\" content=\"https:\/\/blog.zeit.de\/zweitstimme\/2012\/02\/18\/der-takt-der-bundesversammlung-wird-hektisch\/\" \/>\n<meta property=\"og:site_name\" content=\"Zweitstimme\" \/>\n<meta property=\"article:published_time\" content=\"2012-02-18T09:22:24+00:00\" \/>\n<meta property=\"article:modified_time\" content=\"2012-02-18T19:26:52+00:00\" \/>\n<meta property=\"og:image\" content=\"https:\/\/blog.zeit.de\/zweitstimme\/files\/2012\/02\/Clipboard011.jpg\" \/>\n<meta name=\"author\" content=\"Thorsten Faas\" \/>\n<meta name=\"twitter:card\" content=\"summary_large_image\" \/>\n<meta name=\"twitter:label1\" content=\"Geschrieben von\" \/>\n\t<meta name=\"twitter:data1\" content=\"Thorsten Faas\" \/>\n<script type=\"application\/ld+json\" class=\"yoast-schema-graph\">{\"@context\":\"https:\/\/schema.org\",\"@graph\":[{\"@type\":\"WebPage\",\"@id\":\"https:\/\/blog.zeit.de\/zweitstimme\/2012\/02\/18\/der-takt-der-bundesversammlung-wird-hektisch\/\",\"url\":\"https:\/\/blog.zeit.de\/zweitstimme\/2012\/02\/18\/der-takt-der-bundesversammlung-wird-hektisch\/\",\"name\":\"Der Takt der Bundesversammlung wird hektisch - Zweitstimme\",\"isPartOf\":{\"@id\":\"https:\/\/blog.zeit.de\/zweitstimme\/#website\"},\"datePublished\":\"2012-02-18T09:22:24+00:00\",\"dateModified\":\"2012-02-18T19:26:52+00:00\",\"author\":{\"@id\":\"https:\/\/blog.zeit.de\/zweitstimme\/#\/schema\/person\/c8966fcbefdbf5bc9b49e3fcb509ca30\"},\"breadcrumb\":{\"@id\":\"https:\/\/blog.zeit.de\/zweitstimme\/2012\/02\/18\/der-takt-der-bundesversammlung-wird-hektisch\/#breadcrumb\"},\"inLanguage\":\"de\",\"potentialAction\":[{\"@type\":\"ReadAction\",\"target\":[\"https:\/\/blog.zeit.de\/zweitstimme\/2012\/02\/18\/der-takt-der-bundesversammlung-wird-hektisch\/\"]}]},{\"@type\":\"BreadcrumbList\",\"@id\":\"https:\/\/blog.zeit.de\/zweitstimme\/2012\/02\/18\/der-takt-der-bundesversammlung-wird-hektisch\/#breadcrumb\",\"itemListElement\":[{\"@type\":\"ListItem\",\"position\":1,\"name\":\"Startseite\",\"item\":\"https:\/\/blog.zeit.de\/zweitstimme\/\"},{\"@type\":\"ListItem\",\"position\":2,\"name\":\"Der Takt der Bundesversammlung wird hektisch\"}]},{\"@type\":\"WebSite\",\"@id\":\"https:\/\/blog.zeit.de\/zweitstimme\/#website\",\"url\":\"https:\/\/blog.zeit.de\/zweitstimme\/\",\"name\":\"Zweitstimme\",\"description\":\"Das Politik-Blog\",\"potentialAction\":[{\"@type\":\"SearchAction\",\"target\":{\"@type\":\"EntryPoint\",\"urlTemplate\":\"https:\/\/blog.zeit.de\/zweitstimme\/?s={search_term_string}\"},\"query-input\":\"required name=search_term_string\"}],\"inLanguage\":\"de\"},{\"@type\":\"Person\",\"@id\":\"https:\/\/blog.zeit.de\/zweitstimme\/#\/schema\/person\/c8966fcbefdbf5bc9b49e3fcb509ca30\",\"name\":\"Thorsten Faas\",\"image\":{\"@type\":\"ImageObject\",\"inLanguage\":\"de\",\"@id\":\"https:\/\/blog.zeit.de\/zweitstimme\/#\/schema\/person\/image\/\",\"url\":\"https:\/\/secure.gravatar.com\/avatar\/9501ddb19f2d28bb4ec82b8e714dbc2a893d06a1c164d4ddf835eb929bbc84bb?s=96&d=mm&r=g\",\"contentUrl\":\"https:\/\/secure.gravatar.com\/avatar\/9501ddb19f2d28bb4ec82b8e714dbc2a893d06a1c164d4ddf835eb929bbc84bb?s=96&d=mm&r=g\",\"caption\":\"Thorsten Faas\"},\"url\":\"https:\/\/blog.zeit.de\/zweitstimme\/author\/thorsten-faas\/\"}]}<\/script>\n<!-- \/ Yoast SEO plugin. -->","yoast_head_json":{"title":"Der Takt der Bundesversammlung wird hektisch - Zweitstimme","robots":{"index":"index","follow":"follow","max-snippet":"max-snippet:-1","max-image-preview":"max-image-preview:large","max-video-preview":"max-video-preview:-1"},"canonical":"https:\/\/blog.zeit.de\/zweitstimme\/2012\/02\/18\/der-takt-der-bundesversammlung-wird-hektisch\/","og_locale":"de_DE","og_type":"article","og_title":"Der Takt der Bundesversammlung wird hektisch - Zweitstimme","og_description":"Manchmal helfen einfache Visualisierungen, um zu erkennen, wie sich die Dinge ver\u00e4ndert haben&#8230; 60 Jahre lang war das Amt des Bundespr\u00e4sidenten ein Ort absoluter Stabilit\u00e4t &#8211; erkennbar am nahezu konstanten Abstand zwischen den Bundesversammlungen I bis XIII. Und dann? Erst wirft Horst K\u00f6hler nach knapp einem Jahr seiner zweiten Amtszeit das Amt hin und weg, [&hellip;]","og_url":"https:\/\/blog.zeit.de\/zweitstimme\/2012\/02\/18\/der-takt-der-bundesversammlung-wird-hektisch\/","og_site_name":"Zweitstimme","article_published_time":"2012-02-18T09:22:24+00:00","article_modified_time":"2012-02-18T19:26:52+00:00","og_image":[{"url":"https:\/\/blog.zeit.de\/zweitstimme\/files\/2012\/02\/Clipboard011.jpg"}],"author":"Thorsten Faas","twitter_card":"summary_large_image","twitter_misc":{"Geschrieben von":"Thorsten Faas"},"schema":{"@context":"https:\/\/schema.org","@graph":[{"@type":"WebPage","@id":"https:\/\/blog.zeit.de\/zweitstimme\/2012\/02\/18\/der-takt-der-bundesversammlung-wird-hektisch\/","url":"https:\/\/blog.zeit.de\/zweitstimme\/2012\/02\/18\/der-takt-der-bundesversammlung-wird-hektisch\/","name":"Der Takt der Bundesversammlung wird hektisch - Zweitstimme","isPartOf":{"@id":"https:\/\/blog.zeit.de\/zweitstimme\/#website"},"datePublished":"2012-02-18T09:22:24+00:00","dateModified":"2012-02-18T19:26:52+00:00","author":{"@id":"https:\/\/blog.zeit.de\/zweitstimme\/#\/schema\/person\/c8966fcbefdbf5bc9b49e3fcb509ca30"},"breadcrumb":{"@id":"https:\/\/blog.zeit.de\/zweitstimme\/2012\/02\/18\/der-takt-der-bundesversammlung-wird-hektisch\/#breadcrumb"},"inLanguage":"de","potentialAction":[{"@type":"ReadAction","target":["https:\/\/blog.zeit.de\/zweitstimme\/2012\/02\/18\/der-takt-der-bundesversammlung-wird-hektisch\/"]}]},{"@type":"BreadcrumbList","@id":"https:\/\/blog.zeit.de\/zweitstimme\/2012\/02\/18\/der-takt-der-bundesversammlung-wird-hektisch\/#breadcrumb","itemListElement":[{"@type":"ListItem","position":1,"name":"Startseite","item":"https:\/\/blog.zeit.de\/zweitstimme\/"},{"@type":"ListItem","position":2,"name":"Der Takt der Bundesversammlung wird hektisch"}]},{"@type":"WebSite","@id":"https:\/\/blog.zeit.de\/zweitstimme\/#website","url":"https:\/\/blog.zeit.de\/zweitstimme\/","name":"Zweitstimme","description":"Das Politik-Blog","potentialAction":[{"@type":"SearchAction","target":{"@type":"EntryPoint","urlTemplate":"https:\/\/blog.zeit.de\/zweitstimme\/?s={search_term_string}"},"query-input":"required name=search_term_string"}],"inLanguage":"de"},{"@type":"Person","@id":"https:\/\/blog.zeit.de\/zweitstimme\/#\/schema\/person\/c8966fcbefdbf5bc9b49e3fcb509ca30","name":"Thorsten Faas","image":{"@type":"ImageObject","inLanguage":"de","@id":"https:\/\/blog.zeit.de\/zweitstimme\/#\/schema\/person\/image\/","url":"https:\/\/secure.gravatar.com\/avatar\/9501ddb19f2d28bb4ec82b8e714dbc2a893d06a1c164d4ddf835eb929bbc84bb?s=96&d=mm&r=g","contentUrl":"https:\/\/secure.gravatar.com\/avatar\/9501ddb19f2d28bb4ec82b8e714dbc2a893d06a1c164d4ddf835eb929bbc84bb?s=96&d=mm&r=g","caption":"Thorsten Faas"},"url":"https:\/\/blog.zeit.de\/zweitstimme\/author\/thorsten-faas\/"}]}},"jetpack_featured_media_url":"","jetpack_sharing_enabled":true,"_links":{"self":[{"href":"https:\/\/blog.zeit.de\/zweitstimme\/wp-json\/wp\/v2\/posts\/3504","targetHints":{"allow":["GET"]}}],"collection":[{"href":"https:\/\/blog.zeit.de\/zweitstimme\/wp-json\/wp\/v2\/posts"}],"about":[{"href":"https:\/\/blog.zeit.de\/zweitstimme\/wp-json\/wp\/v2\/types\/post"}],"author":[{"embeddable":true,"href":"https:\/\/blog.zeit.de\/zweitstimme\/wp-json\/wp\/v2\/users\/159"}],"replies":[{"embeddable":true,"href":"https:\/\/blog.zeit.de\/zweitstimme\/wp-json\/wp\/v2\/comments?post=3504"}],"version-history":[{"count":7,"href":"https:\/\/blog.zeit.de\/zweitstimme\/wp-json\/wp\/v2\/posts\/3504\/revisions"}],"predecessor-version":[{"id":3513,"href":"https:\/\/blog.zeit.de\/zweitstimme\/wp-json\/wp\/v2\/posts\/3504\/revisions\/3513"}],"wp:attachment":[{"href":"https:\/\/blog.zeit.de\/zweitstimme\/wp-json\/wp\/v2\/media?parent=3504"}],"wp:term":[{"taxonomy":"category","embeddable":true,"href":"https:\/\/blog.zeit.de\/zweitstimme\/wp-json\/wp\/v2\/categories?post=3504"},{"taxonomy":"post_tag","embeddable":true,"href":"https:\/\/blog.zeit.de\/zweitstimme\/wp-json\/wp\/v2\/tags?post=3504"}],"curies":[{"name":"wp","href":"https:\/\/api.w.org\/{rel}","templated":true}]}}