{"id":3601,"date":"2012-03-28T17:30:39","date_gmt":"2012-03-28T15:30:39","guid":{"rendered":"http:\/\/blog.zeit.de\/zweitstimme\/?p=3601"},"modified":"2012-03-28T17:30:39","modified_gmt":"2012-03-28T15:30:39","slug":"parteien-mitglieder-wahler-saarland","status":"publish","type":"post","link":"https:\/\/blog.zeit.de\/zweitstimme\/2012\/03\/28\/parteien-mitglieder-wahler-saarland\/","title":{"rendered":"Parteien, Mitglieder, W\u00e4hler: Saarland"},"content":{"rendered":"<p>Fast ist der Punkt erreicht, an dem zur Landtagswahl im Saarland vom vergangenen Sonntag alles gesagt ist, nur noch nicht von jedem. Aber eine kleine Anmerkung zu dieser Wahl sei mir hier doch noch erlaubt, weil sie meines Erachtens sehr deutlich macht, was dort mit Blick auf die Parteien &#8211; und inbesondere die Piraten einerseits, die FDP andererseits &#8211; passiert ist. <\/p>\n<p><a href=\"https:\/\/blog.zeit.de\/zweitstimme\/files\/2012\/03\/ratio.jpg\"><img loading=\"lazy\" decoding=\"async\" src=\"https:\/\/blog.zeit.de\/zweitstimme\/files\/2012\/03\/ratio.jpg\" alt=\"\" width=\"481\" height=\"289\" class=\"aligncenter size-full wp-image-3602\" srcset=\"https:\/\/blog.zeit.de\/zweitstimme\/files\/2012\/03\/ratio.jpg 481w, https:\/\/blog.zeit.de\/zweitstimme\/files\/2012\/03\/ratio-300x180.jpg 300w\" sizes=\"auto, (max-width: 481px) 100vw, 481px\" \/><\/a><\/p>\n<p>Die Abbildung setzt die Zahl der Stimmen, die die einzelnen Parteien am Sonntag erhalten haben, ins Verh\u00e4ltnis zur jeweiligen Mitgliederzahl dieser Parteien. (*) Angenommen wird dabei, dass alle Mitglieder einer Partei diese Partei auch tats\u00e4chlich gew\u00e4hlt haben &#8211; was nicht allzu k\u00fchn erscheint.<\/p>\n<p>Besonders die Extreme stechen dabei in bemerkenswerter Weise hervor: Auf der einen Seite stehen die Piraten, die trotz geringer (wenn auch stark wachsender) Mitgliederzahl und damit einhergehend geringer Verankerung in der Gesellschaft eine unglaublich hohe Stimmenanzahl erreicht haben: Rund 400 Mitgliedern stehen 35.000 Stimmen gegen\u00fcber, der Anteil der Mitglieder an den Stimmen liegt demnach bei gerade einmal etwas \u00fcber einem Prozent. Das zeigt deutlich: Die Piraten treffen derzeit eine gesellschaftliche Stimmung, die sie von einem Erfolg zum n\u00e4chsten zu f\u00fchren scheint.<\/p>\n<p>Dem steht am anderen Ende die FDP gegen\u00fcber. Hier gilt: Auf ein Mitglied kommen nur noch zwei zus\u00e4tzliche W\u00e4hler &#8211; \u00fcber ihre Mitglieder hinaus ist es der Partei offenkundig kaum noch gelungen, Stimmen anzuziehen. Wenn die W\u00e4hlerschaft einer Partei zu rund einem Drittel aus gebundenen Mitgliedern besteht, kann jedenfalls von einem gesellschaftlichen R\u00fcckhalt jenseits der eigenen Partei kaum noch die Rede sein&#8230; <\/p>\n<p>(*) Die Mitgliederzahlen wurden aus verschiedenen Quellen zusammengestellt, u.a. den einschl\u00e4gigen Wikipedia-Seiten zu den Parteien im Saarland, der aktuellen Medienberichterstattung (im Falle der Piraten) sowie der <a href=\"http:\/\/www.polsoz.fu-berlin.de\/polwiss\/forschung\/systeme\/empsoz\/schriften\/Arbeitshefte\/Oskar_Niedermayer_-_Parteimitglieder_in_Deutschland__Version_2011.pdf\">Zusammenstellung von Oskar Niedermayer zu Parteimitgliedern in Deutschland<\/a>.<\/p>\n","protected":false},"excerpt":{"rendered":"<p>Fast ist der Punkt erreicht, an dem zur Landtagswahl im Saarland vom vergangenen Sonntag alles gesagt ist, nur noch nicht von jedem. Aber eine kleine Anmerkung zu dieser Wahl sei mir hier doch noch erlaubt, weil sie meines Erachtens sehr deutlich macht, was dort mit Blick auf die Parteien &#8211; und inbesondere die Piraten einerseits, [&hellip;]<\/p>\n","protected":false},"author":159,"featured_media":0,"comment_status":"open","ping_status":"closed","sticky":false,"template":"","format":"standard","meta":{"_jetpack_memberships_contains_paid_content":false,"footnotes":""},"categories":[1],"tags":[],"class_list":["post-3601","post","type-post","status-publish","format-standard","hentry","category-allgemein"],"yoast_head":"<!-- This site is optimized with the Yoast SEO plugin v21.0 - https:\/\/yoast.com\/wordpress\/plugins\/seo\/ -->\n<title>Parteien, Mitglieder, W\u00e4hler: Saarland - Zweitstimme<\/title>\n<meta name=\"robots\" content=\"index, follow, max-snippet:-1, max-image-preview:large, max-video-preview:-1\" \/>\n<link rel=\"canonical\" href=\"https:\/\/blog.zeit.de\/zweitstimme\/2012\/03\/28\/parteien-mitglieder-wahler-saarland\/\" \/>\n<meta property=\"og:locale\" content=\"de_DE\" \/>\n<meta property=\"og:type\" content=\"article\" \/>\n<meta property=\"og:title\" content=\"Parteien, Mitglieder, W\u00e4hler: Saarland - Zweitstimme\" \/>\n<meta property=\"og:description\" content=\"Fast ist der Punkt erreicht, an dem zur Landtagswahl im Saarland vom vergangenen Sonntag alles gesagt ist, nur noch nicht von jedem. Aber eine kleine Anmerkung zu dieser Wahl sei mir hier doch noch erlaubt, weil sie meines Erachtens sehr deutlich macht, was dort mit Blick auf die Parteien &#8211; und inbesondere die Piraten einerseits, [&hellip;]\" \/>\n<meta property=\"og:url\" content=\"https:\/\/blog.zeit.de\/zweitstimme\/2012\/03\/28\/parteien-mitglieder-wahler-saarland\/\" \/>\n<meta property=\"og:site_name\" content=\"Zweitstimme\" \/>\n<meta property=\"article:published_time\" content=\"2012-03-28T15:30:39+00:00\" \/>\n<meta property=\"og:image\" content=\"https:\/\/blog.zeit.de\/zweitstimme\/files\/2012\/03\/ratio.jpg\" \/>\n<meta name=\"author\" content=\"Thorsten Faas\" \/>\n<meta name=\"twitter:card\" content=\"summary_large_image\" \/>\n<meta name=\"twitter:label1\" content=\"Geschrieben von\" \/>\n\t<meta name=\"twitter:data1\" content=\"Thorsten Faas\" \/>\n\t<meta name=\"twitter:label2\" content=\"Gesch\u00e4tzte Lesezeit\" \/>\n\t<meta name=\"twitter:data2\" content=\"1\u00a0Minute\" \/>\n<script type=\"application\/ld+json\" class=\"yoast-schema-graph\">{\"@context\":\"https:\/\/schema.org\",\"@graph\":[{\"@type\":\"WebPage\",\"@id\":\"https:\/\/blog.zeit.de\/zweitstimme\/2012\/03\/28\/parteien-mitglieder-wahler-saarland\/\",\"url\":\"https:\/\/blog.zeit.de\/zweitstimme\/2012\/03\/28\/parteien-mitglieder-wahler-saarland\/\",\"name\":\"Parteien, Mitglieder, W\u00e4hler: Saarland - Zweitstimme\",\"isPartOf\":{\"@id\":\"https:\/\/blog.zeit.de\/zweitstimme\/#website\"},\"datePublished\":\"2012-03-28T15:30:39+00:00\",\"dateModified\":\"2012-03-28T15:30:39+00:00\",\"author\":{\"@id\":\"https:\/\/blog.zeit.de\/zweitstimme\/#\/schema\/person\/c8966fcbefdbf5bc9b49e3fcb509ca30\"},\"breadcrumb\":{\"@id\":\"https:\/\/blog.zeit.de\/zweitstimme\/2012\/03\/28\/parteien-mitglieder-wahler-saarland\/#breadcrumb\"},\"inLanguage\":\"de\",\"potentialAction\":[{\"@type\":\"ReadAction\",\"target\":[\"https:\/\/blog.zeit.de\/zweitstimme\/2012\/03\/28\/parteien-mitglieder-wahler-saarland\/\"]}]},{\"@type\":\"BreadcrumbList\",\"@id\":\"https:\/\/blog.zeit.de\/zweitstimme\/2012\/03\/28\/parteien-mitglieder-wahler-saarland\/#breadcrumb\",\"itemListElement\":[{\"@type\":\"ListItem\",\"position\":1,\"name\":\"Startseite\",\"item\":\"https:\/\/blog.zeit.de\/zweitstimme\/\"},{\"@type\":\"ListItem\",\"position\":2,\"name\":\"Parteien, Mitglieder, W\u00e4hler: Saarland\"}]},{\"@type\":\"WebSite\",\"@id\":\"https:\/\/blog.zeit.de\/zweitstimme\/#website\",\"url\":\"https:\/\/blog.zeit.de\/zweitstimme\/\",\"name\":\"Zweitstimme\",\"description\":\"Das Politik-Blog\",\"potentialAction\":[{\"@type\":\"SearchAction\",\"target\":{\"@type\":\"EntryPoint\",\"urlTemplate\":\"https:\/\/blog.zeit.de\/zweitstimme\/?s={search_term_string}\"},\"query-input\":\"required name=search_term_string\"}],\"inLanguage\":\"de\"},{\"@type\":\"Person\",\"@id\":\"https:\/\/blog.zeit.de\/zweitstimme\/#\/schema\/person\/c8966fcbefdbf5bc9b49e3fcb509ca30\",\"name\":\"Thorsten Faas\",\"image\":{\"@type\":\"ImageObject\",\"inLanguage\":\"de\",\"@id\":\"https:\/\/blog.zeit.de\/zweitstimme\/#\/schema\/person\/image\/\",\"url\":\"https:\/\/secure.gravatar.com\/avatar\/9501ddb19f2d28bb4ec82b8e714dbc2a893d06a1c164d4ddf835eb929bbc84bb?s=96&d=mm&r=g\",\"contentUrl\":\"https:\/\/secure.gravatar.com\/avatar\/9501ddb19f2d28bb4ec82b8e714dbc2a893d06a1c164d4ddf835eb929bbc84bb?s=96&d=mm&r=g\",\"caption\":\"Thorsten Faas\"},\"url\":\"https:\/\/blog.zeit.de\/zweitstimme\/author\/thorsten-faas\/\"}]}<\/script>\n<!-- \/ Yoast SEO plugin. -->","yoast_head_json":{"title":"Parteien, Mitglieder, W\u00e4hler: Saarland - Zweitstimme","robots":{"index":"index","follow":"follow","max-snippet":"max-snippet:-1","max-image-preview":"max-image-preview:large","max-video-preview":"max-video-preview:-1"},"canonical":"https:\/\/blog.zeit.de\/zweitstimme\/2012\/03\/28\/parteien-mitglieder-wahler-saarland\/","og_locale":"de_DE","og_type":"article","og_title":"Parteien, Mitglieder, W\u00e4hler: Saarland - Zweitstimme","og_description":"Fast ist der Punkt erreicht, an dem zur Landtagswahl im Saarland vom vergangenen Sonntag alles gesagt ist, nur noch nicht von jedem. Aber eine kleine Anmerkung zu dieser Wahl sei mir hier doch noch erlaubt, weil sie meines Erachtens sehr deutlich macht, was dort mit Blick auf die Parteien &#8211; und inbesondere die Piraten einerseits, [&hellip;]","og_url":"https:\/\/blog.zeit.de\/zweitstimme\/2012\/03\/28\/parteien-mitglieder-wahler-saarland\/","og_site_name":"Zweitstimme","article_published_time":"2012-03-28T15:30:39+00:00","og_image":[{"url":"https:\/\/blog.zeit.de\/zweitstimme\/files\/2012\/03\/ratio.jpg"}],"author":"Thorsten Faas","twitter_card":"summary_large_image","twitter_misc":{"Geschrieben von":"Thorsten Faas","Gesch\u00e4tzte Lesezeit":"1\u00a0Minute"},"schema":{"@context":"https:\/\/schema.org","@graph":[{"@type":"WebPage","@id":"https:\/\/blog.zeit.de\/zweitstimme\/2012\/03\/28\/parteien-mitglieder-wahler-saarland\/","url":"https:\/\/blog.zeit.de\/zweitstimme\/2012\/03\/28\/parteien-mitglieder-wahler-saarland\/","name":"Parteien, Mitglieder, W\u00e4hler: Saarland - Zweitstimme","isPartOf":{"@id":"https:\/\/blog.zeit.de\/zweitstimme\/#website"},"datePublished":"2012-03-28T15:30:39+00:00","dateModified":"2012-03-28T15:30:39+00:00","author":{"@id":"https:\/\/blog.zeit.de\/zweitstimme\/#\/schema\/person\/c8966fcbefdbf5bc9b49e3fcb509ca30"},"breadcrumb":{"@id":"https:\/\/blog.zeit.de\/zweitstimme\/2012\/03\/28\/parteien-mitglieder-wahler-saarland\/#breadcrumb"},"inLanguage":"de","potentialAction":[{"@type":"ReadAction","target":["https:\/\/blog.zeit.de\/zweitstimme\/2012\/03\/28\/parteien-mitglieder-wahler-saarland\/"]}]},{"@type":"BreadcrumbList","@id":"https:\/\/blog.zeit.de\/zweitstimme\/2012\/03\/28\/parteien-mitglieder-wahler-saarland\/#breadcrumb","itemListElement":[{"@type":"ListItem","position":1,"name":"Startseite","item":"https:\/\/blog.zeit.de\/zweitstimme\/"},{"@type":"ListItem","position":2,"name":"Parteien, Mitglieder, W\u00e4hler: Saarland"}]},{"@type":"WebSite","@id":"https:\/\/blog.zeit.de\/zweitstimme\/#website","url":"https:\/\/blog.zeit.de\/zweitstimme\/","name":"Zweitstimme","description":"Das Politik-Blog","potentialAction":[{"@type":"SearchAction","target":{"@type":"EntryPoint","urlTemplate":"https:\/\/blog.zeit.de\/zweitstimme\/?s={search_term_string}"},"query-input":"required name=search_term_string"}],"inLanguage":"de"},{"@type":"Person","@id":"https:\/\/blog.zeit.de\/zweitstimme\/#\/schema\/person\/c8966fcbefdbf5bc9b49e3fcb509ca30","name":"Thorsten Faas","image":{"@type":"ImageObject","inLanguage":"de","@id":"https:\/\/blog.zeit.de\/zweitstimme\/#\/schema\/person\/image\/","url":"https:\/\/secure.gravatar.com\/avatar\/9501ddb19f2d28bb4ec82b8e714dbc2a893d06a1c164d4ddf835eb929bbc84bb?s=96&d=mm&r=g","contentUrl":"https:\/\/secure.gravatar.com\/avatar\/9501ddb19f2d28bb4ec82b8e714dbc2a893d06a1c164d4ddf835eb929bbc84bb?s=96&d=mm&r=g","caption":"Thorsten Faas"},"url":"https:\/\/blog.zeit.de\/zweitstimme\/author\/thorsten-faas\/"}]}},"jetpack_featured_media_url":"","jetpack_sharing_enabled":true,"_links":{"self":[{"href":"https:\/\/blog.zeit.de\/zweitstimme\/wp-json\/wp\/v2\/posts\/3601","targetHints":{"allow":["GET"]}}],"collection":[{"href":"https:\/\/blog.zeit.de\/zweitstimme\/wp-json\/wp\/v2\/posts"}],"about":[{"href":"https:\/\/blog.zeit.de\/zweitstimme\/wp-json\/wp\/v2\/types\/post"}],"author":[{"embeddable":true,"href":"https:\/\/blog.zeit.de\/zweitstimme\/wp-json\/wp\/v2\/users\/159"}],"replies":[{"embeddable":true,"href":"https:\/\/blog.zeit.de\/zweitstimme\/wp-json\/wp\/v2\/comments?post=3601"}],"version-history":[{"count":3,"href":"https:\/\/blog.zeit.de\/zweitstimme\/wp-json\/wp\/v2\/posts\/3601\/revisions"}],"predecessor-version":[{"id":3605,"href":"https:\/\/blog.zeit.de\/zweitstimme\/wp-json\/wp\/v2\/posts\/3601\/revisions\/3605"}],"wp:attachment":[{"href":"https:\/\/blog.zeit.de\/zweitstimme\/wp-json\/wp\/v2\/media?parent=3601"}],"wp:term":[{"taxonomy":"category","embeddable":true,"href":"https:\/\/blog.zeit.de\/zweitstimme\/wp-json\/wp\/v2\/categories?post=3601"},{"taxonomy":"post_tag","embeddable":true,"href":"https:\/\/blog.zeit.de\/zweitstimme\/wp-json\/wp\/v2\/tags?post=3601"}],"curies":[{"name":"wp","href":"https:\/\/api.w.org\/{rel}","templated":true}]}}