{"id":3638,"date":"2012-04-20T13:34:24","date_gmt":"2012-04-20T11:34:24","guid":{"rendered":"http:\/\/blog.zeit.de\/zweitstimme\/?p=3638"},"modified":"2012-04-20T14:39:42","modified_gmt":"2012-04-20T12:39:42","slug":"weisbands-anti-nazi-brandbrief","status":"publish","type":"post","link":"https:\/\/blog.zeit.de\/zweitstimme\/2012\/04\/20\/weisbands-anti-nazi-brandbrief\/","title":{"rendered":"Weisbands Anti-Nazi-Brandbrief"},"content":{"rendered":"<p>Marina Weisband &#8222;reicht&#8217;s jetzt&#8220;. So ist ein neuer, lesenswerter <a href=\"http:\/\/www.marinaslied.de\/?p=726\">Beitrag in ihrem Blog<\/a> \u00fcberschrieben. Es geht um den Umgang der Piratenpartei mit rechtsextremen Mitgliedern. F\u00fcr eine hitzige Debatte hatte zuletzt der Berliner Landesvorsitzende Hartmut Semken gesorgt, der <a href=\"http:\/\/www.hase.net\/blog\/haseblog\/hases_blog\/Eintrage\/2012\/4\/10_Ausgrenzung.html\">in seinem Blog<\/a> f\u00fcr einen toleranten Umgang mit rechten Parteifreunden pl\u00e4dierte.<\/p>\n<p>Weisband, die politische Gesch\u00e4ftsf\u00fchrerin und prominenteste weibliche Aktivistin der Piraten, fordert klare Regeln f\u00fcr den Umgang mit rechtsextremem Gedankengut. Sie verlangt, dass sich alle Piraten &#8222;ohne Relativierung&#8220; von Rassismus, Antisemitismus, Islamophobie \u2013 und &#8222;jedem weiteren Weltbild, das Menschengruppen ausgrenzt oder verachtet&#8220; distanziert.<\/p>\n<p>Die Piratenpartei basiere darauf, dass &#8222;alle Menschen gleichwertig sind&#8220;, bloggt Weisband. W\u00fcrde man rechtsextremes Gedankengut weiter dulden, w\u00fcrden die wichtigen, anderen Ideen der Piraten &#8222;in lauter M\u00fcll und Dreck&#8220; versinken.<\/p>\n<p>Der Berliner Landeschef Semken r\u00e4umte inzwischen ein, <a href=\"http:\/\/www.hase.net\/blog\/haseblog\/hases_blog\/Eintrage\/2012\/4\/10_Ausgrenzung.html\">mit seinen \u00c4u\u00dferungen<\/a> einen Fehler begangen zu haben. Zur\u00fccktreten, wie das <a href=\"http:\/\/www.zeit.de\/politik\/deutschland\/2012-04\/piraten-rechtsextremismus\">etliche Parteifreunde bereits fordern<\/a>, will er indes nicht.<\/p>\n<p>Sein Landesverband k\u00fcndigte am heutigen Freitag an, den Umgang mit rechtsextremen Tendenzen in der Partei auf einer Konferenz Ende Mai diskutieren zu wollen. &#8222;Wir erkennen an, dass das Problem von Rassismus und Diskriminierung in der Gesellschaft und in der Piratenpartei existiert \u2013 von Einzelf\u00e4llen zu sprechen ist falsch&#8220;, teilte der Landesverband mit. Er widerspricht damit Parteichef Sebastian Nerz, der am Vortag behauptet hatte, die Piraten h\u00e4tten <a href=\"http:\/\/www.tagesspiegel.de\/berlin\/debatte-um-rechtsextreme-parteimitglieder-nerz-wir-haben-kein-rechtes-problem-in-der-piratenpartei\/6529148.html\" target=\"_blank\">&#8222;kein rechtes Problem&#8220;<\/a>.<\/p>\n","protected":false},"excerpt":{"rendered":"<p>Marina Weisband &#8222;reicht&#8217;s jetzt&#8220;. So ist ein neuer, lesenswerter Beitrag in ihrem Blog \u00fcberschrieben. Es geht um den Umgang der Piratenpartei mit rechtsextremen Mitgliedern. F\u00fcr eine hitzige Debatte hatte zuletzt der Berliner Landesvorsitzende Hartmut Semken gesorgt, der in seinem Blog f\u00fcr einen toleranten Umgang mit rechten Parteifreunden pl\u00e4dierte. Weisband, die politische Gesch\u00e4ftsf\u00fchrerin und prominenteste weibliche [&hellip;]<\/p>\n","protected":false},"author":144,"featured_media":0,"comment_status":"open","ping_status":"closed","sticky":false,"template":"","format":"standard","meta":{"_jetpack_memberships_contains_paid_content":false,"footnotes":""},"categories":[1],"tags":[18646,7272],"class_list":["post-3638","post","type-post","status-publish","format-standard","hentry","category-allgemein","tag-piraten","tag-rechts"],"yoast_head":"<!-- This site is optimized with the Yoast SEO plugin v21.0 - https:\/\/yoast.com\/wordpress\/plugins\/seo\/ -->\n<title>Weisbands Anti-Nazi-Brandbrief - Zweitstimme<\/title>\n<meta name=\"robots\" content=\"index, follow, max-snippet:-1, max-image-preview:large, max-video-preview:-1\" \/>\n<link rel=\"canonical\" href=\"https:\/\/blog.zeit.de\/zweitstimme\/2012\/04\/20\/weisbands-anti-nazi-brandbrief\/\" \/>\n<meta property=\"og:locale\" content=\"de_DE\" \/>\n<meta property=\"og:type\" content=\"article\" \/>\n<meta property=\"og:title\" content=\"Weisbands Anti-Nazi-Brandbrief - Zweitstimme\" \/>\n<meta property=\"og:description\" content=\"Marina Weisband &#8222;reicht&#8217;s jetzt&#8220;. So ist ein neuer, lesenswerter Beitrag in ihrem Blog \u00fcberschrieben. Es geht um den Umgang der Piratenpartei mit rechtsextremen Mitgliedern. F\u00fcr eine hitzige Debatte hatte zuletzt der Berliner Landesvorsitzende Hartmut Semken gesorgt, der in seinem Blog f\u00fcr einen toleranten Umgang mit rechten Parteifreunden pl\u00e4dierte. Weisband, die politische Gesch\u00e4ftsf\u00fchrerin und prominenteste weibliche [&hellip;]\" \/>\n<meta property=\"og:url\" content=\"https:\/\/blog.zeit.de\/zweitstimme\/2012\/04\/20\/weisbands-anti-nazi-brandbrief\/\" \/>\n<meta property=\"og:site_name\" content=\"Zweitstimme\" \/>\n<meta property=\"article:published_time\" content=\"2012-04-20T11:34:24+00:00\" \/>\n<meta property=\"article:modified_time\" content=\"2012-04-20T12:39:42+00:00\" \/>\n<meta name=\"author\" content=\"Michael Schlieben\" \/>\n<meta name=\"twitter:card\" content=\"summary_large_image\" \/>\n<meta name=\"twitter:label1\" content=\"Geschrieben von\" \/>\n\t<meta name=\"twitter:data1\" content=\"Michael Schlieben\" \/>\n\t<meta name=\"twitter:label2\" content=\"Gesch\u00e4tzte Lesezeit\" \/>\n\t<meta name=\"twitter:data2\" content=\"1\u00a0Minute\" \/>\n<script type=\"application\/ld+json\" class=\"yoast-schema-graph\">{\"@context\":\"https:\/\/schema.org\",\"@graph\":[{\"@type\":\"WebPage\",\"@id\":\"https:\/\/blog.zeit.de\/zweitstimme\/2012\/04\/20\/weisbands-anti-nazi-brandbrief\/\",\"url\":\"https:\/\/blog.zeit.de\/zweitstimme\/2012\/04\/20\/weisbands-anti-nazi-brandbrief\/\",\"name\":\"Weisbands Anti-Nazi-Brandbrief - Zweitstimme\",\"isPartOf\":{\"@id\":\"https:\/\/blog.zeit.de\/zweitstimme\/#website\"},\"datePublished\":\"2012-04-20T11:34:24+00:00\",\"dateModified\":\"2012-04-20T12:39:42+00:00\",\"author\":{\"@id\":\"https:\/\/blog.zeit.de\/zweitstimme\/#\/schema\/person\/00fd0180651cfe096af5af4ab8d3833d\"},\"breadcrumb\":{\"@id\":\"https:\/\/blog.zeit.de\/zweitstimme\/2012\/04\/20\/weisbands-anti-nazi-brandbrief\/#breadcrumb\"},\"inLanguage\":\"de\",\"potentialAction\":[{\"@type\":\"ReadAction\",\"target\":[\"https:\/\/blog.zeit.de\/zweitstimme\/2012\/04\/20\/weisbands-anti-nazi-brandbrief\/\"]}]},{\"@type\":\"BreadcrumbList\",\"@id\":\"https:\/\/blog.zeit.de\/zweitstimme\/2012\/04\/20\/weisbands-anti-nazi-brandbrief\/#breadcrumb\",\"itemListElement\":[{\"@type\":\"ListItem\",\"position\":1,\"name\":\"Startseite\",\"item\":\"https:\/\/blog.zeit.de\/zweitstimme\/\"},{\"@type\":\"ListItem\",\"position\":2,\"name\":\"Weisbands Anti-Nazi-Brandbrief\"}]},{\"@type\":\"WebSite\",\"@id\":\"https:\/\/blog.zeit.de\/zweitstimme\/#website\",\"url\":\"https:\/\/blog.zeit.de\/zweitstimme\/\",\"name\":\"Zweitstimme\",\"description\":\"Das Politik-Blog\",\"potentialAction\":[{\"@type\":\"SearchAction\",\"target\":{\"@type\":\"EntryPoint\",\"urlTemplate\":\"https:\/\/blog.zeit.de\/zweitstimme\/?s={search_term_string}\"},\"query-input\":\"required name=search_term_string\"}],\"inLanguage\":\"de\"},{\"@type\":\"Person\",\"@id\":\"https:\/\/blog.zeit.de\/zweitstimme\/#\/schema\/person\/00fd0180651cfe096af5af4ab8d3833d\",\"name\":\"Michael Schlieben\",\"image\":{\"@type\":\"ImageObject\",\"inLanguage\":\"de\",\"@id\":\"https:\/\/blog.zeit.de\/zweitstimme\/#\/schema\/person\/image\/\",\"url\":\"https:\/\/secure.gravatar.com\/avatar\/ae339ef193f3b4d9b9c801960e39eccc8bb25f18bc7e803824e0760ca6f97b51?s=96&d=mm&r=g\",\"contentUrl\":\"https:\/\/secure.gravatar.com\/avatar\/ae339ef193f3b4d9b9c801960e39eccc8bb25f18bc7e803824e0760ca6f97b51?s=96&d=mm&r=g\",\"caption\":\"Michael Schlieben\"},\"url\":\"https:\/\/blog.zeit.de\/zweitstimme\/author\/michael-schlieben\/\"}]}<\/script>\n<!-- \/ Yoast SEO plugin. -->","yoast_head_json":{"title":"Weisbands Anti-Nazi-Brandbrief - Zweitstimme","robots":{"index":"index","follow":"follow","max-snippet":"max-snippet:-1","max-image-preview":"max-image-preview:large","max-video-preview":"max-video-preview:-1"},"canonical":"https:\/\/blog.zeit.de\/zweitstimme\/2012\/04\/20\/weisbands-anti-nazi-brandbrief\/","og_locale":"de_DE","og_type":"article","og_title":"Weisbands Anti-Nazi-Brandbrief - Zweitstimme","og_description":"Marina Weisband &#8222;reicht&#8217;s jetzt&#8220;. So ist ein neuer, lesenswerter Beitrag in ihrem Blog \u00fcberschrieben. Es geht um den Umgang der Piratenpartei mit rechtsextremen Mitgliedern. F\u00fcr eine hitzige Debatte hatte zuletzt der Berliner Landesvorsitzende Hartmut Semken gesorgt, der in seinem Blog f\u00fcr einen toleranten Umgang mit rechten Parteifreunden pl\u00e4dierte. Weisband, die politische Gesch\u00e4ftsf\u00fchrerin und prominenteste weibliche [&hellip;]","og_url":"https:\/\/blog.zeit.de\/zweitstimme\/2012\/04\/20\/weisbands-anti-nazi-brandbrief\/","og_site_name":"Zweitstimme","article_published_time":"2012-04-20T11:34:24+00:00","article_modified_time":"2012-04-20T12:39:42+00:00","author":"Michael Schlieben","twitter_card":"summary_large_image","twitter_misc":{"Geschrieben von":"Michael Schlieben","Gesch\u00e4tzte Lesezeit":"1\u00a0Minute"},"schema":{"@context":"https:\/\/schema.org","@graph":[{"@type":"WebPage","@id":"https:\/\/blog.zeit.de\/zweitstimme\/2012\/04\/20\/weisbands-anti-nazi-brandbrief\/","url":"https:\/\/blog.zeit.de\/zweitstimme\/2012\/04\/20\/weisbands-anti-nazi-brandbrief\/","name":"Weisbands Anti-Nazi-Brandbrief - Zweitstimme","isPartOf":{"@id":"https:\/\/blog.zeit.de\/zweitstimme\/#website"},"datePublished":"2012-04-20T11:34:24+00:00","dateModified":"2012-04-20T12:39:42+00:00","author":{"@id":"https:\/\/blog.zeit.de\/zweitstimme\/#\/schema\/person\/00fd0180651cfe096af5af4ab8d3833d"},"breadcrumb":{"@id":"https:\/\/blog.zeit.de\/zweitstimme\/2012\/04\/20\/weisbands-anti-nazi-brandbrief\/#breadcrumb"},"inLanguage":"de","potentialAction":[{"@type":"ReadAction","target":["https:\/\/blog.zeit.de\/zweitstimme\/2012\/04\/20\/weisbands-anti-nazi-brandbrief\/"]}]},{"@type":"BreadcrumbList","@id":"https:\/\/blog.zeit.de\/zweitstimme\/2012\/04\/20\/weisbands-anti-nazi-brandbrief\/#breadcrumb","itemListElement":[{"@type":"ListItem","position":1,"name":"Startseite","item":"https:\/\/blog.zeit.de\/zweitstimme\/"},{"@type":"ListItem","position":2,"name":"Weisbands Anti-Nazi-Brandbrief"}]},{"@type":"WebSite","@id":"https:\/\/blog.zeit.de\/zweitstimme\/#website","url":"https:\/\/blog.zeit.de\/zweitstimme\/","name":"Zweitstimme","description":"Das Politik-Blog","potentialAction":[{"@type":"SearchAction","target":{"@type":"EntryPoint","urlTemplate":"https:\/\/blog.zeit.de\/zweitstimme\/?s={search_term_string}"},"query-input":"required name=search_term_string"}],"inLanguage":"de"},{"@type":"Person","@id":"https:\/\/blog.zeit.de\/zweitstimme\/#\/schema\/person\/00fd0180651cfe096af5af4ab8d3833d","name":"Michael Schlieben","image":{"@type":"ImageObject","inLanguage":"de","@id":"https:\/\/blog.zeit.de\/zweitstimme\/#\/schema\/person\/image\/","url":"https:\/\/secure.gravatar.com\/avatar\/ae339ef193f3b4d9b9c801960e39eccc8bb25f18bc7e803824e0760ca6f97b51?s=96&d=mm&r=g","contentUrl":"https:\/\/secure.gravatar.com\/avatar\/ae339ef193f3b4d9b9c801960e39eccc8bb25f18bc7e803824e0760ca6f97b51?s=96&d=mm&r=g","caption":"Michael Schlieben"},"url":"https:\/\/blog.zeit.de\/zweitstimme\/author\/michael-schlieben\/"}]}},"jetpack_featured_media_url":"","jetpack_sharing_enabled":true,"_links":{"self":[{"href":"https:\/\/blog.zeit.de\/zweitstimme\/wp-json\/wp\/v2\/posts\/3638","targetHints":{"allow":["GET"]}}],"collection":[{"href":"https:\/\/blog.zeit.de\/zweitstimme\/wp-json\/wp\/v2\/posts"}],"about":[{"href":"https:\/\/blog.zeit.de\/zweitstimme\/wp-json\/wp\/v2\/types\/post"}],"author":[{"embeddable":true,"href":"https:\/\/blog.zeit.de\/zweitstimme\/wp-json\/wp\/v2\/users\/144"}],"replies":[{"embeddable":true,"href":"https:\/\/blog.zeit.de\/zweitstimme\/wp-json\/wp\/v2\/comments?post=3638"}],"version-history":[{"count":9,"href":"https:\/\/blog.zeit.de\/zweitstimme\/wp-json\/wp\/v2\/posts\/3638\/revisions"}],"predecessor-version":[{"id":3658,"href":"https:\/\/blog.zeit.de\/zweitstimme\/wp-json\/wp\/v2\/posts\/3638\/revisions\/3658"}],"wp:attachment":[{"href":"https:\/\/blog.zeit.de\/zweitstimme\/wp-json\/wp\/v2\/media?parent=3638"}],"wp:term":[{"taxonomy":"category","embeddable":true,"href":"https:\/\/blog.zeit.de\/zweitstimme\/wp-json\/wp\/v2\/categories?post=3638"},{"taxonomy":"post_tag","embeddable":true,"href":"https:\/\/blog.zeit.de\/zweitstimme\/wp-json\/wp\/v2\/tags?post=3638"}],"curies":[{"name":"wp","href":"https:\/\/api.w.org\/{rel}","templated":true}]}}