{"id":3683,"date":"2012-05-05T15:37:19","date_gmt":"2012-05-05T13:37:19","guid":{"rendered":"http:\/\/blog.zeit.de\/zweitstimme\/?p=3683"},"modified":"2012-05-05T15:37:19","modified_gmt":"2012-05-05T13:37:19","slug":"ps-ssw-wahlomat","status":"publish","type":"post","link":"https:\/\/blog.zeit.de\/zweitstimme\/2012\/05\/05\/ps-ssw-wahlomat\/","title":{"rendered":"PS: SSW @ Wahlomat"},"content":{"rendered":"<p>Eine Besonderheit der Wahl am morgigen Sonntag in Schleswig-Holstein ist nat\u00fcrlich der S\u00fcdschleswigsche W\u00e4hlerverband (SSW) &#8211; <a href=\"http:\/\/wahl.ssw.de\/der-ssw.html\">nach eigenen Angaben die &#8222;politische Vertretung der d\u00e4nischen Minderheit und der Friesen&#8220;<\/a>. Als Vertretung einer Minderheit wird auch die f\u00fcr andere Parteien geltende (und bedrohliche) 5%-H\u00fcrde f\u00fcr den SSW nicht greifen; der SSW wird in jedem Fall Abgeordnete in den Kieler Landtag entsenden.<\/p>\n<p>Angesichts der Knappheit der Umfragen k\u00f6nnte dem SSW die Rolle des Z\u00fcngleins an der Waage zukommen. Wie aber steht der SSW zu den politischen Fragen und Problemen des Landes? Wie schon zuvor mit Blick auf <a href=\"https:\/\/blog.zeit.de\/zweitstimme\/2012\/05\/03\/schleswig-holstein-wahl-o-mat\/\">die anderen Parteien im Norden des Landes <\/a>kann man dazu auf den Wahlomaten und die dort pr\u00e4sentierten 38 Thesen zur\u00fcckgreifen. Wie hat der SSW die 38 Thesen beantwortet? Und welches Ma\u00df an (Nicht-)\u00dcbereinstimmung ergibt sich daraus zu den anderen Parteien? Die folgende Abbildung zeigt die entsprechenden Indexwerte der \u00dcbereinstimmung (*):<\/p>\n<p><strong>Grad der \u00dcbereinstimmung zwischen SSW und anderen Parteien in Schleswig-Holstein<\/strong><\/p>\n<p><a href=\"https:\/\/blog.zeit.de\/zweitstimme\/files\/2012\/05\/shssw.png\"><img loading=\"lazy\" decoding=\"async\" src=\"https:\/\/blog.zeit.de\/zweitstimme\/files\/2012\/05\/shssw.png\" alt=\"\" width=\"550\" height=\"400\" class=\"aligncenter size-full wp-image-3684\" srcset=\"https:\/\/blog.zeit.de\/zweitstimme\/files\/2012\/05\/shssw.png 550w, https:\/\/blog.zeit.de\/zweitstimme\/files\/2012\/05\/shssw-300x218.png 300w\" sizes=\"auto, (max-width: 550px) 100vw, 550px\" \/><\/a><\/p>\n<p>Die Ergebnisse zeigen, dass mit dem SSW noch eine Partei vor allem auf der linken Seite des politischen Spektrums positioniert ist. Die gr\u00f6\u00dfte \u00dcbereinstimmung ergibt sich zur SPD, gefolgt von Linken und Gr\u00fcnen. Auch mit den Piraten stimmt der SSW in 60% der F\u00e4lle \u00fcberein. Auf der anderen Seite \u00fcberwiegen gegen\u00fcber der CDU die Unterschiede.<\/p>\n<p>Zumindest aus inhaltlicher Sicht w\u00e4re also eine rot-gr\u00fcne Regierung, die der SSW toleriert, gerechtfertigt. Ob das allerdings mit der Rolle des SSW als Vertretung der Minderheit in Einklang zu bringen ist (gerade auch im Falle eines Ergebnisses von weniger als 5%), wird sicher heftig diskutiert werden.<\/p>\n<p>(*) Der Index berechnet sich wie folgt: F\u00fcr jedes Paar von Parteien wird \u00fcber alle 38 Thesen hinweg gez\u00e4hlt, wie oft die Parteien \u00fcbereinstimmen. Jede \u00dcbereinstimmung gibt einen Punkt, jede Kombination von \u201cstimme zu\u201d oder \u201cstimme nicht zu\u201d mit \u201cneutral\u201d einen halben Punkt. Addiert man diese Punkte zusammen und teilt die Summe durch 38 (die Zahl der Thesen), erh\u00e4lt man den Index. Die Annahme ist dabei nat\u00fcrlich, dass alle Thesen gleich wichtig sind.<\/p>\n","protected":false},"excerpt":{"rendered":"<p>Eine Besonderheit der Wahl am morgigen Sonntag in Schleswig-Holstein ist nat\u00fcrlich der S\u00fcdschleswigsche W\u00e4hlerverband (SSW) &#8211; nach eigenen Angaben die &#8222;politische Vertretung der d\u00e4nischen Minderheit und der Friesen&#8220;. Als Vertretung einer Minderheit wird auch die f\u00fcr andere Parteien geltende (und bedrohliche) 5%-H\u00fcrde f\u00fcr den SSW nicht greifen; der SSW wird in jedem Fall Abgeordnete in [&hellip;]<\/p>\n","protected":false},"author":159,"featured_media":0,"comment_status":"open","ping_status":"closed","sticky":false,"template":"","format":"standard","meta":{"_jetpack_memberships_contains_paid_content":false,"footnotes":""},"categories":[1],"tags":[],"class_list":["post-3683","post","type-post","status-publish","format-standard","hentry","category-allgemein"],"yoast_head":"<!-- This site is optimized with the Yoast SEO plugin v21.0 - https:\/\/yoast.com\/wordpress\/plugins\/seo\/ -->\n<title>PS: SSW @ Wahlomat - Zweitstimme<\/title>\n<meta name=\"robots\" content=\"index, follow, max-snippet:-1, max-image-preview:large, max-video-preview:-1\" \/>\n<link rel=\"canonical\" href=\"https:\/\/blog.zeit.de\/zweitstimme\/2012\/05\/05\/ps-ssw-wahlomat\/\" \/>\n<meta property=\"og:locale\" content=\"de_DE\" \/>\n<meta property=\"og:type\" content=\"article\" \/>\n<meta property=\"og:title\" content=\"PS: SSW @ Wahlomat - Zweitstimme\" \/>\n<meta property=\"og:description\" content=\"Eine Besonderheit der Wahl am morgigen Sonntag in Schleswig-Holstein ist nat\u00fcrlich der S\u00fcdschleswigsche W\u00e4hlerverband (SSW) &#8211; nach eigenen Angaben die &#8222;politische Vertretung der d\u00e4nischen Minderheit und der Friesen&#8220;. Als Vertretung einer Minderheit wird auch die f\u00fcr andere Parteien geltende (und bedrohliche) 5%-H\u00fcrde f\u00fcr den SSW nicht greifen; der SSW wird in jedem Fall Abgeordnete in [&hellip;]\" \/>\n<meta property=\"og:url\" content=\"https:\/\/blog.zeit.de\/zweitstimme\/2012\/05\/05\/ps-ssw-wahlomat\/\" \/>\n<meta property=\"og:site_name\" content=\"Zweitstimme\" \/>\n<meta property=\"article:published_time\" content=\"2012-05-05T13:37:19+00:00\" \/>\n<meta property=\"og:image\" content=\"https:\/\/blog.zeit.de\/zweitstimme\/files\/2012\/05\/shssw.png\" \/>\n<meta name=\"author\" content=\"Thorsten Faas\" \/>\n<meta name=\"twitter:card\" content=\"summary_large_image\" \/>\n<meta name=\"twitter:label1\" content=\"Geschrieben von\" \/>\n\t<meta name=\"twitter:data1\" content=\"Thorsten Faas\" \/>\n\t<meta name=\"twitter:label2\" content=\"Gesch\u00e4tzte Lesezeit\" \/>\n\t<meta name=\"twitter:data2\" content=\"2\u00a0Minuten\" \/>\n<script type=\"application\/ld+json\" class=\"yoast-schema-graph\">{\"@context\":\"https:\/\/schema.org\",\"@graph\":[{\"@type\":\"WebPage\",\"@id\":\"https:\/\/blog.zeit.de\/zweitstimme\/2012\/05\/05\/ps-ssw-wahlomat\/\",\"url\":\"https:\/\/blog.zeit.de\/zweitstimme\/2012\/05\/05\/ps-ssw-wahlomat\/\",\"name\":\"PS: SSW @ Wahlomat - Zweitstimme\",\"isPartOf\":{\"@id\":\"https:\/\/blog.zeit.de\/zweitstimme\/#website\"},\"datePublished\":\"2012-05-05T13:37:19+00:00\",\"dateModified\":\"2012-05-05T13:37:19+00:00\",\"author\":{\"@id\":\"https:\/\/blog.zeit.de\/zweitstimme\/#\/schema\/person\/c8966fcbefdbf5bc9b49e3fcb509ca30\"},\"breadcrumb\":{\"@id\":\"https:\/\/blog.zeit.de\/zweitstimme\/2012\/05\/05\/ps-ssw-wahlomat\/#breadcrumb\"},\"inLanguage\":\"de\",\"potentialAction\":[{\"@type\":\"ReadAction\",\"target\":[\"https:\/\/blog.zeit.de\/zweitstimme\/2012\/05\/05\/ps-ssw-wahlomat\/\"]}]},{\"@type\":\"BreadcrumbList\",\"@id\":\"https:\/\/blog.zeit.de\/zweitstimme\/2012\/05\/05\/ps-ssw-wahlomat\/#breadcrumb\",\"itemListElement\":[{\"@type\":\"ListItem\",\"position\":1,\"name\":\"Startseite\",\"item\":\"https:\/\/blog.zeit.de\/zweitstimme\/\"},{\"@type\":\"ListItem\",\"position\":2,\"name\":\"PS: SSW @ Wahlomat\"}]},{\"@type\":\"WebSite\",\"@id\":\"https:\/\/blog.zeit.de\/zweitstimme\/#website\",\"url\":\"https:\/\/blog.zeit.de\/zweitstimme\/\",\"name\":\"Zweitstimme\",\"description\":\"Das Politik-Blog\",\"potentialAction\":[{\"@type\":\"SearchAction\",\"target\":{\"@type\":\"EntryPoint\",\"urlTemplate\":\"https:\/\/blog.zeit.de\/zweitstimme\/?s={search_term_string}\"},\"query-input\":\"required name=search_term_string\"}],\"inLanguage\":\"de\"},{\"@type\":\"Person\",\"@id\":\"https:\/\/blog.zeit.de\/zweitstimme\/#\/schema\/person\/c8966fcbefdbf5bc9b49e3fcb509ca30\",\"name\":\"Thorsten Faas\",\"image\":{\"@type\":\"ImageObject\",\"inLanguage\":\"de\",\"@id\":\"https:\/\/blog.zeit.de\/zweitstimme\/#\/schema\/person\/image\/\",\"url\":\"https:\/\/secure.gravatar.com\/avatar\/9501ddb19f2d28bb4ec82b8e714dbc2a893d06a1c164d4ddf835eb929bbc84bb?s=96&d=mm&r=g\",\"contentUrl\":\"https:\/\/secure.gravatar.com\/avatar\/9501ddb19f2d28bb4ec82b8e714dbc2a893d06a1c164d4ddf835eb929bbc84bb?s=96&d=mm&r=g\",\"caption\":\"Thorsten Faas\"},\"url\":\"https:\/\/blog.zeit.de\/zweitstimme\/author\/thorsten-faas\/\"}]}<\/script>\n<!-- \/ Yoast SEO plugin. -->","yoast_head_json":{"title":"PS: SSW @ Wahlomat - Zweitstimme","robots":{"index":"index","follow":"follow","max-snippet":"max-snippet:-1","max-image-preview":"max-image-preview:large","max-video-preview":"max-video-preview:-1"},"canonical":"https:\/\/blog.zeit.de\/zweitstimme\/2012\/05\/05\/ps-ssw-wahlomat\/","og_locale":"de_DE","og_type":"article","og_title":"PS: SSW @ Wahlomat - Zweitstimme","og_description":"Eine Besonderheit der Wahl am morgigen Sonntag in Schleswig-Holstein ist nat\u00fcrlich der S\u00fcdschleswigsche W\u00e4hlerverband (SSW) &#8211; nach eigenen Angaben die &#8222;politische Vertretung der d\u00e4nischen Minderheit und der Friesen&#8220;. Als Vertretung einer Minderheit wird auch die f\u00fcr andere Parteien geltende (und bedrohliche) 5%-H\u00fcrde f\u00fcr den SSW nicht greifen; der SSW wird in jedem Fall Abgeordnete in [&hellip;]","og_url":"https:\/\/blog.zeit.de\/zweitstimme\/2012\/05\/05\/ps-ssw-wahlomat\/","og_site_name":"Zweitstimme","article_published_time":"2012-05-05T13:37:19+00:00","og_image":[{"url":"https:\/\/blog.zeit.de\/zweitstimme\/files\/2012\/05\/shssw.png"}],"author":"Thorsten Faas","twitter_card":"summary_large_image","twitter_misc":{"Geschrieben von":"Thorsten Faas","Gesch\u00e4tzte Lesezeit":"2\u00a0Minuten"},"schema":{"@context":"https:\/\/schema.org","@graph":[{"@type":"WebPage","@id":"https:\/\/blog.zeit.de\/zweitstimme\/2012\/05\/05\/ps-ssw-wahlomat\/","url":"https:\/\/blog.zeit.de\/zweitstimme\/2012\/05\/05\/ps-ssw-wahlomat\/","name":"PS: SSW @ Wahlomat - Zweitstimme","isPartOf":{"@id":"https:\/\/blog.zeit.de\/zweitstimme\/#website"},"datePublished":"2012-05-05T13:37:19+00:00","dateModified":"2012-05-05T13:37:19+00:00","author":{"@id":"https:\/\/blog.zeit.de\/zweitstimme\/#\/schema\/person\/c8966fcbefdbf5bc9b49e3fcb509ca30"},"breadcrumb":{"@id":"https:\/\/blog.zeit.de\/zweitstimme\/2012\/05\/05\/ps-ssw-wahlomat\/#breadcrumb"},"inLanguage":"de","potentialAction":[{"@type":"ReadAction","target":["https:\/\/blog.zeit.de\/zweitstimme\/2012\/05\/05\/ps-ssw-wahlomat\/"]}]},{"@type":"BreadcrumbList","@id":"https:\/\/blog.zeit.de\/zweitstimme\/2012\/05\/05\/ps-ssw-wahlomat\/#breadcrumb","itemListElement":[{"@type":"ListItem","position":1,"name":"Startseite","item":"https:\/\/blog.zeit.de\/zweitstimme\/"},{"@type":"ListItem","position":2,"name":"PS: SSW @ Wahlomat"}]},{"@type":"WebSite","@id":"https:\/\/blog.zeit.de\/zweitstimme\/#website","url":"https:\/\/blog.zeit.de\/zweitstimme\/","name":"Zweitstimme","description":"Das Politik-Blog","potentialAction":[{"@type":"SearchAction","target":{"@type":"EntryPoint","urlTemplate":"https:\/\/blog.zeit.de\/zweitstimme\/?s={search_term_string}"},"query-input":"required name=search_term_string"}],"inLanguage":"de"},{"@type":"Person","@id":"https:\/\/blog.zeit.de\/zweitstimme\/#\/schema\/person\/c8966fcbefdbf5bc9b49e3fcb509ca30","name":"Thorsten Faas","image":{"@type":"ImageObject","inLanguage":"de","@id":"https:\/\/blog.zeit.de\/zweitstimme\/#\/schema\/person\/image\/","url":"https:\/\/secure.gravatar.com\/avatar\/9501ddb19f2d28bb4ec82b8e714dbc2a893d06a1c164d4ddf835eb929bbc84bb?s=96&d=mm&r=g","contentUrl":"https:\/\/secure.gravatar.com\/avatar\/9501ddb19f2d28bb4ec82b8e714dbc2a893d06a1c164d4ddf835eb929bbc84bb?s=96&d=mm&r=g","caption":"Thorsten Faas"},"url":"https:\/\/blog.zeit.de\/zweitstimme\/author\/thorsten-faas\/"}]}},"jetpack_featured_media_url":"","jetpack_sharing_enabled":true,"_links":{"self":[{"href":"https:\/\/blog.zeit.de\/zweitstimme\/wp-json\/wp\/v2\/posts\/3683","targetHints":{"allow":["GET"]}}],"collection":[{"href":"https:\/\/blog.zeit.de\/zweitstimme\/wp-json\/wp\/v2\/posts"}],"about":[{"href":"https:\/\/blog.zeit.de\/zweitstimme\/wp-json\/wp\/v2\/types\/post"}],"author":[{"embeddable":true,"href":"https:\/\/blog.zeit.de\/zweitstimme\/wp-json\/wp\/v2\/users\/159"}],"replies":[{"embeddable":true,"href":"https:\/\/blog.zeit.de\/zweitstimme\/wp-json\/wp\/v2\/comments?post=3683"}],"version-history":[{"count":4,"href":"https:\/\/blog.zeit.de\/zweitstimme\/wp-json\/wp\/v2\/posts\/3683\/revisions"}],"predecessor-version":[{"id":3688,"href":"https:\/\/blog.zeit.de\/zweitstimme\/wp-json\/wp\/v2\/posts\/3683\/revisions\/3688"}],"wp:attachment":[{"href":"https:\/\/blog.zeit.de\/zweitstimme\/wp-json\/wp\/v2\/media?parent=3683"}],"wp:term":[{"taxonomy":"category","embeddable":true,"href":"https:\/\/blog.zeit.de\/zweitstimme\/wp-json\/wp\/v2\/categories?post=3683"},{"taxonomy":"post_tag","embeddable":true,"href":"https:\/\/blog.zeit.de\/zweitstimme\/wp-json\/wp\/v2\/tags?post=3683"}],"curies":[{"name":"wp","href":"https:\/\/api.w.org\/{rel}","templated":true}]}}