{"id":3742,"date":"2012-05-17T08:03:40","date_gmt":"2012-05-17T06:03:40","guid":{"rendered":"http:\/\/blog.zeit.de\/zweitstimme\/?p=3742"},"modified":"2012-05-18T07:32:50","modified_gmt":"2012-05-18T05:32:50","slug":"was-machen-piraten-eigentlich-im-parlament","status":"publish","type":"post","link":"https:\/\/blog.zeit.de\/zweitstimme\/2012\/05\/17\/was-machen-piraten-eigentlich-im-parlament\/","title":{"rendered":"Was machen Piraten eigentlich im Parlament?"},"content":{"rendered":"<p><em>Von Jochen M\u00fcller und Christian Stecker<\/em><\/p>\n<p>Nach Berlin, dem Saarland und Schleswig-Holstein ziehen die Piraten nun in den D\u00fcsseldorfer Landtag ein. Angesichts dieser Erfolge stellt sich die Frage, was Piraten eigentlich im Parlament machen. Bringen Sie frischen Wind und neue Themen oder f\u00fchrt die, von ihren Kritikern monierte, fehlende programmatische Breite zu einer geringen parlamentarischen Aktivit\u00e4t? Anders gefragt: K\u00f6nnen Piraten nur twittern oder k\u00f6nnen sie auch parlamentarische Opposition?<\/p>\n<p>Um diese Frage zu beantworten, werfen wir einen Blick auf die bisherigen Aktivit\u00e4ten der Piraten im Berliner Abgeordnetenhaus, in dem sie seit dem 27. Oktober 2011 vertreten sind. Schauen wir uns zun\u00e4chst nackte Zahlen an. Die Abbildung zeigt, wie h\u00e4ufig die Fraktionen seit Beginn der Legislaturperiode verschiedene parlamentarische Instrumente genutzt haben. Dabei handelt es sich zum einen um die verschiedenen Formen von Anfragen als klassisches Kontrollrecht gegen\u00fcber dem Berliner Senat und zum anderen um Antr\u00e4ge, in denen das Parlament oder der Senat zu einer bestimmten Handlung, z. B. einem Gesetz, aufgefordert werden.<\/p>\n<p><strong>Parlamentarische Aktivit\u00e4ten im Berliner Abgeordnetenhaus: Prozentualer Anteil nach Fraktionen<\/strong><br \/>\n<a href=\"https:\/\/blog.zeit.de\/zweitstimme\/files\/2012\/05\/Piraten-Berlin.png\"><img loading=\"lazy\" decoding=\"async\" class=\"aligncenter size-full wp-image-3744\" src=\"https:\/\/blog.zeit.de\/zweitstimme\/files\/2012\/05\/Piraten-Berlin.png\" alt=\"\" width=\"550\" height=\"404\" srcset=\"https:\/\/blog.zeit.de\/zweitstimme\/files\/2012\/05\/Piraten-Berlin.png 550w, https:\/\/blog.zeit.de\/zweitstimme\/files\/2012\/05\/Piraten-Berlin-300x220.png 300w\" sizes=\"auto, (max-width: 550px) 100vw, 550px\" \/><\/a><br \/>\n<em>Hinweis: orange = Die Piraten, gr\u00fcn = B\u00fcndnis 90\/Die Gr\u00fcnen, lila = Die Linke, schwarz = CDU, rot = SPD; die Zahl in Klammern gibt jeweils die Gesamtzahl der jeweiligen Kategorie an<\/em><\/p>\n<p>Es zeigt sich, dass die Piraten vergleichsweise zur\u00fcckhaltend auftreten. Insbesondere bei den kleinen Anfragen und Antr\u00e4gen fallen sie deutlich hinter die beiden anderen Oppositionsparteien B\u00fcndnis 90\/Die Gr\u00fcnen und Die Linke zur\u00fcck. (Die \u00e4hnlich geringe Aktivit\u00e4t von CDU und SPD erkl\u00e4rt sich in ihrem Status als Regierungsfraktion.)<\/p>\n<p>Betrachtet man die Inhalte der einzelnen Initiativen, zeigt sich zudem, dass die Piraten zu vielen Themen keine Positionen in die parlamentarische Debatte einbringen, sondern sich stark auf ihre Kernthemen Netzpolitik und Transparenz konzentrieren. So setzen sich von den elf Antr\u00e4gen, f\u00fcr die die Piraten alleine verantwortlich zeichnen, f\u00fcnf f\u00fcr einen besseren Datenschutz ein \u2013 insbesondere gegen\u00fcber staatlichen Ermittlungsbeh\u00f6rden (z. B. die Ablehnung des sogenannten Staatstrojaners). Weitere drei Antr\u00e4ge fordern die Offenlegung von Vertr\u00e4gen zwischen Landesregierung und Privatunternehmen. Ein Antrag verlangt, dass Wowereit und seine Kabinettkollegen k\u00fcnftig \u00f6ffentlich tagen und beschlie\u00dfen. Demgegen\u00fcber decken die kleinen Anfragen etwas mehr Themen ab. Bei f\u00fcnf von 19 kleinen Anfragen geht es zwar ebenso um Aspekte des Datenschutzes, es finden sich aber auch Anfragen zur Sozial- (Unterkunftskosten von Leistungsbeziehern), Bildungs- (Reform der Lehrerbildung) und Innenpolitik (Schutzpolizei-Laufbahnverordnung). Insgesamt bringen Piraten tats\u00e4chlich neue Themen ins Parlament. F\u00fcr B\u00fcrger, denen neben Netzpolitik und Transparenz noch andere Themenfelder wichtig sind, d\u00fcrfte dies allerdings noch etwas wenig sein.<\/p>\n<p>Au\u00dfer den Inhalten muss eine Betrachtung der parlamentarischen Aktivit\u00e4ten der Piraten auch deren Form ber\u00fccksichtigen. Neben der zuletzt diskutierten Verwendung von F\u00e4kalsprache im Parlament und der Entfachung damit artverwandter St\u00fcrme heben sich die Piraten auch in der Sprache ihrer parlamentarischen Initiativen von den etablierten Parteien ab: Mitten im kalten Berliner Winter bewiesen sie ein Herz f\u00fcr das Wachpersonal des Abgeordnetenhauses und forderten die Aufstellung eines Wachh\u00e4uschens vor dem Eingang des Parlaments. In der Begr\u00fcndung von glattgeschliffenen Politikerdeutsch keine Spur: \u201eEs ist saukalt und entgegen der Bekundungen seitens des jetzigen Parlamentspr\u00e4sidenten ist noch nichts passiert.\u201c<\/p>\n<p><em>Christian Stecker ist wissenschaftlicher Mitarbeiter am Lehrstuhl f\u00fcr Vergleichende Politikwissenschaft der Universit\u00e4t Potsdam.<\/em><\/p>\n<p><em>Jochen M\u00fcller ist wissenschaftlicher Mitarbeiter an der Universit\u00e4t Oldenburg.<\/em><\/p>\n","protected":false},"excerpt":{"rendered":"<p>Von Jochen M\u00fcller und Christian Stecker Nach Berlin, dem Saarland und Schleswig-Holstein ziehen die Piraten nun in den D\u00fcsseldorfer Landtag ein. Angesichts dieser Erfolge stellt sich die Frage, was Piraten eigentlich im Parlament machen. Bringen Sie frischen Wind und neue Themen oder f\u00fchrt die, von ihren Kritikern monierte, fehlende programmatische Breite zu einer geringen parlamentarischen [&hellip;]<\/p>\n","protected":false},"author":322,"featured_media":0,"comment_status":"open","ping_status":"closed","sticky":false,"template":"","format":"standard","meta":{"_jetpack_memberships_contains_paid_content":false,"footnotes":""},"categories":[1],"tags":[],"class_list":["post-3742","post","type-post","status-publish","format-standard","hentry","category-allgemein"],"yoast_head":"<!-- This site is optimized with the Yoast SEO plugin v21.0 - https:\/\/yoast.com\/wordpress\/plugins\/seo\/ -->\n<title>Was machen Piraten eigentlich im Parlament?  - Zweitstimme<\/title>\n<meta name=\"robots\" content=\"index, follow, max-snippet:-1, max-image-preview:large, max-video-preview:-1\" \/>\n<link rel=\"canonical\" href=\"https:\/\/blog.zeit.de\/zweitstimme\/2012\/05\/17\/was-machen-piraten-eigentlich-im-parlament\/\" \/>\n<meta property=\"og:locale\" content=\"de_DE\" \/>\n<meta property=\"og:type\" content=\"article\" \/>\n<meta property=\"og:title\" content=\"Was machen Piraten eigentlich im Parlament?  - Zweitstimme\" \/>\n<meta property=\"og:description\" content=\"Von Jochen M\u00fcller und Christian Stecker Nach Berlin, dem Saarland und Schleswig-Holstein ziehen die Piraten nun in den D\u00fcsseldorfer Landtag ein. Angesichts dieser Erfolge stellt sich die Frage, was Piraten eigentlich im Parlament machen. Bringen Sie frischen Wind und neue Themen oder f\u00fchrt die, von ihren Kritikern monierte, fehlende programmatische Breite zu einer geringen parlamentarischen [&hellip;]\" \/>\n<meta property=\"og:url\" content=\"https:\/\/blog.zeit.de\/zweitstimme\/2012\/05\/17\/was-machen-piraten-eigentlich-im-parlament\/\" \/>\n<meta property=\"og:site_name\" content=\"Zweitstimme\" \/>\n<meta property=\"article:published_time\" content=\"2012-05-17T06:03:40+00:00\" \/>\n<meta property=\"article:modified_time\" content=\"2012-05-18T05:32:50+00:00\" \/>\n<meta property=\"og:image\" content=\"https:\/\/blog.zeit.de\/zweitstimme\/files\/2012\/05\/Piraten-Berlin.png\" \/>\n<meta name=\"author\" content=\"gastautor\" \/>\n<meta name=\"twitter:card\" content=\"summary_large_image\" \/>\n<meta name=\"twitter:label1\" content=\"Geschrieben von\" \/>\n\t<meta name=\"twitter:data1\" content=\"gastautor\" \/>\n\t<meta name=\"twitter:label2\" content=\"Gesch\u00e4tzte Lesezeit\" \/>\n\t<meta name=\"twitter:data2\" content=\"3\u00a0Minuten\" \/>\n<script type=\"application\/ld+json\" class=\"yoast-schema-graph\">{\"@context\":\"https:\/\/schema.org\",\"@graph\":[{\"@type\":\"WebPage\",\"@id\":\"https:\/\/blog.zeit.de\/zweitstimme\/2012\/05\/17\/was-machen-piraten-eigentlich-im-parlament\/\",\"url\":\"https:\/\/blog.zeit.de\/zweitstimme\/2012\/05\/17\/was-machen-piraten-eigentlich-im-parlament\/\",\"name\":\"Was machen Piraten eigentlich im Parlament? - Zweitstimme\",\"isPartOf\":{\"@id\":\"https:\/\/blog.zeit.de\/zweitstimme\/#website\"},\"datePublished\":\"2012-05-17T06:03:40+00:00\",\"dateModified\":\"2012-05-18T05:32:50+00:00\",\"author\":{\"@id\":\"https:\/\/blog.zeit.de\/zweitstimme\/#\/schema\/person\/f905ca7319774c3157007c2fa934ba32\"},\"breadcrumb\":{\"@id\":\"https:\/\/blog.zeit.de\/zweitstimme\/2012\/05\/17\/was-machen-piraten-eigentlich-im-parlament\/#breadcrumb\"},\"inLanguage\":\"de\",\"potentialAction\":[{\"@type\":\"ReadAction\",\"target\":[\"https:\/\/blog.zeit.de\/zweitstimme\/2012\/05\/17\/was-machen-piraten-eigentlich-im-parlament\/\"]}]},{\"@type\":\"BreadcrumbList\",\"@id\":\"https:\/\/blog.zeit.de\/zweitstimme\/2012\/05\/17\/was-machen-piraten-eigentlich-im-parlament\/#breadcrumb\",\"itemListElement\":[{\"@type\":\"ListItem\",\"position\":1,\"name\":\"Startseite\",\"item\":\"https:\/\/blog.zeit.de\/zweitstimme\/\"},{\"@type\":\"ListItem\",\"position\":2,\"name\":\"Was machen Piraten eigentlich im Parlament?\"}]},{\"@type\":\"WebSite\",\"@id\":\"https:\/\/blog.zeit.de\/zweitstimme\/#website\",\"url\":\"https:\/\/blog.zeit.de\/zweitstimme\/\",\"name\":\"Zweitstimme\",\"description\":\"Das Politik-Blog\",\"potentialAction\":[{\"@type\":\"SearchAction\",\"target\":{\"@type\":\"EntryPoint\",\"urlTemplate\":\"https:\/\/blog.zeit.de\/zweitstimme\/?s={search_term_string}\"},\"query-input\":\"required name=search_term_string\"}],\"inLanguage\":\"de\"},{\"@type\":\"Person\",\"@id\":\"https:\/\/blog.zeit.de\/zweitstimme\/#\/schema\/person\/f905ca7319774c3157007c2fa934ba32\",\"name\":\"gastautor\",\"image\":{\"@type\":\"ImageObject\",\"inLanguage\":\"de\",\"@id\":\"https:\/\/blog.zeit.de\/zweitstimme\/#\/schema\/person\/image\/\",\"url\":\"https:\/\/secure.gravatar.com\/avatar\/227a71421824d3dc682762bf52b4a384492f29a3e8eae6b4a676c248c4fb3bd2?s=96&d=mm&r=g\",\"contentUrl\":\"https:\/\/secure.gravatar.com\/avatar\/227a71421824d3dc682762bf52b4a384492f29a3e8eae6b4a676c248c4fb3bd2?s=96&d=mm&r=g\",\"caption\":\"gastautor\"},\"url\":\"https:\/\/blog.zeit.de\/zweitstimme\/author\/gastautor\/\"}]}<\/script>\n<!-- \/ Yoast SEO plugin. -->","yoast_head_json":{"title":"Was machen Piraten eigentlich im Parlament?  - Zweitstimme","robots":{"index":"index","follow":"follow","max-snippet":"max-snippet:-1","max-image-preview":"max-image-preview:large","max-video-preview":"max-video-preview:-1"},"canonical":"https:\/\/blog.zeit.de\/zweitstimme\/2012\/05\/17\/was-machen-piraten-eigentlich-im-parlament\/","og_locale":"de_DE","og_type":"article","og_title":"Was machen Piraten eigentlich im Parlament?  - Zweitstimme","og_description":"Von Jochen M\u00fcller und Christian Stecker Nach Berlin, dem Saarland und Schleswig-Holstein ziehen die Piraten nun in den D\u00fcsseldorfer Landtag ein. Angesichts dieser Erfolge stellt sich die Frage, was Piraten eigentlich im Parlament machen. Bringen Sie frischen Wind und neue Themen oder f\u00fchrt die, von ihren Kritikern monierte, fehlende programmatische Breite zu einer geringen parlamentarischen [&hellip;]","og_url":"https:\/\/blog.zeit.de\/zweitstimme\/2012\/05\/17\/was-machen-piraten-eigentlich-im-parlament\/","og_site_name":"Zweitstimme","article_published_time":"2012-05-17T06:03:40+00:00","article_modified_time":"2012-05-18T05:32:50+00:00","og_image":[{"url":"https:\/\/blog.zeit.de\/zweitstimme\/files\/2012\/05\/Piraten-Berlin.png"}],"author":"gastautor","twitter_card":"summary_large_image","twitter_misc":{"Geschrieben von":"gastautor","Gesch\u00e4tzte Lesezeit":"3\u00a0Minuten"},"schema":{"@context":"https:\/\/schema.org","@graph":[{"@type":"WebPage","@id":"https:\/\/blog.zeit.de\/zweitstimme\/2012\/05\/17\/was-machen-piraten-eigentlich-im-parlament\/","url":"https:\/\/blog.zeit.de\/zweitstimme\/2012\/05\/17\/was-machen-piraten-eigentlich-im-parlament\/","name":"Was machen Piraten eigentlich im Parlament? - Zweitstimme","isPartOf":{"@id":"https:\/\/blog.zeit.de\/zweitstimme\/#website"},"datePublished":"2012-05-17T06:03:40+00:00","dateModified":"2012-05-18T05:32:50+00:00","author":{"@id":"https:\/\/blog.zeit.de\/zweitstimme\/#\/schema\/person\/f905ca7319774c3157007c2fa934ba32"},"breadcrumb":{"@id":"https:\/\/blog.zeit.de\/zweitstimme\/2012\/05\/17\/was-machen-piraten-eigentlich-im-parlament\/#breadcrumb"},"inLanguage":"de","potentialAction":[{"@type":"ReadAction","target":["https:\/\/blog.zeit.de\/zweitstimme\/2012\/05\/17\/was-machen-piraten-eigentlich-im-parlament\/"]}]},{"@type":"BreadcrumbList","@id":"https:\/\/blog.zeit.de\/zweitstimme\/2012\/05\/17\/was-machen-piraten-eigentlich-im-parlament\/#breadcrumb","itemListElement":[{"@type":"ListItem","position":1,"name":"Startseite","item":"https:\/\/blog.zeit.de\/zweitstimme\/"},{"@type":"ListItem","position":2,"name":"Was machen Piraten eigentlich im Parlament?"}]},{"@type":"WebSite","@id":"https:\/\/blog.zeit.de\/zweitstimme\/#website","url":"https:\/\/blog.zeit.de\/zweitstimme\/","name":"Zweitstimme","description":"Das Politik-Blog","potentialAction":[{"@type":"SearchAction","target":{"@type":"EntryPoint","urlTemplate":"https:\/\/blog.zeit.de\/zweitstimme\/?s={search_term_string}"},"query-input":"required name=search_term_string"}],"inLanguage":"de"},{"@type":"Person","@id":"https:\/\/blog.zeit.de\/zweitstimme\/#\/schema\/person\/f905ca7319774c3157007c2fa934ba32","name":"gastautor","image":{"@type":"ImageObject","inLanguage":"de","@id":"https:\/\/blog.zeit.de\/zweitstimme\/#\/schema\/person\/image\/","url":"https:\/\/secure.gravatar.com\/avatar\/227a71421824d3dc682762bf52b4a384492f29a3e8eae6b4a676c248c4fb3bd2?s=96&d=mm&r=g","contentUrl":"https:\/\/secure.gravatar.com\/avatar\/227a71421824d3dc682762bf52b4a384492f29a3e8eae6b4a676c248c4fb3bd2?s=96&d=mm&r=g","caption":"gastautor"},"url":"https:\/\/blog.zeit.de\/zweitstimme\/author\/gastautor\/"}]}},"jetpack_featured_media_url":"","jetpack_sharing_enabled":true,"_links":{"self":[{"href":"https:\/\/blog.zeit.de\/zweitstimme\/wp-json\/wp\/v2\/posts\/3742","targetHints":{"allow":["GET"]}}],"collection":[{"href":"https:\/\/blog.zeit.de\/zweitstimme\/wp-json\/wp\/v2\/posts"}],"about":[{"href":"https:\/\/blog.zeit.de\/zweitstimme\/wp-json\/wp\/v2\/types\/post"}],"author":[{"embeddable":true,"href":"https:\/\/blog.zeit.de\/zweitstimme\/wp-json\/wp\/v2\/users\/322"}],"replies":[{"embeddable":true,"href":"https:\/\/blog.zeit.de\/zweitstimme\/wp-json\/wp\/v2\/comments?post=3742"}],"version-history":[{"count":10,"href":"https:\/\/blog.zeit.de\/zweitstimme\/wp-json\/wp\/v2\/posts\/3742\/revisions"}],"predecessor-version":[{"id":3751,"href":"https:\/\/blog.zeit.de\/zweitstimme\/wp-json\/wp\/v2\/posts\/3742\/revisions\/3751"}],"wp:attachment":[{"href":"https:\/\/blog.zeit.de\/zweitstimme\/wp-json\/wp\/v2\/media?parent=3742"}],"wp:term":[{"taxonomy":"category","embeddable":true,"href":"https:\/\/blog.zeit.de\/zweitstimme\/wp-json\/wp\/v2\/categories?post=3742"},{"taxonomy":"post_tag","embeddable":true,"href":"https:\/\/blog.zeit.de\/zweitstimme\/wp-json\/wp\/v2\/tags?post=3742"}],"curies":[{"name":"wp","href":"https:\/\/api.w.org\/{rel}","templated":true}]}}