{"id":4187,"date":"2013-08-12T19:26:47","date_gmt":"2013-08-12T17:26:47","guid":{"rendered":"http:\/\/blog.zeit.de\/zweitstimme\/?p=4187"},"modified":"2013-08-13T11:16:33","modified_gmt":"2013-08-13T09:16:33","slug":"mal-wieder-eine-unterschriftenaktion-in-hessen","status":"publish","type":"post","link":"https:\/\/blog.zeit.de\/zweitstimme\/2013\/08\/12\/mal-wieder-eine-unterschriftenaktion-in-hessen\/","title":{"rendered":"Mal wieder eine Unterschriftenaktion in Hessen"},"content":{"rendered":"<p>F\u00fcr einen Landespolitiker ist es nat\u00fcrlich nicht so einfach, wenn die eigene Wahl am gleichen Tag stattfindet wie die alles \u00fcberschattende Bundestagswahl. Beim Get\u00f6se um Berlin gehen die kleineren Fragen gerne man unter und man wird mitgerissen, in Sieg oder Niederlage \u2013 und wenn man Kandidat der SPD ist, sieht es vieles nach Niederlage aus. Man muss sich noch mehr abstrampeln als sonst, um geh\u00f6rt zu werden.<\/p>\n<p>Thorsten Sch\u00e4fer-G\u00fcmbel <a href=\"http:\/\/www.hr-online.de\/website\/specials\/landtagswahl-hessen\/index.jsp?rubrik=77973&amp;key=standard_document_49323417\">hat jetzt also den Steuerhinterziehern und Steuerumgehern den Kampf erkl\u00e4rt<\/a>. Er hat einen Gesetzentwurf vorbereitet, der die Verj\u00e4hrung nach f\u00fcnf Jahren abschaffen w\u00fcrde und die bequeme M\u00f6glichkeit zur Selbstanzeige gleich auch. Vor allem aber hat Sch\u00e4fer-G\u00fcmbel eine Unterschriftenaktion angek\u00fcndigt. Am kommenden Montag soll es losgehen in Frankfurt. Die B\u00fcrger sollen dann bitte unterschreiben f\u00fcr eine \u201eNull-Toleranz-Strategie\u201c. Das klingt richtig, das klingt gut, denn wer will schon Toleranz f\u00fcr Steuers\u00fcnder, das sind ja Verbrecher!<\/p>\n<p>Die hessischen Politiker scheinen es \u00fcberhaupt zu haben mit Unterschriftenaktionen. Nat\u00fcrlich ist der jetzige SPD-Versuch nicht gleichzusetzen mit der infamen Kampagne Roland Kochs (CDU), der einst einfach mal Unterschriften gegen \u201ekriminelle Ausl\u00e4nder\u201c sammelte. Eines aber haben solche Aktionen dann doch stets gemein: Es geht weniger um konkrete Politik (Steuergesetze sind kaum L\u00e4ndersache, Sch\u00e4fer-G\u00fcmbel k\u00f6nnte nach einem m\u00f6glichen Wahlsieg lediglich mehr Kontrolleure einstellen), sondern darum, Stimmungen f\u00fcr sich zu nutzen. Davon k\u00f6nnten am Ende vielleicht sogar die gro\u00dfen Mitstreiter in Berlin profitieren. Schlie\u00dflich war es Kanzlerkandidat Peer Steinbr\u00fcck, der einst die Kavallarie auf die renitenten Schweizer und ihr Bankgeheimnis loslassen wollte. Man h\u00f6rt, Sch\u00e4fer-G\u00fcmbel k\u00e4me bald auch nach Berlin.<\/p>\n","protected":false},"excerpt":{"rendered":"<p>F\u00fcr einen Landespolitiker ist es nat\u00fcrlich nicht so einfach, wenn die eigene Wahl am gleichen Tag stattfindet wie die alles \u00fcberschattende Bundestagswahl. Beim Get\u00f6se um Berlin gehen die kleineren Fragen gerne man unter und man wird mitgerissen, in Sieg oder Niederlage \u2013 und wenn man Kandidat der SPD ist, sieht es vieles nach Niederlage aus. [&hellip;]<\/p>\n","protected":false},"author":298,"featured_media":0,"comment_status":"open","ping_status":"closed","sticky":false,"template":"","format":"standard","meta":{"_jetpack_memberships_contains_paid_content":false,"footnotes":""},"categories":[1,7131,950,977,18635],"tags":[],"class_list":["post-4187","post","type-post","status-publish","format-standard","hentry","category-allgemein","category-spd-parteien","category-steinbruck","category-steuerpolitik","category-wahlkampf"],"yoast_head":"<!-- This site is optimized with the Yoast SEO plugin v21.0 - https:\/\/yoast.com\/wordpress\/plugins\/seo\/ -->\n<title>Mal wieder eine Unterschriftenaktion in Hessen - Zweitstimme<\/title>\n<meta name=\"robots\" content=\"index, follow, max-snippet:-1, max-image-preview:large, max-video-preview:-1\" \/>\n<link rel=\"canonical\" href=\"https:\/\/blog.zeit.de\/zweitstimme\/2013\/08\/12\/mal-wieder-eine-unterschriftenaktion-in-hessen\/\" \/>\n<meta property=\"og:locale\" content=\"de_DE\" \/>\n<meta property=\"og:type\" content=\"article\" \/>\n<meta property=\"og:title\" content=\"Mal wieder eine Unterschriftenaktion in Hessen - Zweitstimme\" \/>\n<meta property=\"og:description\" content=\"F\u00fcr einen Landespolitiker ist es nat\u00fcrlich nicht so einfach, wenn die eigene Wahl am gleichen Tag stattfindet wie die alles \u00fcberschattende Bundestagswahl. Beim Get\u00f6se um Berlin gehen die kleineren Fragen gerne man unter und man wird mitgerissen, in Sieg oder Niederlage \u2013 und wenn man Kandidat der SPD ist, sieht es vieles nach Niederlage aus. [&hellip;]\" \/>\n<meta property=\"og:url\" content=\"https:\/\/blog.zeit.de\/zweitstimme\/2013\/08\/12\/mal-wieder-eine-unterschriftenaktion-in-hessen\/\" \/>\n<meta property=\"og:site_name\" content=\"Zweitstimme\" \/>\n<meta property=\"article:published_time\" content=\"2013-08-12T17:26:47+00:00\" \/>\n<meta property=\"article:modified_time\" content=\"2013-08-13T09:16:33+00:00\" \/>\n<meta name=\"author\" content=\"Lenz Jacobsen\" \/>\n<meta name=\"twitter:card\" content=\"summary_large_image\" \/>\n<meta name=\"twitter:label1\" content=\"Geschrieben von\" \/>\n\t<meta name=\"twitter:data1\" content=\"Lenz Jacobsen\" \/>\n\t<meta name=\"twitter:label2\" content=\"Gesch\u00e4tzte Lesezeit\" \/>\n\t<meta name=\"twitter:data2\" content=\"1\u00a0Minute\" \/>\n<script type=\"application\/ld+json\" class=\"yoast-schema-graph\">{\"@context\":\"https:\/\/schema.org\",\"@graph\":[{\"@type\":\"WebPage\",\"@id\":\"https:\/\/blog.zeit.de\/zweitstimme\/2013\/08\/12\/mal-wieder-eine-unterschriftenaktion-in-hessen\/\",\"url\":\"https:\/\/blog.zeit.de\/zweitstimme\/2013\/08\/12\/mal-wieder-eine-unterschriftenaktion-in-hessen\/\",\"name\":\"Mal wieder eine Unterschriftenaktion in Hessen - Zweitstimme\",\"isPartOf\":{\"@id\":\"https:\/\/blog.zeit.de\/zweitstimme\/#website\"},\"datePublished\":\"2013-08-12T17:26:47+00:00\",\"dateModified\":\"2013-08-13T09:16:33+00:00\",\"author\":{\"@id\":\"https:\/\/blog.zeit.de\/zweitstimme\/#\/schema\/person\/c55782066eb016895e725f4176133ec0\"},\"breadcrumb\":{\"@id\":\"https:\/\/blog.zeit.de\/zweitstimme\/2013\/08\/12\/mal-wieder-eine-unterschriftenaktion-in-hessen\/#breadcrumb\"},\"inLanguage\":\"de\",\"potentialAction\":[{\"@type\":\"ReadAction\",\"target\":[\"https:\/\/blog.zeit.de\/zweitstimme\/2013\/08\/12\/mal-wieder-eine-unterschriftenaktion-in-hessen\/\"]}]},{\"@type\":\"BreadcrumbList\",\"@id\":\"https:\/\/blog.zeit.de\/zweitstimme\/2013\/08\/12\/mal-wieder-eine-unterschriftenaktion-in-hessen\/#breadcrumb\",\"itemListElement\":[{\"@type\":\"ListItem\",\"position\":1,\"name\":\"Startseite\",\"item\":\"https:\/\/blog.zeit.de\/zweitstimme\/\"},{\"@type\":\"ListItem\",\"position\":2,\"name\":\"Mal wieder eine Unterschriftenaktion in Hessen\"}]},{\"@type\":\"WebSite\",\"@id\":\"https:\/\/blog.zeit.de\/zweitstimme\/#website\",\"url\":\"https:\/\/blog.zeit.de\/zweitstimme\/\",\"name\":\"Zweitstimme\",\"description\":\"Das Politik-Blog\",\"potentialAction\":[{\"@type\":\"SearchAction\",\"target\":{\"@type\":\"EntryPoint\",\"urlTemplate\":\"https:\/\/blog.zeit.de\/zweitstimme\/?s={search_term_string}\"},\"query-input\":\"required name=search_term_string\"}],\"inLanguage\":\"de\"},{\"@type\":\"Person\",\"@id\":\"https:\/\/blog.zeit.de\/zweitstimme\/#\/schema\/person\/c55782066eb016895e725f4176133ec0\",\"name\":\"Lenz Jacobsen\",\"image\":{\"@type\":\"ImageObject\",\"inLanguage\":\"de\",\"@id\":\"https:\/\/blog.zeit.de\/zweitstimme\/#\/schema\/person\/image\/\",\"url\":\"https:\/\/secure.gravatar.com\/avatar\/bce562f5b9a51280dc8df57afe0a3a7bc8eaed83dd33503971a7c65430bc3629?s=96&d=mm&r=g\",\"contentUrl\":\"https:\/\/secure.gravatar.com\/avatar\/bce562f5b9a51280dc8df57afe0a3a7bc8eaed83dd33503971a7c65430bc3629?s=96&d=mm&r=g\",\"caption\":\"Lenz Jacobsen\"},\"sameAs\":[\"http:\/\/lj@weitwinkel-reporter.de\"],\"url\":\"https:\/\/blog.zeit.de\/zweitstimme\/author\/lenz-jacobsen\/\"}]}<\/script>\n<!-- \/ Yoast SEO plugin. -->","yoast_head_json":{"title":"Mal wieder eine Unterschriftenaktion in Hessen - Zweitstimme","robots":{"index":"index","follow":"follow","max-snippet":"max-snippet:-1","max-image-preview":"max-image-preview:large","max-video-preview":"max-video-preview:-1"},"canonical":"https:\/\/blog.zeit.de\/zweitstimme\/2013\/08\/12\/mal-wieder-eine-unterschriftenaktion-in-hessen\/","og_locale":"de_DE","og_type":"article","og_title":"Mal wieder eine Unterschriftenaktion in Hessen - Zweitstimme","og_description":"F\u00fcr einen Landespolitiker ist es nat\u00fcrlich nicht so einfach, wenn die eigene Wahl am gleichen Tag stattfindet wie die alles \u00fcberschattende Bundestagswahl. Beim Get\u00f6se um Berlin gehen die kleineren Fragen gerne man unter und man wird mitgerissen, in Sieg oder Niederlage \u2013 und wenn man Kandidat der SPD ist, sieht es vieles nach Niederlage aus. [&hellip;]","og_url":"https:\/\/blog.zeit.de\/zweitstimme\/2013\/08\/12\/mal-wieder-eine-unterschriftenaktion-in-hessen\/","og_site_name":"Zweitstimme","article_published_time":"2013-08-12T17:26:47+00:00","article_modified_time":"2013-08-13T09:16:33+00:00","author":"Lenz Jacobsen","twitter_card":"summary_large_image","twitter_misc":{"Geschrieben von":"Lenz Jacobsen","Gesch\u00e4tzte Lesezeit":"1\u00a0Minute"},"schema":{"@context":"https:\/\/schema.org","@graph":[{"@type":"WebPage","@id":"https:\/\/blog.zeit.de\/zweitstimme\/2013\/08\/12\/mal-wieder-eine-unterschriftenaktion-in-hessen\/","url":"https:\/\/blog.zeit.de\/zweitstimme\/2013\/08\/12\/mal-wieder-eine-unterschriftenaktion-in-hessen\/","name":"Mal wieder eine Unterschriftenaktion in Hessen - Zweitstimme","isPartOf":{"@id":"https:\/\/blog.zeit.de\/zweitstimme\/#website"},"datePublished":"2013-08-12T17:26:47+00:00","dateModified":"2013-08-13T09:16:33+00:00","author":{"@id":"https:\/\/blog.zeit.de\/zweitstimme\/#\/schema\/person\/c55782066eb016895e725f4176133ec0"},"breadcrumb":{"@id":"https:\/\/blog.zeit.de\/zweitstimme\/2013\/08\/12\/mal-wieder-eine-unterschriftenaktion-in-hessen\/#breadcrumb"},"inLanguage":"de","potentialAction":[{"@type":"ReadAction","target":["https:\/\/blog.zeit.de\/zweitstimme\/2013\/08\/12\/mal-wieder-eine-unterschriftenaktion-in-hessen\/"]}]},{"@type":"BreadcrumbList","@id":"https:\/\/blog.zeit.de\/zweitstimme\/2013\/08\/12\/mal-wieder-eine-unterschriftenaktion-in-hessen\/#breadcrumb","itemListElement":[{"@type":"ListItem","position":1,"name":"Startseite","item":"https:\/\/blog.zeit.de\/zweitstimme\/"},{"@type":"ListItem","position":2,"name":"Mal wieder eine Unterschriftenaktion in Hessen"}]},{"@type":"WebSite","@id":"https:\/\/blog.zeit.de\/zweitstimme\/#website","url":"https:\/\/blog.zeit.de\/zweitstimme\/","name":"Zweitstimme","description":"Das Politik-Blog","potentialAction":[{"@type":"SearchAction","target":{"@type":"EntryPoint","urlTemplate":"https:\/\/blog.zeit.de\/zweitstimme\/?s={search_term_string}"},"query-input":"required name=search_term_string"}],"inLanguage":"de"},{"@type":"Person","@id":"https:\/\/blog.zeit.de\/zweitstimme\/#\/schema\/person\/c55782066eb016895e725f4176133ec0","name":"Lenz Jacobsen","image":{"@type":"ImageObject","inLanguage":"de","@id":"https:\/\/blog.zeit.de\/zweitstimme\/#\/schema\/person\/image\/","url":"https:\/\/secure.gravatar.com\/avatar\/bce562f5b9a51280dc8df57afe0a3a7bc8eaed83dd33503971a7c65430bc3629?s=96&d=mm&r=g","contentUrl":"https:\/\/secure.gravatar.com\/avatar\/bce562f5b9a51280dc8df57afe0a3a7bc8eaed83dd33503971a7c65430bc3629?s=96&d=mm&r=g","caption":"Lenz Jacobsen"},"sameAs":["http:\/\/lj@weitwinkel-reporter.de"],"url":"https:\/\/blog.zeit.de\/zweitstimme\/author\/lenz-jacobsen\/"}]}},"jetpack_featured_media_url":"","jetpack_sharing_enabled":true,"_links":{"self":[{"href":"https:\/\/blog.zeit.de\/zweitstimme\/wp-json\/wp\/v2\/posts\/4187","targetHints":{"allow":["GET"]}}],"collection":[{"href":"https:\/\/blog.zeit.de\/zweitstimme\/wp-json\/wp\/v2\/posts"}],"about":[{"href":"https:\/\/blog.zeit.de\/zweitstimme\/wp-json\/wp\/v2\/types\/post"}],"author":[{"embeddable":true,"href":"https:\/\/blog.zeit.de\/zweitstimme\/wp-json\/wp\/v2\/users\/298"}],"replies":[{"embeddable":true,"href":"https:\/\/blog.zeit.de\/zweitstimme\/wp-json\/wp\/v2\/comments?post=4187"}],"version-history":[{"count":5,"href":"https:\/\/blog.zeit.de\/zweitstimme\/wp-json\/wp\/v2\/posts\/4187\/revisions"}],"predecessor-version":[{"id":4191,"href":"https:\/\/blog.zeit.de\/zweitstimme\/wp-json\/wp\/v2\/posts\/4187\/revisions\/4191"}],"wp:attachment":[{"href":"https:\/\/blog.zeit.de\/zweitstimme\/wp-json\/wp\/v2\/media?parent=4187"}],"wp:term":[{"taxonomy":"category","embeddable":true,"href":"https:\/\/blog.zeit.de\/zweitstimme\/wp-json\/wp\/v2\/categories?post=4187"},{"taxonomy":"post_tag","embeddable":true,"href":"https:\/\/blog.zeit.de\/zweitstimme\/wp-json\/wp\/v2\/tags?post=4187"}],"curies":[{"name":"wp","href":"https:\/\/api.w.org\/{rel}","templated":true}]}}