{"id":4196,"date":"2013-08-19T12:54:23","date_gmt":"2013-08-19T10:54:23","guid":{"rendered":"http:\/\/blog.zeit.de\/zweitstimme\/?p=4196"},"modified":"2013-08-19T13:46:11","modified_gmt":"2013-08-19T11:46:11","slug":"konfiture-fur-briefwahler","status":"publish","type":"post","link":"https:\/\/blog.zeit.de\/zweitstimme\/2013\/08\/19\/konfiture-fur-briefwahler\/","title":{"rendered":"Konfit\u00fcre f\u00fcr Briefw\u00e4hler"},"content":{"rendered":"<p><figure id=\"attachment_4197\" aria-describedby=\"caption-attachment-4197\" style=\"width: 580px\" class=\"wp-caption alignnone\"><a href=\"https:\/\/blog.zeit.de\/zweitstimme\/2013\/08\/19\/konfiture-fur-briefwahler\/cdubriefwaehler\/\" rel=\"attachment wp-att-4197\"><img loading=\"lazy\" decoding=\"async\" class=\" wp-image-4197\" alt=\"Briefw\u00e4hler-Kampagne der CDU\" src=\"https:\/\/blog.zeit.de\/zweitstimme\/files\/2013\/08\/CDUBriefwaehler-e1376904876373.png\" width=\"580\" height=\"326\" \/><\/a><figcaption id=\"caption-attachment-4197\" class=\"wp-caption-text\">Screenshot aus dem CDU-Video<\/figcaption><\/figure><\/p>\n<p>Die CDU-Wahlkampagne setzt jetzt auf Marmeladenbrot: Wei\u00dfer Quark, darauf ein Konfit\u00fcren-Wahlkreuz in Quietsch-Orange \u2013 der Kampagnenfarbe der Christdemokraten. <a href=\"http:\/\/www.cdu.de\/\">Jedem Besucher der Partei-Homepage<\/a> prangt der Fr\u00fchst\u00fcckssnack derzeit prominent entgegen. &#8222;So funktioniert die Briefwahl&#8220;, ist ein Filmchen in dem Marmeladenquark-Bild \u00fcbertitelt, auf das der Besucher klicken soll.<\/p>\n<p>Er landet in der christdemokratisch heilen Wahlkampf-Spot-Welt: Opa und Enkelin am Fr\u00fchst\u00fcckstisch. Es gibt Kaffee, eing\u00e4ngige Musik, das quietschgelbe Marmeladenglas ist ge\u00f6ffnet. Sie sagt: &#8222;Wir machen unser Kreuz!&#8220; Er sagt: &#8222;Zu Hause, das ist ganz einfach.&#8220; Eine freundliche Stimme aus dem Off erkl\u00e4rt dann mithilfe eines von der Filmtochter gehaltenen iPads, wie B\u00fcrger die Briefwahl-Unterlagen beantragen k\u00f6nnen. Und was danach zu tun ist.<\/p>\n<p>Zuerst die technische Seite: &#8222;Vergessen Sie bitte nicht, den Wahlschein auszuf\u00fcllen und zu unterschreiben&#8220;. Dann das Inhaltliche: &#8222;Bitte geben Sie beide Stimmen der CDU. Damit Deutschland auch weiterhin in guten H\u00e4nden ist.&#8220;<\/p>\n<p>Was auf den ersten Blick eher skurril anmutet, hat f\u00fcr die Wahlstrategen einen ernsten Hintergrund. Die CDU-F\u00fchrung f\u00fcrchtet, dass viele ihrer Anh\u00e4nger am Wahlabend zu Hause bleiben k\u00f6nnten. Kontroverse Wahlkampf-Inhalte gibt es bisher kaum, Deutschland geht es gut. Angela Merkels Strategie der asymmetrischen Demobilisierung, des Themen-Klaus von den Sozialdemokraten, geht voll auf. Sowieso glaubt ganz Deutschland und <a href=\"http:\/\/www.zeit.de\/politik\/deutschland\/2013-08\/spd-wahlkampf-gabriel-grosse-koalition\">inzwischen auch Teile der SPD<\/a>, dass Merkel Kanzlerin bleibt.<\/p>\n<p><strong>Zweitstimme ist Kanzlerinnenstimme<\/strong><\/p>\n<p>Warum also w\u00e4hlen gehen am 22. September?\u00a0 Den Alten k\u00f6nnte der Weg ins Wahllokal zu beschwerlich sein, die Jungen haben an einem Sonntagabend vielleicht sowieso besseres zu tun. Das ist der Nachteil der sedierenden Wahlkampfstrategie der Kanzlerin. Sie k\u00f6nnte die Wahlbeteiligung dr\u00fccken und ihr so am Ende wie ein Boomerang gar selbst schaden. In der CDU-Spitze verweisen sie da sorgenvoll auf die Landtagswahl in Niedersachsen, die um lediglich 300 Stimmen verloren ging. Auch deshalb wird die Kanzlerin in den Fernsehinterviews, die sie derzeit so gibt, nicht m\u00fcde zu betonen, dass es am 22. September &#8222;ganz eng&#8220; werden k\u00f6nnte.<\/p>\n<p>Jetzt nehmen die Strategen also den Briefw\u00e4hler in den Fokus. Auch 2009 haben vor allem die <a href=\"http:\/\/www.morgenpost.de\/printarchiv\/berlin\/article1225408\/Briefwaehler-waehlen-CDU-Juengere-meiden-SPD.html\">konservativen \u00c4lteren diese Form der Stimmabgabe genutzt<\/a>. Auf keiner Partei-Website ist der Briefwahl-Aufruf so prominent platziert wie bei der CDU. Auch das Timing stimmt: Diese Woche werden die Wahlunterlagen versandt.<\/p>\n<p>Noch eine Sache ist auff\u00e4llig: Wie sehr das Video darauf dr\u00e4ngt, doch bitte beide Stimmen bei der CDU zu machen. &#8222;\u00dcbrigens, die Zweitstimme ist die Merkel-Stimme&#8220;, hei\u00dft es in dem Filmchen. Soll blo\u00df keiner auf die Idee kommen, mit einer Stimme f\u00fcr die FDP die schwarz-gelbe Koalition zu sichern. Wie das ausgegangen ist, auch das hat das CDU-Trauma Niedersachsen gezeigt. Dort regiert jetzt die SPD.<\/p>\n<p>Einen kleinen Webfehler scheint die Kampagne allerdings zu haben: Der Briefwahl-Werbe-Film soll erstmal nicht im Fernsehen, sondern nur auf der Homepage zu sehen sein. Doch ob die angesprochenen CDU-Anh\u00e4nger so aktiv ihren Weg dorthin finden?<\/p>\n","protected":false},"excerpt":{"rendered":"<p>Die CDU-Wahlkampagne setzt jetzt auf Marmeladenbrot: Wei\u00dfer Quark, darauf ein Konfit\u00fcren-Wahlkreuz in Quietsch-Orange \u2013 der Kampagnenfarbe der Christdemokraten. Jedem Besucher der Partei-Homepage prangt der Fr\u00fchst\u00fcckssnack derzeit prominent entgegen. &#8222;So funktioniert die Briefwahl&#8220;, ist ein Filmchen in dem Marmeladenquark-Bild \u00fcbertitelt, auf das der Besucher klicken soll. Er landet in der christdemokratisch heilen Wahlkampf-Spot-Welt: Opa und Enkelin [&hellip;]<\/p>\n","protected":false},"author":350,"featured_media":0,"comment_status":"open","ping_status":"closed","sticky":false,"template":"","format":"standard","meta":{"_jetpack_memberships_contains_paid_content":false,"footnotes":""},"categories":[1],"tags":[],"class_list":["post-4196","post","type-post","status-publish","format-standard","hentry","category-allgemein"],"yoast_head":"<!-- This site is optimized with the Yoast SEO plugin v21.0 - https:\/\/yoast.com\/wordpress\/plugins\/seo\/ -->\n<title>Konfit\u00fcre f\u00fcr Briefw\u00e4hler - Zweitstimme<\/title>\n<meta name=\"robots\" content=\"index, follow, max-snippet:-1, max-image-preview:large, max-video-preview:-1\" \/>\n<link rel=\"canonical\" href=\"https:\/\/blog.zeit.de\/zweitstimme\/2013\/08\/19\/konfiture-fur-briefwahler\/\" \/>\n<meta property=\"og:locale\" content=\"de_DE\" \/>\n<meta property=\"og:type\" content=\"article\" \/>\n<meta property=\"og:title\" content=\"Konfit\u00fcre f\u00fcr Briefw\u00e4hler - Zweitstimme\" \/>\n<meta property=\"og:description\" content=\"Die CDU-Wahlkampagne setzt jetzt auf Marmeladenbrot: Wei\u00dfer Quark, darauf ein Konfit\u00fcren-Wahlkreuz in Quietsch-Orange \u2013 der Kampagnenfarbe der Christdemokraten. Jedem Besucher der Partei-Homepage prangt der Fr\u00fchst\u00fcckssnack derzeit prominent entgegen. &#8222;So funktioniert die Briefwahl&#8220;, ist ein Filmchen in dem Marmeladenquark-Bild \u00fcbertitelt, auf das der Besucher klicken soll. Er landet in der christdemokratisch heilen Wahlkampf-Spot-Welt: Opa und Enkelin [&hellip;]\" \/>\n<meta property=\"og:url\" content=\"https:\/\/blog.zeit.de\/zweitstimme\/2013\/08\/19\/konfiture-fur-briefwahler\/\" \/>\n<meta property=\"og:site_name\" content=\"Zweitstimme\" \/>\n<meta property=\"article:published_time\" content=\"2013-08-19T10:54:23+00:00\" \/>\n<meta property=\"article:modified_time\" content=\"2013-08-19T11:46:11+00:00\" \/>\n<meta property=\"og:image\" content=\"https:\/\/blog.zeit.de\/zweitstimme\/files\/2013\/08\/CDUBriefwaehler-e1376904876373.png\" \/>\n<meta name=\"author\" content=\"Lisa Caspari\" \/>\n<meta name=\"twitter:card\" content=\"summary_large_image\" \/>\n<meta name=\"twitter:label1\" content=\"Geschrieben von\" \/>\n\t<meta name=\"twitter:data1\" content=\"Lisa Caspari\" \/>\n\t<meta name=\"twitter:label2\" content=\"Gesch\u00e4tzte Lesezeit\" \/>\n\t<meta name=\"twitter:data2\" content=\"2\u00a0Minuten\" \/>\n<script type=\"application\/ld+json\" class=\"yoast-schema-graph\">{\"@context\":\"https:\/\/schema.org\",\"@graph\":[{\"@type\":\"WebPage\",\"@id\":\"https:\/\/blog.zeit.de\/zweitstimme\/2013\/08\/19\/konfiture-fur-briefwahler\/\",\"url\":\"https:\/\/blog.zeit.de\/zweitstimme\/2013\/08\/19\/konfiture-fur-briefwahler\/\",\"name\":\"Konfit\u00fcre f\u00fcr Briefw\u00e4hler - Zweitstimme\",\"isPartOf\":{\"@id\":\"https:\/\/blog.zeit.de\/zweitstimme\/#website\"},\"datePublished\":\"2013-08-19T10:54:23+00:00\",\"dateModified\":\"2013-08-19T11:46:11+00:00\",\"author\":{\"@id\":\"https:\/\/blog.zeit.de\/zweitstimme\/#\/schema\/person\/3863bcab169f6697a6d5c63117df8405\"},\"breadcrumb\":{\"@id\":\"https:\/\/blog.zeit.de\/zweitstimme\/2013\/08\/19\/konfiture-fur-briefwahler\/#breadcrumb\"},\"inLanguage\":\"de\",\"potentialAction\":[{\"@type\":\"ReadAction\",\"target\":[\"https:\/\/blog.zeit.de\/zweitstimme\/2013\/08\/19\/konfiture-fur-briefwahler\/\"]}]},{\"@type\":\"BreadcrumbList\",\"@id\":\"https:\/\/blog.zeit.de\/zweitstimme\/2013\/08\/19\/konfiture-fur-briefwahler\/#breadcrumb\",\"itemListElement\":[{\"@type\":\"ListItem\",\"position\":1,\"name\":\"Startseite\",\"item\":\"https:\/\/blog.zeit.de\/zweitstimme\/\"},{\"@type\":\"ListItem\",\"position\":2,\"name\":\"Konfit\u00fcre f\u00fcr Briefw\u00e4hler\"}]},{\"@type\":\"WebSite\",\"@id\":\"https:\/\/blog.zeit.de\/zweitstimme\/#website\",\"url\":\"https:\/\/blog.zeit.de\/zweitstimme\/\",\"name\":\"Zweitstimme\",\"description\":\"Das Politik-Blog\",\"potentialAction\":[{\"@type\":\"SearchAction\",\"target\":{\"@type\":\"EntryPoint\",\"urlTemplate\":\"https:\/\/blog.zeit.de\/zweitstimme\/?s={search_term_string}\"},\"query-input\":\"required name=search_term_string\"}],\"inLanguage\":\"de\"},{\"@type\":\"Person\",\"@id\":\"https:\/\/blog.zeit.de\/zweitstimme\/#\/schema\/person\/3863bcab169f6697a6d5c63117df8405\",\"name\":\"Lisa Caspari\",\"image\":{\"@type\":\"ImageObject\",\"inLanguage\":\"de\",\"@id\":\"https:\/\/blog.zeit.de\/zweitstimme\/#\/schema\/person\/image\/\",\"url\":\"https:\/\/secure.gravatar.com\/avatar\/24bd331e48d30258d7a5e9a5037e7c5af9e47c88ab2ecbc7568c2f10e40e93fc?s=96&d=mm&r=g\",\"contentUrl\":\"https:\/\/secure.gravatar.com\/avatar\/24bd331e48d30258d7a5e9a5037e7c5af9e47c88ab2ecbc7568c2f10e40e93fc?s=96&d=mm&r=g\",\"caption\":\"Lisa Caspari\"},\"description\":\"ist Redakteurin im Ressort Politik, Wirtschaft und Gesellschaft bei ZEIT ONLINE.\",\"url\":\"https:\/\/blog.zeit.de\/zweitstimme\/author\/lisacaspari\/\"}]}<\/script>\n<!-- \/ Yoast SEO plugin. -->","yoast_head_json":{"title":"Konfit\u00fcre f\u00fcr Briefw\u00e4hler - Zweitstimme","robots":{"index":"index","follow":"follow","max-snippet":"max-snippet:-1","max-image-preview":"max-image-preview:large","max-video-preview":"max-video-preview:-1"},"canonical":"https:\/\/blog.zeit.de\/zweitstimme\/2013\/08\/19\/konfiture-fur-briefwahler\/","og_locale":"de_DE","og_type":"article","og_title":"Konfit\u00fcre f\u00fcr Briefw\u00e4hler - Zweitstimme","og_description":"Die CDU-Wahlkampagne setzt jetzt auf Marmeladenbrot: Wei\u00dfer Quark, darauf ein Konfit\u00fcren-Wahlkreuz in Quietsch-Orange \u2013 der Kampagnenfarbe der Christdemokraten. Jedem Besucher der Partei-Homepage prangt der Fr\u00fchst\u00fcckssnack derzeit prominent entgegen. &#8222;So funktioniert die Briefwahl&#8220;, ist ein Filmchen in dem Marmeladenquark-Bild \u00fcbertitelt, auf das der Besucher klicken soll. Er landet in der christdemokratisch heilen Wahlkampf-Spot-Welt: Opa und Enkelin [&hellip;]","og_url":"https:\/\/blog.zeit.de\/zweitstimme\/2013\/08\/19\/konfiture-fur-briefwahler\/","og_site_name":"Zweitstimme","article_published_time":"2013-08-19T10:54:23+00:00","article_modified_time":"2013-08-19T11:46:11+00:00","og_image":[{"url":"https:\/\/blog.zeit.de\/zweitstimme\/files\/2013\/08\/CDUBriefwaehler-e1376904876373.png"}],"author":"Lisa Caspari","twitter_card":"summary_large_image","twitter_misc":{"Geschrieben von":"Lisa Caspari","Gesch\u00e4tzte Lesezeit":"2\u00a0Minuten"},"schema":{"@context":"https:\/\/schema.org","@graph":[{"@type":"WebPage","@id":"https:\/\/blog.zeit.de\/zweitstimme\/2013\/08\/19\/konfiture-fur-briefwahler\/","url":"https:\/\/blog.zeit.de\/zweitstimme\/2013\/08\/19\/konfiture-fur-briefwahler\/","name":"Konfit\u00fcre f\u00fcr Briefw\u00e4hler - Zweitstimme","isPartOf":{"@id":"https:\/\/blog.zeit.de\/zweitstimme\/#website"},"datePublished":"2013-08-19T10:54:23+00:00","dateModified":"2013-08-19T11:46:11+00:00","author":{"@id":"https:\/\/blog.zeit.de\/zweitstimme\/#\/schema\/person\/3863bcab169f6697a6d5c63117df8405"},"breadcrumb":{"@id":"https:\/\/blog.zeit.de\/zweitstimme\/2013\/08\/19\/konfiture-fur-briefwahler\/#breadcrumb"},"inLanguage":"de","potentialAction":[{"@type":"ReadAction","target":["https:\/\/blog.zeit.de\/zweitstimme\/2013\/08\/19\/konfiture-fur-briefwahler\/"]}]},{"@type":"BreadcrumbList","@id":"https:\/\/blog.zeit.de\/zweitstimme\/2013\/08\/19\/konfiture-fur-briefwahler\/#breadcrumb","itemListElement":[{"@type":"ListItem","position":1,"name":"Startseite","item":"https:\/\/blog.zeit.de\/zweitstimme\/"},{"@type":"ListItem","position":2,"name":"Konfit\u00fcre f\u00fcr Briefw\u00e4hler"}]},{"@type":"WebSite","@id":"https:\/\/blog.zeit.de\/zweitstimme\/#website","url":"https:\/\/blog.zeit.de\/zweitstimme\/","name":"Zweitstimme","description":"Das Politik-Blog","potentialAction":[{"@type":"SearchAction","target":{"@type":"EntryPoint","urlTemplate":"https:\/\/blog.zeit.de\/zweitstimme\/?s={search_term_string}"},"query-input":"required name=search_term_string"}],"inLanguage":"de"},{"@type":"Person","@id":"https:\/\/blog.zeit.de\/zweitstimme\/#\/schema\/person\/3863bcab169f6697a6d5c63117df8405","name":"Lisa Caspari","image":{"@type":"ImageObject","inLanguage":"de","@id":"https:\/\/blog.zeit.de\/zweitstimme\/#\/schema\/person\/image\/","url":"https:\/\/secure.gravatar.com\/avatar\/24bd331e48d30258d7a5e9a5037e7c5af9e47c88ab2ecbc7568c2f10e40e93fc?s=96&d=mm&r=g","contentUrl":"https:\/\/secure.gravatar.com\/avatar\/24bd331e48d30258d7a5e9a5037e7c5af9e47c88ab2ecbc7568c2f10e40e93fc?s=96&d=mm&r=g","caption":"Lisa Caspari"},"description":"ist Redakteurin im Ressort Politik, Wirtschaft und Gesellschaft bei ZEIT ONLINE.","url":"https:\/\/blog.zeit.de\/zweitstimme\/author\/lisacaspari\/"}]}},"jetpack_featured_media_url":"","jetpack_sharing_enabled":true,"_links":{"self":[{"href":"https:\/\/blog.zeit.de\/zweitstimme\/wp-json\/wp\/v2\/posts\/4196","targetHints":{"allow":["GET"]}}],"collection":[{"href":"https:\/\/blog.zeit.de\/zweitstimme\/wp-json\/wp\/v2\/posts"}],"about":[{"href":"https:\/\/blog.zeit.de\/zweitstimme\/wp-json\/wp\/v2\/types\/post"}],"author":[{"embeddable":true,"href":"https:\/\/blog.zeit.de\/zweitstimme\/wp-json\/wp\/v2\/users\/350"}],"replies":[{"embeddable":true,"href":"https:\/\/blog.zeit.de\/zweitstimme\/wp-json\/wp\/v2\/comments?post=4196"}],"version-history":[{"count":19,"href":"https:\/\/blog.zeit.de\/zweitstimme\/wp-json\/wp\/v2\/posts\/4196\/revisions"}],"predecessor-version":[{"id":4219,"href":"https:\/\/blog.zeit.de\/zweitstimme\/wp-json\/wp\/v2\/posts\/4196\/revisions\/4219"}],"wp:attachment":[{"href":"https:\/\/blog.zeit.de\/zweitstimme\/wp-json\/wp\/v2\/media?parent=4196"}],"wp:term":[{"taxonomy":"category","embeddable":true,"href":"https:\/\/blog.zeit.de\/zweitstimme\/wp-json\/wp\/v2\/categories?post=4196"},{"taxonomy":"post_tag","embeddable":true,"href":"https:\/\/blog.zeit.de\/zweitstimme\/wp-json\/wp\/v2\/tags?post=4196"}],"curies":[{"name":"wp","href":"https:\/\/api.w.org\/{rel}","templated":true}]}}