{"id":521,"date":"2009-09-25T16:02:48","date_gmt":"2009-09-25T14:02:48","guid":{"rendered":"http:\/\/blog.zeit.de\/zweitstimme\/?p=521"},"modified":"2009-09-25T16:02:48","modified_gmt":"2009-09-25T14:02:48","slug":"merkel-wahlt-in-der-mensa","status":"publish","type":"post","link":"https:\/\/blog.zeit.de\/zweitstimme\/2009\/09\/25\/merkel-wahlt-in-der-mensa\/","title":{"rendered":"Merkel w\u00e4hlt in der Mensa"},"content":{"rendered":"<p>Und zwar im Wahllokal 01228 in der Dorotheenstr. 19-21. Wenn das Medieninteresse die Kapazit\u00e4t des Wahllokales \u00fcberschreitet, wovon auszugehen ist, erfolgt durch das Bundespresseamt &#8222;eine Zugangsbeschr\u00e4nkung&#8220;, um &#8222;den ordnungsgem\u00e4\u00dfen Ablauf der Wahl sicherzustellen&#8220;. So teilte eben jenes Amt heute mit. Merkel wird gegen 13 Uhr zur Stimmabgabe erwartet.<\/p>\n<p>Gut, besonders spannend ist das nicht. Aber dennoch fast das Aufregendste, was heute von der Union zu h\u00f6ren ist. CDU und CSU neigen zwar das ganz Jahr \u00fcber zum Streit, ausgerechnet vor Wahlen allerdings, sind die b\u00fcrgerlichen Parteien ziemlich diszipliniert. Sie warten mit der Selbstzerfleischung, bis das Ergebnis feststeht.<\/p>\n","protected":false},"excerpt":{"rendered":"<p>Und zwar im Wahllokal 01228 in der Dorotheenstr. 19-21. Wenn das Medieninteresse die Kapazit\u00e4t des Wahllokales \u00fcberschreitet, wovon auszugehen ist, erfolgt durch das Bundespresseamt &#8222;eine Zugangsbeschr\u00e4nkung&#8220;, um &#8222;den ordnungsgem\u00e4\u00dfen Ablauf der Wahl sicherzustellen&#8220;. So teilte eben jenes Amt heute mit. Merkel wird gegen 13 Uhr zur Stimmabgabe erwartet. Gut, besonders spannend ist das nicht. Aber [&hellip;]<\/p>\n","protected":false},"author":144,"featured_media":0,"comment_status":"open","ping_status":"closed","sticky":false,"template":"","format":"standard","meta":{"_jetpack_memberships_contains_paid_content":false,"footnotes":""},"categories":[1],"tags":[],"class_list":["post-521","post","type-post","status-publish","format-standard","hentry","category-allgemein"],"yoast_head":"<!-- This site is optimized with the Yoast SEO plugin v21.0 - https:\/\/yoast.com\/wordpress\/plugins\/seo\/ -->\n<title>Merkel w\u00e4hlt in der Mensa  - Zweitstimme<\/title>\n<meta name=\"robots\" content=\"index, follow, max-snippet:-1, max-image-preview:large, max-video-preview:-1\" \/>\n<link rel=\"canonical\" href=\"https:\/\/blog.zeit.de\/zweitstimme\/2009\/09\/25\/merkel-wahlt-in-der-mensa\/\" \/>\n<meta property=\"og:locale\" content=\"de_DE\" \/>\n<meta property=\"og:type\" content=\"article\" \/>\n<meta property=\"og:title\" content=\"Merkel w\u00e4hlt in der Mensa  - Zweitstimme\" \/>\n<meta property=\"og:description\" content=\"Und zwar im Wahllokal 01228 in der Dorotheenstr. 19-21. Wenn das Medieninteresse die Kapazit\u00e4t des Wahllokales \u00fcberschreitet, wovon auszugehen ist, erfolgt durch das Bundespresseamt &#8222;eine Zugangsbeschr\u00e4nkung&#8220;, um &#8222;den ordnungsgem\u00e4\u00dfen Ablauf der Wahl sicherzustellen&#8220;. So teilte eben jenes Amt heute mit. Merkel wird gegen 13 Uhr zur Stimmabgabe erwartet. Gut, besonders spannend ist das nicht. Aber [&hellip;]\" \/>\n<meta property=\"og:url\" content=\"https:\/\/blog.zeit.de\/zweitstimme\/2009\/09\/25\/merkel-wahlt-in-der-mensa\/\" \/>\n<meta property=\"og:site_name\" content=\"Zweitstimme\" \/>\n<meta property=\"article:published_time\" content=\"2009-09-25T14:02:48+00:00\" \/>\n<meta name=\"author\" content=\"Michael Schlieben\" \/>\n<meta name=\"twitter:card\" content=\"summary_large_image\" \/>\n<meta name=\"twitter:label1\" content=\"Geschrieben von\" \/>\n\t<meta name=\"twitter:data1\" content=\"Michael Schlieben\" \/>\n\t<meta name=\"twitter:label2\" content=\"Gesch\u00e4tzte Lesezeit\" \/>\n\t<meta name=\"twitter:data2\" content=\"1\u00a0Minute\" \/>\n<script type=\"application\/ld+json\" class=\"yoast-schema-graph\">{\"@context\":\"https:\/\/schema.org\",\"@graph\":[{\"@type\":\"WebPage\",\"@id\":\"https:\/\/blog.zeit.de\/zweitstimme\/2009\/09\/25\/merkel-wahlt-in-der-mensa\/\",\"url\":\"https:\/\/blog.zeit.de\/zweitstimme\/2009\/09\/25\/merkel-wahlt-in-der-mensa\/\",\"name\":\"Merkel w\u00e4hlt in der Mensa - Zweitstimme\",\"isPartOf\":{\"@id\":\"https:\/\/blog.zeit.de\/zweitstimme\/#website\"},\"datePublished\":\"2009-09-25T14:02:48+00:00\",\"dateModified\":\"2009-09-25T14:02:48+00:00\",\"author\":{\"@id\":\"https:\/\/blog.zeit.de\/zweitstimme\/#\/schema\/person\/00fd0180651cfe096af5af4ab8d3833d\"},\"breadcrumb\":{\"@id\":\"https:\/\/blog.zeit.de\/zweitstimme\/2009\/09\/25\/merkel-wahlt-in-der-mensa\/#breadcrumb\"},\"inLanguage\":\"de\",\"potentialAction\":[{\"@type\":\"ReadAction\",\"target\":[\"https:\/\/blog.zeit.de\/zweitstimme\/2009\/09\/25\/merkel-wahlt-in-der-mensa\/\"]}]},{\"@type\":\"BreadcrumbList\",\"@id\":\"https:\/\/blog.zeit.de\/zweitstimme\/2009\/09\/25\/merkel-wahlt-in-der-mensa\/#breadcrumb\",\"itemListElement\":[{\"@type\":\"ListItem\",\"position\":1,\"name\":\"Startseite\",\"item\":\"https:\/\/blog.zeit.de\/zweitstimme\/\"},{\"@type\":\"ListItem\",\"position\":2,\"name\":\"Merkel w\u00e4hlt in der Mensa\"}]},{\"@type\":\"WebSite\",\"@id\":\"https:\/\/blog.zeit.de\/zweitstimme\/#website\",\"url\":\"https:\/\/blog.zeit.de\/zweitstimme\/\",\"name\":\"Zweitstimme\",\"description\":\"Das Politik-Blog\",\"potentialAction\":[{\"@type\":\"SearchAction\",\"target\":{\"@type\":\"EntryPoint\",\"urlTemplate\":\"https:\/\/blog.zeit.de\/zweitstimme\/?s={search_term_string}\"},\"query-input\":\"required name=search_term_string\"}],\"inLanguage\":\"de\"},{\"@type\":\"Person\",\"@id\":\"https:\/\/blog.zeit.de\/zweitstimme\/#\/schema\/person\/00fd0180651cfe096af5af4ab8d3833d\",\"name\":\"Michael Schlieben\",\"image\":{\"@type\":\"ImageObject\",\"inLanguage\":\"de\",\"@id\":\"https:\/\/blog.zeit.de\/zweitstimme\/#\/schema\/person\/image\/\",\"url\":\"https:\/\/secure.gravatar.com\/avatar\/ae339ef193f3b4d9b9c801960e39eccc8bb25f18bc7e803824e0760ca6f97b51?s=96&d=mm&r=g\",\"contentUrl\":\"https:\/\/secure.gravatar.com\/avatar\/ae339ef193f3b4d9b9c801960e39eccc8bb25f18bc7e803824e0760ca6f97b51?s=96&d=mm&r=g\",\"caption\":\"Michael Schlieben\"},\"url\":\"https:\/\/blog.zeit.de\/zweitstimme\/author\/michael-schlieben\/\"}]}<\/script>\n<!-- \/ Yoast SEO plugin. -->","yoast_head_json":{"title":"Merkel w\u00e4hlt in der Mensa  - Zweitstimme","robots":{"index":"index","follow":"follow","max-snippet":"max-snippet:-1","max-image-preview":"max-image-preview:large","max-video-preview":"max-video-preview:-1"},"canonical":"https:\/\/blog.zeit.de\/zweitstimme\/2009\/09\/25\/merkel-wahlt-in-der-mensa\/","og_locale":"de_DE","og_type":"article","og_title":"Merkel w\u00e4hlt in der Mensa  - Zweitstimme","og_description":"Und zwar im Wahllokal 01228 in der Dorotheenstr. 19-21. Wenn das Medieninteresse die Kapazit\u00e4t des Wahllokales \u00fcberschreitet, wovon auszugehen ist, erfolgt durch das Bundespresseamt &#8222;eine Zugangsbeschr\u00e4nkung&#8220;, um &#8222;den ordnungsgem\u00e4\u00dfen Ablauf der Wahl sicherzustellen&#8220;. So teilte eben jenes Amt heute mit. Merkel wird gegen 13 Uhr zur Stimmabgabe erwartet. Gut, besonders spannend ist das nicht. Aber [&hellip;]","og_url":"https:\/\/blog.zeit.de\/zweitstimme\/2009\/09\/25\/merkel-wahlt-in-der-mensa\/","og_site_name":"Zweitstimme","article_published_time":"2009-09-25T14:02:48+00:00","author":"Michael Schlieben","twitter_card":"summary_large_image","twitter_misc":{"Geschrieben von":"Michael Schlieben","Gesch\u00e4tzte Lesezeit":"1\u00a0Minute"},"schema":{"@context":"https:\/\/schema.org","@graph":[{"@type":"WebPage","@id":"https:\/\/blog.zeit.de\/zweitstimme\/2009\/09\/25\/merkel-wahlt-in-der-mensa\/","url":"https:\/\/blog.zeit.de\/zweitstimme\/2009\/09\/25\/merkel-wahlt-in-der-mensa\/","name":"Merkel w\u00e4hlt in der Mensa - Zweitstimme","isPartOf":{"@id":"https:\/\/blog.zeit.de\/zweitstimme\/#website"},"datePublished":"2009-09-25T14:02:48+00:00","dateModified":"2009-09-25T14:02:48+00:00","author":{"@id":"https:\/\/blog.zeit.de\/zweitstimme\/#\/schema\/person\/00fd0180651cfe096af5af4ab8d3833d"},"breadcrumb":{"@id":"https:\/\/blog.zeit.de\/zweitstimme\/2009\/09\/25\/merkel-wahlt-in-der-mensa\/#breadcrumb"},"inLanguage":"de","potentialAction":[{"@type":"ReadAction","target":["https:\/\/blog.zeit.de\/zweitstimme\/2009\/09\/25\/merkel-wahlt-in-der-mensa\/"]}]},{"@type":"BreadcrumbList","@id":"https:\/\/blog.zeit.de\/zweitstimme\/2009\/09\/25\/merkel-wahlt-in-der-mensa\/#breadcrumb","itemListElement":[{"@type":"ListItem","position":1,"name":"Startseite","item":"https:\/\/blog.zeit.de\/zweitstimme\/"},{"@type":"ListItem","position":2,"name":"Merkel w\u00e4hlt in der Mensa"}]},{"@type":"WebSite","@id":"https:\/\/blog.zeit.de\/zweitstimme\/#website","url":"https:\/\/blog.zeit.de\/zweitstimme\/","name":"Zweitstimme","description":"Das Politik-Blog","potentialAction":[{"@type":"SearchAction","target":{"@type":"EntryPoint","urlTemplate":"https:\/\/blog.zeit.de\/zweitstimme\/?s={search_term_string}"},"query-input":"required name=search_term_string"}],"inLanguage":"de"},{"@type":"Person","@id":"https:\/\/blog.zeit.de\/zweitstimme\/#\/schema\/person\/00fd0180651cfe096af5af4ab8d3833d","name":"Michael Schlieben","image":{"@type":"ImageObject","inLanguage":"de","@id":"https:\/\/blog.zeit.de\/zweitstimme\/#\/schema\/person\/image\/","url":"https:\/\/secure.gravatar.com\/avatar\/ae339ef193f3b4d9b9c801960e39eccc8bb25f18bc7e803824e0760ca6f97b51?s=96&d=mm&r=g","contentUrl":"https:\/\/secure.gravatar.com\/avatar\/ae339ef193f3b4d9b9c801960e39eccc8bb25f18bc7e803824e0760ca6f97b51?s=96&d=mm&r=g","caption":"Michael Schlieben"},"url":"https:\/\/blog.zeit.de\/zweitstimme\/author\/michael-schlieben\/"}]}},"jetpack_featured_media_url":"","jetpack_sharing_enabled":true,"_links":{"self":[{"href":"https:\/\/blog.zeit.de\/zweitstimme\/wp-json\/wp\/v2\/posts\/521","targetHints":{"allow":["GET"]}}],"collection":[{"href":"https:\/\/blog.zeit.de\/zweitstimme\/wp-json\/wp\/v2\/posts"}],"about":[{"href":"https:\/\/blog.zeit.de\/zweitstimme\/wp-json\/wp\/v2\/types\/post"}],"author":[{"embeddable":true,"href":"https:\/\/blog.zeit.de\/zweitstimme\/wp-json\/wp\/v2\/users\/144"}],"replies":[{"embeddable":true,"href":"https:\/\/blog.zeit.de\/zweitstimme\/wp-json\/wp\/v2\/comments?post=521"}],"version-history":[{"count":0,"href":"https:\/\/blog.zeit.de\/zweitstimme\/wp-json\/wp\/v2\/posts\/521\/revisions"}],"wp:attachment":[{"href":"https:\/\/blog.zeit.de\/zweitstimme\/wp-json\/wp\/v2\/media?parent=521"}],"wp:term":[{"taxonomy":"category","embeddable":true,"href":"https:\/\/blog.zeit.de\/zweitstimme\/wp-json\/wp\/v2\/categories?post=521"},{"taxonomy":"post_tag","embeddable":true,"href":"https:\/\/blog.zeit.de\/zweitstimme\/wp-json\/wp\/v2\/tags?post=521"}],"curies":[{"name":"wp","href":"https:\/\/api.w.org\/{rel}","templated":true}]}}