{"id":526,"date":"2009-09-27T09:52:22","date_gmt":"2009-09-27T07:52:22","guid":{"rendered":"http:\/\/blog.zeit.de\/zweitstimme\/?p=526"},"modified":"2009-09-27T10:39:32","modified_gmt":"2009-09-27T08:39:32","slug":"steini-der-sexgott-und-westerwelle-der-kanzler","status":"publish","type":"post","link":"https:\/\/blog.zeit.de\/zweitstimme\/2009\/09\/27\/steini-der-sexgott-und-westerwelle-der-kanzler\/","title":{"rendered":"Steini, der Sexgott, und Westerwelle, der Kanzler"},"content":{"rendered":"<p><em><strong>Von Tina Groll<\/strong><\/em><\/p>\n<p>Manche nennen es Wahlkampf f\u00fcr die Twitter-Generation, das ist dann elit\u00e4r gemeint. Andere finden es total &#8222;obamaesk&#8220;, was wohl Spitze hei\u00dft: Lustige Politspots, Wahlkampfsongs oder Animationen im Netz. Geeignet, um sich den Sonntagnachmittag bis zur ersten Hochrechnung zu vertreiben, sind die kurzweiligen Clips jedenfalls.<\/p>\n<p>Wer h\u00e4tte gedacht, dass Steinmeier junge Frauen schlaflose N\u00e4chte bereitet? Das zumindest behauptet das dralle Steini-Girl \u2013 eine angeblich 22-j\u00e4hrige Jura-Studentin, die<a href=\"http:\/\/www.youtube.com\/watch?v=kfIBc5PG3LI\"> in ihrem Liebeslied den SPD-Kandidaten<\/a> anschmachtet und ihm zu ihrem liebsten &#8222;<em>Toy-Boy<\/em>&#8220; erkl\u00e4rt. Endlich mal etwas Erotik f\u00fcr den sonst so dr\u00f6gen Wahlkampf. Hinter dem sexy Clip stecken jedoch nicht die Sozialdemokraten, sondern das Videoportal Sevenload. F\u00fcr die S\u00e4ngerin, die sich mit knappen H\u00f6schen an einem Steinmeier-Pappaufsteller r\u00e4kelt, hat sich das Video schon vor der Wahl gelohnt. Sie ist im Netz zu einiger Bekanntheit gekommen, und auch von einem Plattenvertrag soll bereits die Rede sein. Die SPD dagegen ist \u00fcber das laszive Video <em>not amused<\/em> und bef\u00fcrchtet, dass das Video \u00e4ltere W\u00e4hler vergraulen k\u00f6nnte.<\/p>\n<p>Vielleicht t\u00e4te etwas Gelassenheit gut? Immerhin ist die Idee aus den USA geklaut. Dort unterst\u00fctzte die S\u00e4ngerin Amber Lee Ettinger mit Videos in \u00e4hnlicher Aufmachung Barack Obama bei der Pr\u00e4sidentschaftswahl. Der Clip soll Obama geholfen haben. Anders als das Liebeslied vom Steini-Girl war ihr Song &#8222;<em>Crush on Obama<\/em>&#8220; jedoch kein Werbefake.<\/p>\n<p>Kein Fake, daf\u00fcr aber ein gelungener Loriot-Remake ist dagegen der <a href=\"http:\/\/www.youtube.com\/watch?v=IQYfuMPt1ao&amp;feature=player_embedded\">Clip &#8222;Szenen einer Ehe&#8220;<\/a> von den Gr\u00fcnen. Zu sehen sind Guido Westerwelle und Angela Merkel als Loriot-Figuren \u2013 jedoch im Rollentausch. W\u00e4hrend Guido die Hausfrau in der K\u00fcche mimt und Angela zum Regieren animieren m\u00f6chte, sitzt die Kanzlerin relaxt im Sessel. &#8222;Ich m\u00f6chte einfach nur hier sitzen.&#8220;<\/p>\n<p>Sich selbst aufs Korn nehmen dagegen die Jungen Liberalen in ihrem <a href=\"http:\/\/www.youtube.com\/julis?gl=DE&amp;hl=de#play\/all\/\">Clip &#8222;Die reine Wahrheit&#8220;<\/a>. Der Spot zeigt eine Reihe stolzer Nachwuchsliberaler: &#8222;Wir fordern marktgl\u00e4ubig als religi\u00f6se Ansicht bei Facebook einzuf\u00fchren&#8220;, sagen sie. Oder: &#8222;Wir b\u00fcgeln unsere Jeans \u2013 und unsere Hemden, die wir immer in die Hose stecken sowieso.&#8220; Leider f\u00e4llt das Video zum Ende durch ernsthafte Forderungen etwas ab.<\/p>\n<p>Was passieren kann, wenn man sein Kreuzchen f\u00fcr die FDP macht, zeigt ein <a href=\"http:\/\/www.nachrichten-tv24.de\/igm\/video?vparam=e1d0036e4eVGluYTtHcm9sbDsjIyM\">personalisierbarer Spot der IG Metall<\/a>. Mit nur einer einzigen Stimme zieht Guido Westerwelle ins Bundeskanzleramt ein \u2013 behauptet jedenfalls der freundliche Nachrichtensprecher in dem fiktiven Programm <em>Nachrichten-TV24.de<\/em>. Demnach war ein einziger Nichtw\u00e4hler f\u00fcr den Sieg Westerwelles entscheidend \u2013 auf den sich die geballte Wut der Nation in den Tagen nach der Wahl richtet.<\/p>\n<p>Der Spot ist zwar lustig, inhaltlich jedoch etwas widerspr\u00fcchlich. Zum einen wird behauptet, alle B\u00fcrger seien w\u00e4hlen gegangen, zum anderen wird dem Nicht-W\u00e4hler vorgehalten, er habe durch seine Passivit\u00e4t \u00fcber den Ausgang des Urnengangs entschieden. Aber immerhin: Das Video kann mit den Namen von Freunden versehen und weitergeleitet werden \u2013 auf die Mobilisierung kommt es der IG Metall wohl vor allem an.<\/p>\n<p>Mobilisiert hat auch der <a href=\"http:\/\/www.youtube.com\/watch?v=-vlK75BQsRA\">Song &#8222;<em>W\u00e4hl auch Du, CDU<\/em>&#8222;<\/a> im Jahr 1972. Hach, herrlich. Damals war der schmissige Gassenhauer das offizielle Wahlkampflied. Nicht nur die eing\u00e4ngige Melodie zeichnet das Lied als Ohrwurm aus \u2013 auch in seiner sprachlichen Klarheit \u00fcberzeugt das Lied: &#8222;W\u00e4hl auch Du, CDU. Ich wei\u00df l\u00e4ngst schon, was ich tu. Was denn sonst? CDU!&#8220;<\/p>\n<p>Und wenn das sehr viele W\u00e4hler tun werden, gibt es am Sonntag noch einen Song zum Mitgr\u00f6len: Lady Kanzler mit dem <a href=\"http:\/\/www.youtube.com\/watch?v=-x6yOBQF5Ko&amp;feature=PlayList&amp;p=D5516AC4FBB991D1&amp;playnext=1&amp;playnext_from=PL&amp;index=59\">Hit &#8222;<em>Pokerface<\/em>&#8222;<\/a>.<\/p>\n","protected":false},"excerpt":{"rendered":"<p>Von Tina Groll Manche nennen es Wahlkampf f\u00fcr die Twitter-Generation, das ist dann elit\u00e4r gemeint. Andere finden es total &#8222;obamaesk&#8220;, was wohl Spitze hei\u00dft: Lustige Politspots, Wahlkampfsongs oder Animationen im Netz. Geeignet, um sich den Sonntagnachmittag bis zur ersten Hochrechnung zu vertreiben, sind die kurzweiligen Clips jedenfalls. Wer h\u00e4tte gedacht, dass Steinmeier junge Frauen schlaflose [&hellip;]<\/p>\n","protected":false},"author":144,"featured_media":0,"comment_status":"open","ping_status":"closed","sticky":false,"template":"","format":"standard","meta":{"_jetpack_memberships_contains_paid_content":false,"footnotes":""},"categories":[1],"tags":[],"class_list":["post-526","post","type-post","status-publish","format-standard","hentry","category-allgemein"],"yoast_head":"<!-- This site is optimized with the Yoast SEO plugin v21.0 - https:\/\/yoast.com\/wordpress\/plugins\/seo\/ -->\n<title>Steini, der Sexgott, und Westerwelle, der Kanzler - Zweitstimme<\/title>\n<meta name=\"robots\" content=\"index, follow, max-snippet:-1, max-image-preview:large, max-video-preview:-1\" \/>\n<link rel=\"canonical\" href=\"https:\/\/blog.zeit.de\/zweitstimme\/2009\/09\/27\/steini-der-sexgott-und-westerwelle-der-kanzler\/\" \/>\n<meta property=\"og:locale\" content=\"de_DE\" \/>\n<meta property=\"og:type\" content=\"article\" \/>\n<meta property=\"og:title\" content=\"Steini, der Sexgott, und Westerwelle, der Kanzler - Zweitstimme\" \/>\n<meta property=\"og:description\" content=\"Von Tina Groll Manche nennen es Wahlkampf f\u00fcr die Twitter-Generation, das ist dann elit\u00e4r gemeint. Andere finden es total &#8222;obamaesk&#8220;, was wohl Spitze hei\u00dft: Lustige Politspots, Wahlkampfsongs oder Animationen im Netz. Geeignet, um sich den Sonntagnachmittag bis zur ersten Hochrechnung zu vertreiben, sind die kurzweiligen Clips jedenfalls. Wer h\u00e4tte gedacht, dass Steinmeier junge Frauen schlaflose [&hellip;]\" \/>\n<meta property=\"og:url\" content=\"https:\/\/blog.zeit.de\/zweitstimme\/2009\/09\/27\/steini-der-sexgott-und-westerwelle-der-kanzler\/\" \/>\n<meta property=\"og:site_name\" content=\"Zweitstimme\" \/>\n<meta property=\"article:published_time\" content=\"2009-09-27T07:52:22+00:00\" \/>\n<meta property=\"article:modified_time\" content=\"2009-09-27T08:39:32+00:00\" \/>\n<meta name=\"author\" content=\"Michael Schlieben\" \/>\n<meta name=\"twitter:card\" content=\"summary_large_image\" \/>\n<meta name=\"twitter:label1\" content=\"Geschrieben von\" \/>\n\t<meta name=\"twitter:data1\" content=\"Michael Schlieben\" \/>\n\t<meta name=\"twitter:label2\" content=\"Gesch\u00e4tzte Lesezeit\" \/>\n\t<meta name=\"twitter:data2\" content=\"3\u00a0Minuten\" \/>\n<script type=\"application\/ld+json\" class=\"yoast-schema-graph\">{\"@context\":\"https:\/\/schema.org\",\"@graph\":[{\"@type\":\"WebPage\",\"@id\":\"https:\/\/blog.zeit.de\/zweitstimme\/2009\/09\/27\/steini-der-sexgott-und-westerwelle-der-kanzler\/\",\"url\":\"https:\/\/blog.zeit.de\/zweitstimme\/2009\/09\/27\/steini-der-sexgott-und-westerwelle-der-kanzler\/\",\"name\":\"Steini, der Sexgott, und Westerwelle, der Kanzler - Zweitstimme\",\"isPartOf\":{\"@id\":\"https:\/\/blog.zeit.de\/zweitstimme\/#website\"},\"datePublished\":\"2009-09-27T07:52:22+00:00\",\"dateModified\":\"2009-09-27T08:39:32+00:00\",\"author\":{\"@id\":\"https:\/\/blog.zeit.de\/zweitstimme\/#\/schema\/person\/00fd0180651cfe096af5af4ab8d3833d\"},\"breadcrumb\":{\"@id\":\"https:\/\/blog.zeit.de\/zweitstimme\/2009\/09\/27\/steini-der-sexgott-und-westerwelle-der-kanzler\/#breadcrumb\"},\"inLanguage\":\"de\",\"potentialAction\":[{\"@type\":\"ReadAction\",\"target\":[\"https:\/\/blog.zeit.de\/zweitstimme\/2009\/09\/27\/steini-der-sexgott-und-westerwelle-der-kanzler\/\"]}]},{\"@type\":\"BreadcrumbList\",\"@id\":\"https:\/\/blog.zeit.de\/zweitstimme\/2009\/09\/27\/steini-der-sexgott-und-westerwelle-der-kanzler\/#breadcrumb\",\"itemListElement\":[{\"@type\":\"ListItem\",\"position\":1,\"name\":\"Startseite\",\"item\":\"https:\/\/blog.zeit.de\/zweitstimme\/\"},{\"@type\":\"ListItem\",\"position\":2,\"name\":\"Steini, der Sexgott, und Westerwelle, der Kanzler\"}]},{\"@type\":\"WebSite\",\"@id\":\"https:\/\/blog.zeit.de\/zweitstimme\/#website\",\"url\":\"https:\/\/blog.zeit.de\/zweitstimme\/\",\"name\":\"Zweitstimme\",\"description\":\"Das Politik-Blog\",\"potentialAction\":[{\"@type\":\"SearchAction\",\"target\":{\"@type\":\"EntryPoint\",\"urlTemplate\":\"https:\/\/blog.zeit.de\/zweitstimme\/?s={search_term_string}\"},\"query-input\":\"required name=search_term_string\"}],\"inLanguage\":\"de\"},{\"@type\":\"Person\",\"@id\":\"https:\/\/blog.zeit.de\/zweitstimme\/#\/schema\/person\/00fd0180651cfe096af5af4ab8d3833d\",\"name\":\"Michael Schlieben\",\"image\":{\"@type\":\"ImageObject\",\"inLanguage\":\"de\",\"@id\":\"https:\/\/blog.zeit.de\/zweitstimme\/#\/schema\/person\/image\/\",\"url\":\"https:\/\/secure.gravatar.com\/avatar\/ae339ef193f3b4d9b9c801960e39eccc8bb25f18bc7e803824e0760ca6f97b51?s=96&d=mm&r=g\",\"contentUrl\":\"https:\/\/secure.gravatar.com\/avatar\/ae339ef193f3b4d9b9c801960e39eccc8bb25f18bc7e803824e0760ca6f97b51?s=96&d=mm&r=g\",\"caption\":\"Michael Schlieben\"},\"url\":\"https:\/\/blog.zeit.de\/zweitstimme\/author\/michael-schlieben\/\"}]}<\/script>\n<!-- \/ Yoast SEO plugin. -->","yoast_head_json":{"title":"Steini, der Sexgott, und Westerwelle, der Kanzler - Zweitstimme","robots":{"index":"index","follow":"follow","max-snippet":"max-snippet:-1","max-image-preview":"max-image-preview:large","max-video-preview":"max-video-preview:-1"},"canonical":"https:\/\/blog.zeit.de\/zweitstimme\/2009\/09\/27\/steini-der-sexgott-und-westerwelle-der-kanzler\/","og_locale":"de_DE","og_type":"article","og_title":"Steini, der Sexgott, und Westerwelle, der Kanzler - Zweitstimme","og_description":"Von Tina Groll Manche nennen es Wahlkampf f\u00fcr die Twitter-Generation, das ist dann elit\u00e4r gemeint. Andere finden es total &#8222;obamaesk&#8220;, was wohl Spitze hei\u00dft: Lustige Politspots, Wahlkampfsongs oder Animationen im Netz. Geeignet, um sich den Sonntagnachmittag bis zur ersten Hochrechnung zu vertreiben, sind die kurzweiligen Clips jedenfalls. Wer h\u00e4tte gedacht, dass Steinmeier junge Frauen schlaflose [&hellip;]","og_url":"https:\/\/blog.zeit.de\/zweitstimme\/2009\/09\/27\/steini-der-sexgott-und-westerwelle-der-kanzler\/","og_site_name":"Zweitstimme","article_published_time":"2009-09-27T07:52:22+00:00","article_modified_time":"2009-09-27T08:39:32+00:00","author":"Michael Schlieben","twitter_card":"summary_large_image","twitter_misc":{"Geschrieben von":"Michael Schlieben","Gesch\u00e4tzte Lesezeit":"3\u00a0Minuten"},"schema":{"@context":"https:\/\/schema.org","@graph":[{"@type":"WebPage","@id":"https:\/\/blog.zeit.de\/zweitstimme\/2009\/09\/27\/steini-der-sexgott-und-westerwelle-der-kanzler\/","url":"https:\/\/blog.zeit.de\/zweitstimme\/2009\/09\/27\/steini-der-sexgott-und-westerwelle-der-kanzler\/","name":"Steini, der Sexgott, und Westerwelle, der Kanzler - Zweitstimme","isPartOf":{"@id":"https:\/\/blog.zeit.de\/zweitstimme\/#website"},"datePublished":"2009-09-27T07:52:22+00:00","dateModified":"2009-09-27T08:39:32+00:00","author":{"@id":"https:\/\/blog.zeit.de\/zweitstimme\/#\/schema\/person\/00fd0180651cfe096af5af4ab8d3833d"},"breadcrumb":{"@id":"https:\/\/blog.zeit.de\/zweitstimme\/2009\/09\/27\/steini-der-sexgott-und-westerwelle-der-kanzler\/#breadcrumb"},"inLanguage":"de","potentialAction":[{"@type":"ReadAction","target":["https:\/\/blog.zeit.de\/zweitstimme\/2009\/09\/27\/steini-der-sexgott-und-westerwelle-der-kanzler\/"]}]},{"@type":"BreadcrumbList","@id":"https:\/\/blog.zeit.de\/zweitstimme\/2009\/09\/27\/steini-der-sexgott-und-westerwelle-der-kanzler\/#breadcrumb","itemListElement":[{"@type":"ListItem","position":1,"name":"Startseite","item":"https:\/\/blog.zeit.de\/zweitstimme\/"},{"@type":"ListItem","position":2,"name":"Steini, der Sexgott, und Westerwelle, der Kanzler"}]},{"@type":"WebSite","@id":"https:\/\/blog.zeit.de\/zweitstimme\/#website","url":"https:\/\/blog.zeit.de\/zweitstimme\/","name":"Zweitstimme","description":"Das Politik-Blog","potentialAction":[{"@type":"SearchAction","target":{"@type":"EntryPoint","urlTemplate":"https:\/\/blog.zeit.de\/zweitstimme\/?s={search_term_string}"},"query-input":"required name=search_term_string"}],"inLanguage":"de"},{"@type":"Person","@id":"https:\/\/blog.zeit.de\/zweitstimme\/#\/schema\/person\/00fd0180651cfe096af5af4ab8d3833d","name":"Michael Schlieben","image":{"@type":"ImageObject","inLanguage":"de","@id":"https:\/\/blog.zeit.de\/zweitstimme\/#\/schema\/person\/image\/","url":"https:\/\/secure.gravatar.com\/avatar\/ae339ef193f3b4d9b9c801960e39eccc8bb25f18bc7e803824e0760ca6f97b51?s=96&d=mm&r=g","contentUrl":"https:\/\/secure.gravatar.com\/avatar\/ae339ef193f3b4d9b9c801960e39eccc8bb25f18bc7e803824e0760ca6f97b51?s=96&d=mm&r=g","caption":"Michael Schlieben"},"url":"https:\/\/blog.zeit.de\/zweitstimme\/author\/michael-schlieben\/"}]}},"jetpack_featured_media_url":"","jetpack_sharing_enabled":true,"_links":{"self":[{"href":"https:\/\/blog.zeit.de\/zweitstimme\/wp-json\/wp\/v2\/posts\/526","targetHints":{"allow":["GET"]}}],"collection":[{"href":"https:\/\/blog.zeit.de\/zweitstimme\/wp-json\/wp\/v2\/posts"}],"about":[{"href":"https:\/\/blog.zeit.de\/zweitstimme\/wp-json\/wp\/v2\/types\/post"}],"author":[{"embeddable":true,"href":"https:\/\/blog.zeit.de\/zweitstimme\/wp-json\/wp\/v2\/users\/144"}],"replies":[{"embeddable":true,"href":"https:\/\/blog.zeit.de\/zweitstimme\/wp-json\/wp\/v2\/comments?post=526"}],"version-history":[{"count":0,"href":"https:\/\/blog.zeit.de\/zweitstimme\/wp-json\/wp\/v2\/posts\/526\/revisions"}],"wp:attachment":[{"href":"https:\/\/blog.zeit.de\/zweitstimme\/wp-json\/wp\/v2\/media?parent=526"}],"wp:term":[{"taxonomy":"category","embeddable":true,"href":"https:\/\/blog.zeit.de\/zweitstimme\/wp-json\/wp\/v2\/categories?post=526"},{"taxonomy":"post_tag","embeddable":true,"href":"https:\/\/blog.zeit.de\/zweitstimme\/wp-json\/wp\/v2\/tags?post=526"}],"curies":[{"name":"wp","href":"https:\/\/api.w.org\/{rel}","templated":true}]}}