{"id":537,"date":"2009-09-27T13:59:21","date_gmt":"2009-09-27T11:59:21","guid":{"rendered":"http:\/\/blog.zeit.de\/zweitstimme\/?p=537"},"modified":"2009-09-27T13:59:51","modified_gmt":"2009-09-27T11:59:51","slug":"polizeieinsatz-am-wahllokal","status":"publish","type":"post","link":"https:\/\/blog.zeit.de\/zweitstimme\/2009\/09\/27\/polizeieinsatz-am-wahllokal\/","title":{"rendered":"Polizeieinsatz am Wahllokal"},"content":{"rendered":"<p>Wahllokal Berlin-Sch\u00f6neberg, 11 Uhr fr\u00fch. Polizeieinsatz. Wer die beiden Beamten gerufen hat, ist nicht zu ermitteln. Ihre Mission: das Plakat des Wahlkreis-Kandidaten der Union an der Laterne vor dem Gemeindezentrum zu entfernen. Es h\u00e4ngt offenbar zu dicht am Wahllokal, die B\u00fcrger k\u00f6nnte das in letzter Minute beeinflussen. Eine Leiter wird herbeigeschafft, nun klettert der Polizist hinauf. Minuten sp\u00e4ter ist die Ordnung wieder hergestellt&#8230;<\/p>\n","protected":false},"excerpt":{"rendered":"<p>Wahllokal Berlin-Sch\u00f6neberg, 11 Uhr fr\u00fch. Polizeieinsatz. Wer die beiden Beamten gerufen hat, ist nicht zu ermitteln. Ihre Mission: das Plakat des Wahlkreis-Kandidaten der Union an der Laterne vor dem Gemeindezentrum zu entfernen. Es h\u00e4ngt offenbar zu dicht am Wahllokal, die B\u00fcrger k\u00f6nnte das in letzter Minute beeinflussen. Eine Leiter wird herbeigeschafft, nun klettert der Polizist [&hellip;]<\/p>\n","protected":false},"author":123,"featured_media":0,"comment_status":"open","ping_status":"closed","sticky":false,"template":"","format":"standard","meta":{"_jetpack_memberships_contains_paid_content":false,"footnotes":""},"categories":[1010],"tags":[],"class_list":["post-537","post","type-post","status-publish","format-standard","hentry","category-tag-der-entscheidung"],"yoast_head":"<!-- This site is optimized with the Yoast SEO plugin v21.0 - https:\/\/yoast.com\/wordpress\/plugins\/seo\/ -->\n<title>Polizeieinsatz am Wahllokal - Zweitstimme<\/title>\n<meta name=\"robots\" content=\"index, follow, max-snippet:-1, max-image-preview:large, max-video-preview:-1\" \/>\n<link rel=\"canonical\" href=\"https:\/\/blog.zeit.de\/zweitstimme\/2009\/09\/27\/polizeieinsatz-am-wahllokal\/\" \/>\n<meta property=\"og:locale\" content=\"de_DE\" \/>\n<meta property=\"og:type\" content=\"article\" \/>\n<meta property=\"og:title\" content=\"Polizeieinsatz am Wahllokal - Zweitstimme\" \/>\n<meta property=\"og:description\" content=\"Wahllokal Berlin-Sch\u00f6neberg, 11 Uhr fr\u00fch. Polizeieinsatz. Wer die beiden Beamten gerufen hat, ist nicht zu ermitteln. Ihre Mission: das Plakat des Wahlkreis-Kandidaten der Union an der Laterne vor dem Gemeindezentrum zu entfernen. Es h\u00e4ngt offenbar zu dicht am Wahllokal, die B\u00fcrger k\u00f6nnte das in letzter Minute beeinflussen. Eine Leiter wird herbeigeschafft, nun klettert der Polizist [&hellip;]\" \/>\n<meta property=\"og:url\" content=\"https:\/\/blog.zeit.de\/zweitstimme\/2009\/09\/27\/polizeieinsatz-am-wahllokal\/\" \/>\n<meta property=\"og:site_name\" content=\"Zweitstimme\" \/>\n<meta property=\"article:published_time\" content=\"2009-09-27T11:59:21+00:00\" \/>\n<meta property=\"article:modified_time\" content=\"2009-09-27T11:59:51+00:00\" \/>\n<meta name=\"author\" content=\"Philip Faigle\" \/>\n<meta name=\"twitter:card\" content=\"summary_large_image\" \/>\n<meta name=\"twitter:label1\" content=\"Geschrieben von\" \/>\n\t<meta name=\"twitter:data1\" content=\"Philip Faigle\" \/>\n<script type=\"application\/ld+json\" class=\"yoast-schema-graph\">{\"@context\":\"https:\/\/schema.org\",\"@graph\":[{\"@type\":\"WebPage\",\"@id\":\"https:\/\/blog.zeit.de\/zweitstimme\/2009\/09\/27\/polizeieinsatz-am-wahllokal\/\",\"url\":\"https:\/\/blog.zeit.de\/zweitstimme\/2009\/09\/27\/polizeieinsatz-am-wahllokal\/\",\"name\":\"Polizeieinsatz am Wahllokal - Zweitstimme\",\"isPartOf\":{\"@id\":\"https:\/\/blog.zeit.de\/zweitstimme\/#website\"},\"datePublished\":\"2009-09-27T11:59:21+00:00\",\"dateModified\":\"2009-09-27T11:59:51+00:00\",\"author\":{\"@id\":\"https:\/\/blog.zeit.de\/zweitstimme\/#\/schema\/person\/56d0079d2bd6a43138ab81406859817f\"},\"breadcrumb\":{\"@id\":\"https:\/\/blog.zeit.de\/zweitstimme\/2009\/09\/27\/polizeieinsatz-am-wahllokal\/#breadcrumb\"},\"inLanguage\":\"de\",\"potentialAction\":[{\"@type\":\"ReadAction\",\"target\":[\"https:\/\/blog.zeit.de\/zweitstimme\/2009\/09\/27\/polizeieinsatz-am-wahllokal\/\"]}]},{\"@type\":\"BreadcrumbList\",\"@id\":\"https:\/\/blog.zeit.de\/zweitstimme\/2009\/09\/27\/polizeieinsatz-am-wahllokal\/#breadcrumb\",\"itemListElement\":[{\"@type\":\"ListItem\",\"position\":1,\"name\":\"Startseite\",\"item\":\"https:\/\/blog.zeit.de\/zweitstimme\/\"},{\"@type\":\"ListItem\",\"position\":2,\"name\":\"Polizeieinsatz am Wahllokal\"}]},{\"@type\":\"WebSite\",\"@id\":\"https:\/\/blog.zeit.de\/zweitstimme\/#website\",\"url\":\"https:\/\/blog.zeit.de\/zweitstimme\/\",\"name\":\"Zweitstimme\",\"description\":\"Das Politik-Blog\",\"potentialAction\":[{\"@type\":\"SearchAction\",\"target\":{\"@type\":\"EntryPoint\",\"urlTemplate\":\"https:\/\/blog.zeit.de\/zweitstimme\/?s={search_term_string}\"},\"query-input\":\"required name=search_term_string\"}],\"inLanguage\":\"de\"},{\"@type\":\"Person\",\"@id\":\"https:\/\/blog.zeit.de\/zweitstimme\/#\/schema\/person\/56d0079d2bd6a43138ab81406859817f\",\"name\":\"Philip Faigle\",\"image\":{\"@type\":\"ImageObject\",\"inLanguage\":\"de\",\"@id\":\"https:\/\/blog.zeit.de\/zweitstimme\/#\/schema\/person\/image\/\",\"url\":\"https:\/\/secure.gravatar.com\/avatar\/5d67f1e89cbd311d625d3a10e5f669a7afcf5da66ae0b302ba78d530f0e72672?s=96&d=mm&r=g\",\"contentUrl\":\"https:\/\/secure.gravatar.com\/avatar\/5d67f1e89cbd311d625d3a10e5f669a7afcf5da66ae0b302ba78d530f0e72672?s=96&d=mm&r=g\",\"caption\":\"Philip Faigle\"},\"description\":\"ist Redakteur im Ressort Investigativ\/Daten bei ZEIT ONLINE. Er recherchiert und schreibt im Moment vor allem zu Migrations- und Fl\u00fcchtlingsthemen.\",\"url\":\"https:\/\/blog.zeit.de\/zweitstimme\/author\/philip-faigle\/\"}]}<\/script>\n<!-- \/ Yoast SEO plugin. -->","yoast_head_json":{"title":"Polizeieinsatz am Wahllokal - Zweitstimme","robots":{"index":"index","follow":"follow","max-snippet":"max-snippet:-1","max-image-preview":"max-image-preview:large","max-video-preview":"max-video-preview:-1"},"canonical":"https:\/\/blog.zeit.de\/zweitstimme\/2009\/09\/27\/polizeieinsatz-am-wahllokal\/","og_locale":"de_DE","og_type":"article","og_title":"Polizeieinsatz am Wahllokal - Zweitstimme","og_description":"Wahllokal Berlin-Sch\u00f6neberg, 11 Uhr fr\u00fch. Polizeieinsatz. Wer die beiden Beamten gerufen hat, ist nicht zu ermitteln. Ihre Mission: das Plakat des Wahlkreis-Kandidaten der Union an der Laterne vor dem Gemeindezentrum zu entfernen. Es h\u00e4ngt offenbar zu dicht am Wahllokal, die B\u00fcrger k\u00f6nnte das in letzter Minute beeinflussen. Eine Leiter wird herbeigeschafft, nun klettert der Polizist [&hellip;]","og_url":"https:\/\/blog.zeit.de\/zweitstimme\/2009\/09\/27\/polizeieinsatz-am-wahllokal\/","og_site_name":"Zweitstimme","article_published_time":"2009-09-27T11:59:21+00:00","article_modified_time":"2009-09-27T11:59:51+00:00","author":"Philip Faigle","twitter_card":"summary_large_image","twitter_misc":{"Geschrieben von":"Philip Faigle"},"schema":{"@context":"https:\/\/schema.org","@graph":[{"@type":"WebPage","@id":"https:\/\/blog.zeit.de\/zweitstimme\/2009\/09\/27\/polizeieinsatz-am-wahllokal\/","url":"https:\/\/blog.zeit.de\/zweitstimme\/2009\/09\/27\/polizeieinsatz-am-wahllokal\/","name":"Polizeieinsatz am Wahllokal - Zweitstimme","isPartOf":{"@id":"https:\/\/blog.zeit.de\/zweitstimme\/#website"},"datePublished":"2009-09-27T11:59:21+00:00","dateModified":"2009-09-27T11:59:51+00:00","author":{"@id":"https:\/\/blog.zeit.de\/zweitstimme\/#\/schema\/person\/56d0079d2bd6a43138ab81406859817f"},"breadcrumb":{"@id":"https:\/\/blog.zeit.de\/zweitstimme\/2009\/09\/27\/polizeieinsatz-am-wahllokal\/#breadcrumb"},"inLanguage":"de","potentialAction":[{"@type":"ReadAction","target":["https:\/\/blog.zeit.de\/zweitstimme\/2009\/09\/27\/polizeieinsatz-am-wahllokal\/"]}]},{"@type":"BreadcrumbList","@id":"https:\/\/blog.zeit.de\/zweitstimme\/2009\/09\/27\/polizeieinsatz-am-wahllokal\/#breadcrumb","itemListElement":[{"@type":"ListItem","position":1,"name":"Startseite","item":"https:\/\/blog.zeit.de\/zweitstimme\/"},{"@type":"ListItem","position":2,"name":"Polizeieinsatz am Wahllokal"}]},{"@type":"WebSite","@id":"https:\/\/blog.zeit.de\/zweitstimme\/#website","url":"https:\/\/blog.zeit.de\/zweitstimme\/","name":"Zweitstimme","description":"Das Politik-Blog","potentialAction":[{"@type":"SearchAction","target":{"@type":"EntryPoint","urlTemplate":"https:\/\/blog.zeit.de\/zweitstimme\/?s={search_term_string}"},"query-input":"required name=search_term_string"}],"inLanguage":"de"},{"@type":"Person","@id":"https:\/\/blog.zeit.de\/zweitstimme\/#\/schema\/person\/56d0079d2bd6a43138ab81406859817f","name":"Philip Faigle","image":{"@type":"ImageObject","inLanguage":"de","@id":"https:\/\/blog.zeit.de\/zweitstimme\/#\/schema\/person\/image\/","url":"https:\/\/secure.gravatar.com\/avatar\/5d67f1e89cbd311d625d3a10e5f669a7afcf5da66ae0b302ba78d530f0e72672?s=96&d=mm&r=g","contentUrl":"https:\/\/secure.gravatar.com\/avatar\/5d67f1e89cbd311d625d3a10e5f669a7afcf5da66ae0b302ba78d530f0e72672?s=96&d=mm&r=g","caption":"Philip Faigle"},"description":"ist Redakteur im Ressort Investigativ\/Daten bei ZEIT ONLINE. Er recherchiert und schreibt im Moment vor allem zu Migrations- und Fl\u00fcchtlingsthemen.","url":"https:\/\/blog.zeit.de\/zweitstimme\/author\/philip-faigle\/"}]}},"jetpack_featured_media_url":"","jetpack_sharing_enabled":true,"_links":{"self":[{"href":"https:\/\/blog.zeit.de\/zweitstimme\/wp-json\/wp\/v2\/posts\/537","targetHints":{"allow":["GET"]}}],"collection":[{"href":"https:\/\/blog.zeit.de\/zweitstimme\/wp-json\/wp\/v2\/posts"}],"about":[{"href":"https:\/\/blog.zeit.de\/zweitstimme\/wp-json\/wp\/v2\/types\/post"}],"author":[{"embeddable":true,"href":"https:\/\/blog.zeit.de\/zweitstimme\/wp-json\/wp\/v2\/users\/123"}],"replies":[{"embeddable":true,"href":"https:\/\/blog.zeit.de\/zweitstimme\/wp-json\/wp\/v2\/comments?post=537"}],"version-history":[{"count":0,"href":"https:\/\/blog.zeit.de\/zweitstimme\/wp-json\/wp\/v2\/posts\/537\/revisions"}],"wp:attachment":[{"href":"https:\/\/blog.zeit.de\/zweitstimme\/wp-json\/wp\/v2\/media?parent=537"}],"wp:term":[{"taxonomy":"category","embeddable":true,"href":"https:\/\/blog.zeit.de\/zweitstimme\/wp-json\/wp\/v2\/categories?post=537"},{"taxonomy":"post_tag","embeddable":true,"href":"https:\/\/blog.zeit.de\/zweitstimme\/wp-json\/wp\/v2\/tags?post=537"}],"curies":[{"name":"wp","href":"https:\/\/api.w.org\/{rel}","templated":true}]}}