{"id":551,"date":"2009-09-27T17:29:18","date_gmt":"2009-09-27T15:29:18","guid":{"rendered":"http:\/\/blog.zeit.de\/zweitstimme\/?p=551"},"modified":"2009-09-27T17:30:04","modified_gmt":"2009-09-27T15:30:04","slug":"politik-statt-salsa","status":"publish","type":"post","link":"https:\/\/blog.zeit.de\/zweitstimme\/2009\/09\/27\/politik-statt-salsa\/","title":{"rendered":"Politik statt Salsa"},"content":{"rendered":"<p>Das P\u00e4rchen aus Equador ist verwirrt &#8211; die Party im gro\u00dfen, wei\u00dfen Plastikzelt auf dem Hof der Berliner Kulturbrauerei entspricht so gar nicht ihren Erwartungen. Ein freundlicher Wahlhelfer der Linken kl\u00e4rt sie auf: Das &#8222;World Salsa Meeting&#8220; findet im Saal nebenan statt.<\/p>\n","protected":false},"excerpt":{"rendered":"<p>Das P\u00e4rchen aus Equador ist verwirrt &#8211; die Party im gro\u00dfen, wei\u00dfen Plastikzelt auf dem Hof der Berliner Kulturbrauerei entspricht so gar nicht ihren Erwartungen. Ein freundlicher Wahlhelfer der Linken kl\u00e4rt sie auf: Das &#8222;World Salsa Meeting&#8220; findet im Saal nebenan statt.<\/p>\n","protected":false},"author":192,"featured_media":0,"comment_status":"open","ping_status":"closed","sticky":false,"template":"","format":"standard","meta":{"_jetpack_memberships_contains_paid_content":false,"footnotes":""},"categories":[1010],"tags":[],"class_list":["post-551","post","type-post","status-publish","format-standard","hentry","category-tag-der-entscheidung"],"yoast_head":"<!-- This site is optimized with the Yoast SEO plugin v21.0 - https:\/\/yoast.com\/wordpress\/plugins\/seo\/ -->\n<title>Politik statt Salsa - Zweitstimme<\/title>\n<meta name=\"robots\" content=\"index, follow, max-snippet:-1, max-image-preview:large, max-video-preview:-1\" \/>\n<link rel=\"canonical\" href=\"https:\/\/blog.zeit.de\/zweitstimme\/2009\/09\/27\/politik-statt-salsa\/\" \/>\n<meta property=\"og:locale\" content=\"de_DE\" \/>\n<meta property=\"og:type\" content=\"article\" \/>\n<meta property=\"og:title\" content=\"Politik statt Salsa - Zweitstimme\" \/>\n<meta property=\"og:description\" content=\"Das P\u00e4rchen aus Equador ist verwirrt &#8211; die Party im gro\u00dfen, wei\u00dfen Plastikzelt auf dem Hof der Berliner Kulturbrauerei entspricht so gar nicht ihren Erwartungen. Ein freundlicher Wahlhelfer der Linken kl\u00e4rt sie auf: Das &#8222;World Salsa Meeting&#8220; findet im Saal nebenan statt.\" \/>\n<meta property=\"og:url\" content=\"https:\/\/blog.zeit.de\/zweitstimme\/2009\/09\/27\/politik-statt-salsa\/\" \/>\n<meta property=\"og:site_name\" content=\"Zweitstimme\" \/>\n<meta property=\"article:published_time\" content=\"2009-09-27T15:29:18+00:00\" \/>\n<meta property=\"article:modified_time\" content=\"2009-09-27T15:30:04+00:00\" \/>\n<meta name=\"author\" content=\"Frida Thurm\" \/>\n<meta name=\"twitter:card\" content=\"summary_large_image\" \/>\n<meta name=\"twitter:label1\" content=\"Geschrieben von\" \/>\n\t<meta name=\"twitter:data1\" content=\"Frida Thurm\" \/>\n<script type=\"application\/ld+json\" class=\"yoast-schema-graph\">{\"@context\":\"https:\/\/schema.org\",\"@graph\":[{\"@type\":\"WebPage\",\"@id\":\"https:\/\/blog.zeit.de\/zweitstimme\/2009\/09\/27\/politik-statt-salsa\/\",\"url\":\"https:\/\/blog.zeit.de\/zweitstimme\/2009\/09\/27\/politik-statt-salsa\/\",\"name\":\"Politik statt Salsa - Zweitstimme\",\"isPartOf\":{\"@id\":\"https:\/\/blog.zeit.de\/zweitstimme\/#website\"},\"datePublished\":\"2009-09-27T15:29:18+00:00\",\"dateModified\":\"2009-09-27T15:30:04+00:00\",\"author\":{\"@id\":\"https:\/\/blog.zeit.de\/zweitstimme\/#\/schema\/person\/4477783f6f24d60303b090f4e92798a6\"},\"breadcrumb\":{\"@id\":\"https:\/\/blog.zeit.de\/zweitstimme\/2009\/09\/27\/politik-statt-salsa\/#breadcrumb\"},\"inLanguage\":\"de\",\"potentialAction\":[{\"@type\":\"ReadAction\",\"target\":[\"https:\/\/blog.zeit.de\/zweitstimme\/2009\/09\/27\/politik-statt-salsa\/\"]}]},{\"@type\":\"BreadcrumbList\",\"@id\":\"https:\/\/blog.zeit.de\/zweitstimme\/2009\/09\/27\/politik-statt-salsa\/#breadcrumb\",\"itemListElement\":[{\"@type\":\"ListItem\",\"position\":1,\"name\":\"Startseite\",\"item\":\"https:\/\/blog.zeit.de\/zweitstimme\/\"},{\"@type\":\"ListItem\",\"position\":2,\"name\":\"Politik statt Salsa\"}]},{\"@type\":\"WebSite\",\"@id\":\"https:\/\/blog.zeit.de\/zweitstimme\/#website\",\"url\":\"https:\/\/blog.zeit.de\/zweitstimme\/\",\"name\":\"Zweitstimme\",\"description\":\"Das Politik-Blog\",\"potentialAction\":[{\"@type\":\"SearchAction\",\"target\":{\"@type\":\"EntryPoint\",\"urlTemplate\":\"https:\/\/blog.zeit.de\/zweitstimme\/?s={search_term_string}\"},\"query-input\":\"required name=search_term_string\"}],\"inLanguage\":\"de\"},{\"@type\":\"Person\",\"@id\":\"https:\/\/blog.zeit.de\/zweitstimme\/#\/schema\/person\/4477783f6f24d60303b090f4e92798a6\",\"name\":\"Frida Thurm\",\"image\":{\"@type\":\"ImageObject\",\"inLanguage\":\"de\",\"@id\":\"https:\/\/blog.zeit.de\/zweitstimme\/#\/schema\/person\/image\/\",\"url\":\"https:\/\/secure.gravatar.com\/avatar\/f588c6f2f462fd1d06ebb531523718f9b0ca0e27584f0d22cb34e0cf1cf4c72e?s=96&d=mm&r=g\",\"contentUrl\":\"https:\/\/secure.gravatar.com\/avatar\/f588c6f2f462fd1d06ebb531523718f9b0ca0e27584f0d22cb34e0cf1cf4c72e?s=96&d=mm&r=g\",\"caption\":\"Frida Thurm\"},\"description\":\"ist Redakteurin bei ZEIT ONLINE.\",\"url\":\"https:\/\/blog.zeit.de\/zweitstimme\/author\/frida-thurm\/\"}]}<\/script>\n<!-- \/ Yoast SEO plugin. -->","yoast_head_json":{"title":"Politik statt Salsa - Zweitstimme","robots":{"index":"index","follow":"follow","max-snippet":"max-snippet:-1","max-image-preview":"max-image-preview:large","max-video-preview":"max-video-preview:-1"},"canonical":"https:\/\/blog.zeit.de\/zweitstimme\/2009\/09\/27\/politik-statt-salsa\/","og_locale":"de_DE","og_type":"article","og_title":"Politik statt Salsa - Zweitstimme","og_description":"Das P\u00e4rchen aus Equador ist verwirrt &#8211; die Party im gro\u00dfen, wei\u00dfen Plastikzelt auf dem Hof der Berliner Kulturbrauerei entspricht so gar nicht ihren Erwartungen. Ein freundlicher Wahlhelfer der Linken kl\u00e4rt sie auf: Das &#8222;World Salsa Meeting&#8220; findet im Saal nebenan statt.","og_url":"https:\/\/blog.zeit.de\/zweitstimme\/2009\/09\/27\/politik-statt-salsa\/","og_site_name":"Zweitstimme","article_published_time":"2009-09-27T15:29:18+00:00","article_modified_time":"2009-09-27T15:30:04+00:00","author":"Frida Thurm","twitter_card":"summary_large_image","twitter_misc":{"Geschrieben von":"Frida Thurm"},"schema":{"@context":"https:\/\/schema.org","@graph":[{"@type":"WebPage","@id":"https:\/\/blog.zeit.de\/zweitstimme\/2009\/09\/27\/politik-statt-salsa\/","url":"https:\/\/blog.zeit.de\/zweitstimme\/2009\/09\/27\/politik-statt-salsa\/","name":"Politik statt Salsa - Zweitstimme","isPartOf":{"@id":"https:\/\/blog.zeit.de\/zweitstimme\/#website"},"datePublished":"2009-09-27T15:29:18+00:00","dateModified":"2009-09-27T15:30:04+00:00","author":{"@id":"https:\/\/blog.zeit.de\/zweitstimme\/#\/schema\/person\/4477783f6f24d60303b090f4e92798a6"},"breadcrumb":{"@id":"https:\/\/blog.zeit.de\/zweitstimme\/2009\/09\/27\/politik-statt-salsa\/#breadcrumb"},"inLanguage":"de","potentialAction":[{"@type":"ReadAction","target":["https:\/\/blog.zeit.de\/zweitstimme\/2009\/09\/27\/politik-statt-salsa\/"]}]},{"@type":"BreadcrumbList","@id":"https:\/\/blog.zeit.de\/zweitstimme\/2009\/09\/27\/politik-statt-salsa\/#breadcrumb","itemListElement":[{"@type":"ListItem","position":1,"name":"Startseite","item":"https:\/\/blog.zeit.de\/zweitstimme\/"},{"@type":"ListItem","position":2,"name":"Politik statt Salsa"}]},{"@type":"WebSite","@id":"https:\/\/blog.zeit.de\/zweitstimme\/#website","url":"https:\/\/blog.zeit.de\/zweitstimme\/","name":"Zweitstimme","description":"Das Politik-Blog","potentialAction":[{"@type":"SearchAction","target":{"@type":"EntryPoint","urlTemplate":"https:\/\/blog.zeit.de\/zweitstimme\/?s={search_term_string}"},"query-input":"required name=search_term_string"}],"inLanguage":"de"},{"@type":"Person","@id":"https:\/\/blog.zeit.de\/zweitstimme\/#\/schema\/person\/4477783f6f24d60303b090f4e92798a6","name":"Frida Thurm","image":{"@type":"ImageObject","inLanguage":"de","@id":"https:\/\/blog.zeit.de\/zweitstimme\/#\/schema\/person\/image\/","url":"https:\/\/secure.gravatar.com\/avatar\/f588c6f2f462fd1d06ebb531523718f9b0ca0e27584f0d22cb34e0cf1cf4c72e?s=96&d=mm&r=g","contentUrl":"https:\/\/secure.gravatar.com\/avatar\/f588c6f2f462fd1d06ebb531523718f9b0ca0e27584f0d22cb34e0cf1cf4c72e?s=96&d=mm&r=g","caption":"Frida Thurm"},"description":"ist Redakteurin bei ZEIT ONLINE.","url":"https:\/\/blog.zeit.de\/zweitstimme\/author\/frida-thurm\/"}]}},"jetpack_featured_media_url":"","jetpack_sharing_enabled":true,"_links":{"self":[{"href":"https:\/\/blog.zeit.de\/zweitstimme\/wp-json\/wp\/v2\/posts\/551","targetHints":{"allow":["GET"]}}],"collection":[{"href":"https:\/\/blog.zeit.de\/zweitstimme\/wp-json\/wp\/v2\/posts"}],"about":[{"href":"https:\/\/blog.zeit.de\/zweitstimme\/wp-json\/wp\/v2\/types\/post"}],"author":[{"embeddable":true,"href":"https:\/\/blog.zeit.de\/zweitstimme\/wp-json\/wp\/v2\/users\/192"}],"replies":[{"embeddable":true,"href":"https:\/\/blog.zeit.de\/zweitstimme\/wp-json\/wp\/v2\/comments?post=551"}],"version-history":[{"count":0,"href":"https:\/\/blog.zeit.de\/zweitstimme\/wp-json\/wp\/v2\/posts\/551\/revisions"}],"wp:attachment":[{"href":"https:\/\/blog.zeit.de\/zweitstimme\/wp-json\/wp\/v2\/media?parent=551"}],"wp:term":[{"taxonomy":"category","embeddable":true,"href":"https:\/\/blog.zeit.de\/zweitstimme\/wp-json\/wp\/v2\/categories?post=551"},{"taxonomy":"post_tag","embeddable":true,"href":"https:\/\/blog.zeit.de\/zweitstimme\/wp-json\/wp\/v2\/tags?post=551"}],"curies":[{"name":"wp","href":"https:\/\/api.w.org\/{rel}","templated":true}]}}