{"id":592,"date":"2009-09-27T21:39:45","date_gmt":"2009-09-27T19:39:45","guid":{"rendered":"http:\/\/blog.zeit.de\/zweitstimme\/?p=592"},"modified":"2009-09-27T22:05:36","modified_gmt":"2009-09-27T20:05:36","slug":"kleine-und-grose-elefanten","status":"publish","type":"post","link":"https:\/\/blog.zeit.de\/zweitstimme\/2009\/09\/27\/kleine-und-grose-elefanten\/","title":{"rendered":"Kleine und gro\u00dfe Elefanten"},"content":{"rendered":"<p><img loading=\"lazy\" decoding=\"async\" class=\"alignnone size-large wp-image-597\" title=\"Elefantenrunde 2009\" src=\"https:\/\/blog.zeit.de\/zweitstimme\/files\/2009\/09\/P_16011412455_HighRes-1024x679.jpg\" alt=\"Elefantenrunde 2009\" width=\"516\" height=\"342\" srcset=\"https:\/\/blog.zeit.de\/zweitstimme\/files\/2009\/09\/P_16011412455_HighRes-1024x679.jpg 1024w, https:\/\/blog.zeit.de\/zweitstimme\/files\/2009\/09\/P_16011412455_HighRes-300x199.jpg 300w\" sizes=\"auto, (max-width: 516px) 100vw, 516px\" \/><\/p>\n<p>Schade, Steinmeier hat uns nicht den Schr\u00f6der in der <a href=\"http:\/\/twitter.com\/WWRYfan\/status\/4423033629\">Elefantenrunde<\/a> gemacht. Brav gratulierte er Merkel zum Sieg und <a href=\"http:\/\/twitter.com\/TobiasKrug\/status\/4422171546\">gestand<\/a> die Niederlage f\u00fcr die SPD ein. Aber er sparte auch nicht mit Hieben gegen die Konkurrenz:\u00a0 <a href=\"http:\/\/twitter.com\/MrWheel\/status\/4423054057\">&#8222;Herr Westerwelle, nehmen Sie mal ein bisschen den Triumph aus der Stimme!&#8220;<\/a><\/p>\n<p>Einige Twitterer fanden Steinmeiers Auftritt <a href=\"http:\/\/twitter.com\/Chikatze\/status\/4422984621\">cool<\/a>, andere <a href=\"http:\/\/twitter.com\/beichstaedt\/status\/4423085885\">beleidigend<\/a>. Doch in einem Punkt stimmen sie ihm zu: Guido Westerwelle strotzte nur so vor Selbstzufriedenheit. Das Siegerl\u00e4cheln ins Gesicht gemei\u00dfelt ging er Linken-Chef Lafontaine an:\u00a0 <a href=\"http:\/\/twitter.com\/flobby\/status\/4422948114\">&#8222;Der Wahlkampf ist vorbei. Werden Sie mal wieder normal&#8220;<\/a>. Auch CSU-Mann Ramsauer bekam einen <a href=\"http:\/\/twitter.com\/MichaelKroker\/status\/4422385160\">R\u00fcffel<\/a>. Westerwelles neues Selbstbewusstsein kam <a href=\"http:\/\/twitter.com\/wuschi21\/status\/4422750801\">nicht<\/a> <a href=\"http:\/\/twitter.com\/Tahzahn\/status\/4422722969\">bei<\/a> <a href=\"http:\/\/twitter.com\/JRDecker\/status\/4422719848\">jedem<\/a> gut an.<\/p>\n<p>Und Merkel? Sie war, wie sie immer war. &#8222;Merkel hat gleich wieder in den Kanzlerinnen-Modus geschaltet&#8220;, twittert <a href=\"http:\/\/twitter.com\/mjemmer\/status\/4423045961\">Mjemmer<\/a>. &#8222;Das M\u00e4dchen ist gro\u00dfartig&#8220;, meint dieser <a href=\"http:\/\/twitter.com\/schomberg\/status\/4422853928\">Twitterer<\/a>.<\/p>\n<p>Das <a href=\"http:\/\/twitter.com\/schmetterlingsg\/status\/4423021207\">Schlusswort hatte ZDF-Chefredakteur Brender<\/a>. Sein Fazit zum Wahlergebnis: &#8222;<span><span>Den gro\u00dfen Elefanten geht die Nahrung aus und die kleinen wachsen schneller als gew\u00fcnscht.&#8220; <a href=\"http:\/\/twitter.com\/ChristianU\/status\/4423039745\">Sch\u00f6n gesagt<\/a>.<\/span><\/span><\/p>\n","protected":false},"excerpt":{"rendered":"<p>Schade, Steinmeier hat uns nicht den Schr\u00f6der in der Elefantenrunde gemacht. Brav gratulierte er Merkel zum Sieg und gestand die Niederlage f\u00fcr die SPD ein. Aber er sparte auch nicht mit Hieben gegen die Konkurrenz:\u00a0 &#8222;Herr Westerwelle, nehmen Sie mal ein bisschen den Triumph aus der Stimme!&#8220; Einige Twitterer fanden Steinmeiers Auftritt cool, andere beleidigend. [&hellip;]<\/p>\n","protected":false},"author":194,"featured_media":0,"comment_status":"open","ping_status":"closed","sticky":false,"template":"","format":"standard","meta":{"_jetpack_memberships_contains_paid_content":false,"footnotes":""},"categories":[82,1010],"tags":[],"class_list":["post-592","post","type-post","status-publish","format-standard","hentry","category-internet","category-tag-der-entscheidung"],"yoast_head":"<!-- This site is optimized with the Yoast SEO plugin v21.0 - https:\/\/yoast.com\/wordpress\/plugins\/seo\/ -->\n<title>Kleine und gro\u00dfe Elefanten - Zweitstimme<\/title>\n<meta name=\"robots\" content=\"index, follow, max-snippet:-1, max-image-preview:large, max-video-preview:-1\" \/>\n<link rel=\"canonical\" href=\"https:\/\/blog.zeit.de\/zweitstimme\/2009\/09\/27\/kleine-und-grose-elefanten\/\" \/>\n<meta property=\"og:locale\" content=\"de_DE\" \/>\n<meta property=\"og:type\" content=\"article\" \/>\n<meta property=\"og:title\" content=\"Kleine und gro\u00dfe Elefanten - Zweitstimme\" \/>\n<meta property=\"og:description\" content=\"Schade, Steinmeier hat uns nicht den Schr\u00f6der in der Elefantenrunde gemacht. Brav gratulierte er Merkel zum Sieg und gestand die Niederlage f\u00fcr die SPD ein. Aber er sparte auch nicht mit Hieben gegen die Konkurrenz:\u00a0 &#8222;Herr Westerwelle, nehmen Sie mal ein bisschen den Triumph aus der Stimme!&#8220; Einige Twitterer fanden Steinmeiers Auftritt cool, andere beleidigend. [&hellip;]\" \/>\n<meta property=\"og:url\" content=\"https:\/\/blog.zeit.de\/zweitstimme\/2009\/09\/27\/kleine-und-grose-elefanten\/\" \/>\n<meta property=\"og:site_name\" content=\"Zweitstimme\" \/>\n<meta property=\"article:published_time\" content=\"2009-09-27T19:39:45+00:00\" \/>\n<meta property=\"article:modified_time\" content=\"2009-09-27T20:05:36+00:00\" \/>\n<meta property=\"og:image\" content=\"https:\/\/blog.zeit.de\/zweitstimme\/files\/2009\/09\/P_16011412455_HighRes-1024x679.jpg\" \/>\n<meta name=\"author\" content=\"Daniel Schlicht\" \/>\n<meta name=\"twitter:card\" content=\"summary_large_image\" \/>\n<meta name=\"twitter:label1\" content=\"Geschrieben von\" \/>\n\t<meta name=\"twitter:data1\" content=\"Daniel Schlicht\" \/>\n\t<meta name=\"twitter:label2\" content=\"Gesch\u00e4tzte Lesezeit\" \/>\n\t<meta name=\"twitter:data2\" content=\"1\u00a0Minute\" \/>\n<script type=\"application\/ld+json\" class=\"yoast-schema-graph\">{\"@context\":\"https:\/\/schema.org\",\"@graph\":[{\"@type\":\"WebPage\",\"@id\":\"https:\/\/blog.zeit.de\/zweitstimme\/2009\/09\/27\/kleine-und-grose-elefanten\/\",\"url\":\"https:\/\/blog.zeit.de\/zweitstimme\/2009\/09\/27\/kleine-und-grose-elefanten\/\",\"name\":\"Kleine und gro\u00dfe Elefanten - Zweitstimme\",\"isPartOf\":{\"@id\":\"https:\/\/blog.zeit.de\/zweitstimme\/#website\"},\"datePublished\":\"2009-09-27T19:39:45+00:00\",\"dateModified\":\"2009-09-27T20:05:36+00:00\",\"author\":{\"@id\":\"https:\/\/blog.zeit.de\/zweitstimme\/#\/schema\/person\/9fd85e9e638f3a7867d3e84b4f1b7370\"},\"breadcrumb\":{\"@id\":\"https:\/\/blog.zeit.de\/zweitstimme\/2009\/09\/27\/kleine-und-grose-elefanten\/#breadcrumb\"},\"inLanguage\":\"de\",\"potentialAction\":[{\"@type\":\"ReadAction\",\"target\":[\"https:\/\/blog.zeit.de\/zweitstimme\/2009\/09\/27\/kleine-und-grose-elefanten\/\"]}]},{\"@type\":\"BreadcrumbList\",\"@id\":\"https:\/\/blog.zeit.de\/zweitstimme\/2009\/09\/27\/kleine-und-grose-elefanten\/#breadcrumb\",\"itemListElement\":[{\"@type\":\"ListItem\",\"position\":1,\"name\":\"Startseite\",\"item\":\"https:\/\/blog.zeit.de\/zweitstimme\/\"},{\"@type\":\"ListItem\",\"position\":2,\"name\":\"Kleine und gro\u00dfe Elefanten\"}]},{\"@type\":\"WebSite\",\"@id\":\"https:\/\/blog.zeit.de\/zweitstimme\/#website\",\"url\":\"https:\/\/blog.zeit.de\/zweitstimme\/\",\"name\":\"Zweitstimme\",\"description\":\"Das Politik-Blog\",\"potentialAction\":[{\"@type\":\"SearchAction\",\"target\":{\"@type\":\"EntryPoint\",\"urlTemplate\":\"https:\/\/blog.zeit.de\/zweitstimme\/?s={search_term_string}\"},\"query-input\":\"required name=search_term_string\"}],\"inLanguage\":\"de\"},{\"@type\":\"Person\",\"@id\":\"https:\/\/blog.zeit.de\/zweitstimme\/#\/schema\/person\/9fd85e9e638f3a7867d3e84b4f1b7370\",\"name\":\"Daniel Schlicht\",\"image\":{\"@type\":\"ImageObject\",\"inLanguage\":\"de\",\"@id\":\"https:\/\/blog.zeit.de\/zweitstimme\/#\/schema\/person\/image\/\",\"url\":\"https:\/\/secure.gravatar.com\/avatar\/e0657f115492df21ac9989279f271e81065e1332f03cbb4f07dbd152364edf4b?s=96&d=mm&r=g\",\"contentUrl\":\"https:\/\/secure.gravatar.com\/avatar\/e0657f115492df21ac9989279f271e81065e1332f03cbb4f07dbd152364edf4b?s=96&d=mm&r=g\",\"caption\":\"Daniel Schlicht\"},\"url\":\"https:\/\/blog.zeit.de\/zweitstimme\/author\/daniel-schlicht\/\"}]}<\/script>\n<!-- \/ Yoast SEO plugin. -->","yoast_head_json":{"title":"Kleine und gro\u00dfe Elefanten - Zweitstimme","robots":{"index":"index","follow":"follow","max-snippet":"max-snippet:-1","max-image-preview":"max-image-preview:large","max-video-preview":"max-video-preview:-1"},"canonical":"https:\/\/blog.zeit.de\/zweitstimme\/2009\/09\/27\/kleine-und-grose-elefanten\/","og_locale":"de_DE","og_type":"article","og_title":"Kleine und gro\u00dfe Elefanten - Zweitstimme","og_description":"Schade, Steinmeier hat uns nicht den Schr\u00f6der in der Elefantenrunde gemacht. Brav gratulierte er Merkel zum Sieg und gestand die Niederlage f\u00fcr die SPD ein. Aber er sparte auch nicht mit Hieben gegen die Konkurrenz:\u00a0 &#8222;Herr Westerwelle, nehmen Sie mal ein bisschen den Triumph aus der Stimme!&#8220; Einige Twitterer fanden Steinmeiers Auftritt cool, andere beleidigend. [&hellip;]","og_url":"https:\/\/blog.zeit.de\/zweitstimme\/2009\/09\/27\/kleine-und-grose-elefanten\/","og_site_name":"Zweitstimme","article_published_time":"2009-09-27T19:39:45+00:00","article_modified_time":"2009-09-27T20:05:36+00:00","og_image":[{"url":"https:\/\/blog.zeit.de\/zweitstimme\/files\/2009\/09\/P_16011412455_HighRes-1024x679.jpg"}],"author":"Daniel Schlicht","twitter_card":"summary_large_image","twitter_misc":{"Geschrieben von":"Daniel Schlicht","Gesch\u00e4tzte Lesezeit":"1\u00a0Minute"},"schema":{"@context":"https:\/\/schema.org","@graph":[{"@type":"WebPage","@id":"https:\/\/blog.zeit.de\/zweitstimme\/2009\/09\/27\/kleine-und-grose-elefanten\/","url":"https:\/\/blog.zeit.de\/zweitstimme\/2009\/09\/27\/kleine-und-grose-elefanten\/","name":"Kleine und gro\u00dfe Elefanten - Zweitstimme","isPartOf":{"@id":"https:\/\/blog.zeit.de\/zweitstimme\/#website"},"datePublished":"2009-09-27T19:39:45+00:00","dateModified":"2009-09-27T20:05:36+00:00","author":{"@id":"https:\/\/blog.zeit.de\/zweitstimme\/#\/schema\/person\/9fd85e9e638f3a7867d3e84b4f1b7370"},"breadcrumb":{"@id":"https:\/\/blog.zeit.de\/zweitstimme\/2009\/09\/27\/kleine-und-grose-elefanten\/#breadcrumb"},"inLanguage":"de","potentialAction":[{"@type":"ReadAction","target":["https:\/\/blog.zeit.de\/zweitstimme\/2009\/09\/27\/kleine-und-grose-elefanten\/"]}]},{"@type":"BreadcrumbList","@id":"https:\/\/blog.zeit.de\/zweitstimme\/2009\/09\/27\/kleine-und-grose-elefanten\/#breadcrumb","itemListElement":[{"@type":"ListItem","position":1,"name":"Startseite","item":"https:\/\/blog.zeit.de\/zweitstimme\/"},{"@type":"ListItem","position":2,"name":"Kleine und gro\u00dfe Elefanten"}]},{"@type":"WebSite","@id":"https:\/\/blog.zeit.de\/zweitstimme\/#website","url":"https:\/\/blog.zeit.de\/zweitstimme\/","name":"Zweitstimme","description":"Das Politik-Blog","potentialAction":[{"@type":"SearchAction","target":{"@type":"EntryPoint","urlTemplate":"https:\/\/blog.zeit.de\/zweitstimme\/?s={search_term_string}"},"query-input":"required name=search_term_string"}],"inLanguage":"de"},{"@type":"Person","@id":"https:\/\/blog.zeit.de\/zweitstimme\/#\/schema\/person\/9fd85e9e638f3a7867d3e84b4f1b7370","name":"Daniel Schlicht","image":{"@type":"ImageObject","inLanguage":"de","@id":"https:\/\/blog.zeit.de\/zweitstimme\/#\/schema\/person\/image\/","url":"https:\/\/secure.gravatar.com\/avatar\/e0657f115492df21ac9989279f271e81065e1332f03cbb4f07dbd152364edf4b?s=96&d=mm&r=g","contentUrl":"https:\/\/secure.gravatar.com\/avatar\/e0657f115492df21ac9989279f271e81065e1332f03cbb4f07dbd152364edf4b?s=96&d=mm&r=g","caption":"Daniel Schlicht"},"url":"https:\/\/blog.zeit.de\/zweitstimme\/author\/daniel-schlicht\/"}]}},"jetpack_featured_media_url":"","jetpack_sharing_enabled":true,"_links":{"self":[{"href":"https:\/\/blog.zeit.de\/zweitstimme\/wp-json\/wp\/v2\/posts\/592","targetHints":{"allow":["GET"]}}],"collection":[{"href":"https:\/\/blog.zeit.de\/zweitstimme\/wp-json\/wp\/v2\/posts"}],"about":[{"href":"https:\/\/blog.zeit.de\/zweitstimme\/wp-json\/wp\/v2\/types\/post"}],"author":[{"embeddable":true,"href":"https:\/\/blog.zeit.de\/zweitstimme\/wp-json\/wp\/v2\/users\/194"}],"replies":[{"embeddable":true,"href":"https:\/\/blog.zeit.de\/zweitstimme\/wp-json\/wp\/v2\/comments?post=592"}],"version-history":[{"count":0,"href":"https:\/\/blog.zeit.de\/zweitstimme\/wp-json\/wp\/v2\/posts\/592\/revisions"}],"wp:attachment":[{"href":"https:\/\/blog.zeit.de\/zweitstimme\/wp-json\/wp\/v2\/media?parent=592"}],"wp:term":[{"taxonomy":"category","embeddable":true,"href":"https:\/\/blog.zeit.de\/zweitstimme\/wp-json\/wp\/v2\/categories?post=592"},{"taxonomy":"post_tag","embeddable":true,"href":"https:\/\/blog.zeit.de\/zweitstimme\/wp-json\/wp\/v2\/tags?post=592"}],"curies":[{"name":"wp","href":"https:\/\/api.w.org\/{rel}","templated":true}]}}