{"id":606,"date":"2009-09-28T10:52:47","date_gmt":"2009-09-28T08:52:47","guid":{"rendered":"http:\/\/blog.zeit.de\/zweitstimme\/?p=606"},"modified":"2009-09-28T10:57:04","modified_gmt":"2009-09-28T08:57:04","slug":"merkel-will-cdu-verluste-erklart-haben","status":"publish","type":"post","link":"https:\/\/blog.zeit.de\/zweitstimme\/2009\/09\/28\/merkel-will-cdu-verluste-erklart-haben\/","title":{"rendered":"Merkel will CDU-Verluste erkl\u00e4rt haben"},"content":{"rendered":"<p>Was 2005 fast komplett ausblieb, soll es dieses Mal geben: Die Nachrichtenagentur dpa meldet, dass CDU-Chefin Angela Merkel die Ursachen f\u00fcr das verh\u00e4ltnism\u00e4\u00dfig schwache Abschneiden der Union er\u00f6rtert und analysiert haben will. Gleich zu Beginn des Pr\u00e4sidiumtreffens am Montag habe Merkel Generalsekret\u00e4r Ronald Pofalla mit einer Wahlanalyse beauftragt, schreibt dpa. Die Union hatte gestern das zweitschlechteste Ergebnis ihrer Geschichte eingefahren.<\/p>\n","protected":false},"excerpt":{"rendered":"<p>Was 2005 fast komplett ausblieb, soll es dieses Mal geben: Die Nachrichtenagentur dpa meldet, dass CDU-Chefin Angela Merkel die Ursachen f\u00fcr das verh\u00e4ltnism\u00e4\u00dfig schwache Abschneiden der Union er\u00f6rtert und analysiert haben will. Gleich zu Beginn des Pr\u00e4sidiumtreffens am Montag habe Merkel Generalsekret\u00e4r Ronald Pofalla mit einer Wahlanalyse beauftragt, schreibt dpa. Die Union hatte gestern das [&hellip;]<\/p>\n","protected":false},"author":145,"featured_media":0,"comment_status":"open","ping_status":"closed","sticky":false,"template":"","format":"standard","meta":{"_jetpack_memberships_contains_paid_content":false,"footnotes":""},"categories":[1],"tags":[],"class_list":["post-606","post","type-post","status-publish","format-standard","hentry","category-allgemein"],"yoast_head":"<!-- This site is optimized with the Yoast SEO plugin v21.0 - https:\/\/yoast.com\/wordpress\/plugins\/seo\/ -->\n<title>Merkel will CDU-Verluste erkl\u00e4rt haben - Zweitstimme<\/title>\n<meta name=\"robots\" content=\"index, follow, max-snippet:-1, max-image-preview:large, max-video-preview:-1\" \/>\n<link rel=\"canonical\" href=\"https:\/\/blog.zeit.de\/zweitstimme\/2009\/09\/28\/merkel-will-cdu-verluste-erklart-haben\/\" \/>\n<meta property=\"og:locale\" content=\"de_DE\" \/>\n<meta property=\"og:type\" content=\"article\" \/>\n<meta property=\"og:title\" content=\"Merkel will CDU-Verluste erkl\u00e4rt haben - Zweitstimme\" \/>\n<meta property=\"og:description\" content=\"Was 2005 fast komplett ausblieb, soll es dieses Mal geben: Die Nachrichtenagentur dpa meldet, dass CDU-Chefin Angela Merkel die Ursachen f\u00fcr das verh\u00e4ltnism\u00e4\u00dfig schwache Abschneiden der Union er\u00f6rtert und analysiert haben will. Gleich zu Beginn des Pr\u00e4sidiumtreffens am Montag habe Merkel Generalsekret\u00e4r Ronald Pofalla mit einer Wahlanalyse beauftragt, schreibt dpa. Die Union hatte gestern das [&hellip;]\" \/>\n<meta property=\"og:url\" content=\"https:\/\/blog.zeit.de\/zweitstimme\/2009\/09\/28\/merkel-will-cdu-verluste-erklart-haben\/\" \/>\n<meta property=\"og:site_name\" content=\"Zweitstimme\" \/>\n<meta property=\"article:published_time\" content=\"2009-09-28T08:52:47+00:00\" \/>\n<meta property=\"article:modified_time\" content=\"2009-09-28T08:57:04+00:00\" \/>\n<meta name=\"author\" content=\"Markus Horeld\" \/>\n<meta name=\"twitter:card\" content=\"summary_large_image\" \/>\n<meta name=\"twitter:label1\" content=\"Geschrieben von\" \/>\n\t<meta name=\"twitter:data1\" content=\"Markus Horeld\" \/>\n<script type=\"application\/ld+json\" class=\"yoast-schema-graph\">{\"@context\":\"https:\/\/schema.org\",\"@graph\":[{\"@type\":\"WebPage\",\"@id\":\"https:\/\/blog.zeit.de\/zweitstimme\/2009\/09\/28\/merkel-will-cdu-verluste-erklart-haben\/\",\"url\":\"https:\/\/blog.zeit.de\/zweitstimme\/2009\/09\/28\/merkel-will-cdu-verluste-erklart-haben\/\",\"name\":\"Merkel will CDU-Verluste erkl\u00e4rt haben - Zweitstimme\",\"isPartOf\":{\"@id\":\"https:\/\/blog.zeit.de\/zweitstimme\/#website\"},\"datePublished\":\"2009-09-28T08:52:47+00:00\",\"dateModified\":\"2009-09-28T08:57:04+00:00\",\"author\":{\"@id\":\"https:\/\/blog.zeit.de\/zweitstimme\/#\/schema\/person\/232dacb0719e93a66d356191df4456b4\"},\"breadcrumb\":{\"@id\":\"https:\/\/blog.zeit.de\/zweitstimme\/2009\/09\/28\/merkel-will-cdu-verluste-erklart-haben\/#breadcrumb\"},\"inLanguage\":\"de\",\"potentialAction\":[{\"@type\":\"ReadAction\",\"target\":[\"https:\/\/blog.zeit.de\/zweitstimme\/2009\/09\/28\/merkel-will-cdu-verluste-erklart-haben\/\"]}]},{\"@type\":\"BreadcrumbList\",\"@id\":\"https:\/\/blog.zeit.de\/zweitstimme\/2009\/09\/28\/merkel-will-cdu-verluste-erklart-haben\/#breadcrumb\",\"itemListElement\":[{\"@type\":\"ListItem\",\"position\":1,\"name\":\"Startseite\",\"item\":\"https:\/\/blog.zeit.de\/zweitstimme\/\"},{\"@type\":\"ListItem\",\"position\":2,\"name\":\"Merkel will CDU-Verluste erkl\u00e4rt haben\"}]},{\"@type\":\"WebSite\",\"@id\":\"https:\/\/blog.zeit.de\/zweitstimme\/#website\",\"url\":\"https:\/\/blog.zeit.de\/zweitstimme\/\",\"name\":\"Zweitstimme\",\"description\":\"Das Politik-Blog\",\"potentialAction\":[{\"@type\":\"SearchAction\",\"target\":{\"@type\":\"EntryPoint\",\"urlTemplate\":\"https:\/\/blog.zeit.de\/zweitstimme\/?s={search_term_string}\"},\"query-input\":\"required name=search_term_string\"}],\"inLanguage\":\"de\"},{\"@type\":\"Person\",\"@id\":\"https:\/\/blog.zeit.de\/zweitstimme\/#\/schema\/person\/232dacb0719e93a66d356191df4456b4\",\"name\":\"Markus Horeld\",\"image\":{\"@type\":\"ImageObject\",\"inLanguage\":\"de\",\"@id\":\"https:\/\/blog.zeit.de\/zweitstimme\/#\/schema\/person\/image\/\",\"url\":\"https:\/\/secure.gravatar.com\/avatar\/f7e70db27a1b873aec912f2135336e2a57f5069ab03aa83ed1ac2958368ab965?s=96&d=mm&r=g\",\"contentUrl\":\"https:\/\/secure.gravatar.com\/avatar\/f7e70db27a1b873aec912f2135336e2a57f5069ab03aa83ed1ac2958368ab965?s=96&d=mm&r=g\",\"caption\":\"Markus Horeld\"},\"description\":\"ist Managing Editor DIE ZEIT\",\"url\":\"https:\/\/blog.zeit.de\/zweitstimme\/author\/markus-horeld\/\"}]}<\/script>\n<!-- \/ Yoast SEO plugin. -->","yoast_head_json":{"title":"Merkel will CDU-Verluste erkl\u00e4rt haben - Zweitstimme","robots":{"index":"index","follow":"follow","max-snippet":"max-snippet:-1","max-image-preview":"max-image-preview:large","max-video-preview":"max-video-preview:-1"},"canonical":"https:\/\/blog.zeit.de\/zweitstimme\/2009\/09\/28\/merkel-will-cdu-verluste-erklart-haben\/","og_locale":"de_DE","og_type":"article","og_title":"Merkel will CDU-Verluste erkl\u00e4rt haben - Zweitstimme","og_description":"Was 2005 fast komplett ausblieb, soll es dieses Mal geben: Die Nachrichtenagentur dpa meldet, dass CDU-Chefin Angela Merkel die Ursachen f\u00fcr das verh\u00e4ltnism\u00e4\u00dfig schwache Abschneiden der Union er\u00f6rtert und analysiert haben will. Gleich zu Beginn des Pr\u00e4sidiumtreffens am Montag habe Merkel Generalsekret\u00e4r Ronald Pofalla mit einer Wahlanalyse beauftragt, schreibt dpa. Die Union hatte gestern das [&hellip;]","og_url":"https:\/\/blog.zeit.de\/zweitstimme\/2009\/09\/28\/merkel-will-cdu-verluste-erklart-haben\/","og_site_name":"Zweitstimme","article_published_time":"2009-09-28T08:52:47+00:00","article_modified_time":"2009-09-28T08:57:04+00:00","author":"Markus Horeld","twitter_card":"summary_large_image","twitter_misc":{"Geschrieben von":"Markus Horeld"},"schema":{"@context":"https:\/\/schema.org","@graph":[{"@type":"WebPage","@id":"https:\/\/blog.zeit.de\/zweitstimme\/2009\/09\/28\/merkel-will-cdu-verluste-erklart-haben\/","url":"https:\/\/blog.zeit.de\/zweitstimme\/2009\/09\/28\/merkel-will-cdu-verluste-erklart-haben\/","name":"Merkel will CDU-Verluste erkl\u00e4rt haben - Zweitstimme","isPartOf":{"@id":"https:\/\/blog.zeit.de\/zweitstimme\/#website"},"datePublished":"2009-09-28T08:52:47+00:00","dateModified":"2009-09-28T08:57:04+00:00","author":{"@id":"https:\/\/blog.zeit.de\/zweitstimme\/#\/schema\/person\/232dacb0719e93a66d356191df4456b4"},"breadcrumb":{"@id":"https:\/\/blog.zeit.de\/zweitstimme\/2009\/09\/28\/merkel-will-cdu-verluste-erklart-haben\/#breadcrumb"},"inLanguage":"de","potentialAction":[{"@type":"ReadAction","target":["https:\/\/blog.zeit.de\/zweitstimme\/2009\/09\/28\/merkel-will-cdu-verluste-erklart-haben\/"]}]},{"@type":"BreadcrumbList","@id":"https:\/\/blog.zeit.de\/zweitstimme\/2009\/09\/28\/merkel-will-cdu-verluste-erklart-haben\/#breadcrumb","itemListElement":[{"@type":"ListItem","position":1,"name":"Startseite","item":"https:\/\/blog.zeit.de\/zweitstimme\/"},{"@type":"ListItem","position":2,"name":"Merkel will CDU-Verluste erkl\u00e4rt haben"}]},{"@type":"WebSite","@id":"https:\/\/blog.zeit.de\/zweitstimme\/#website","url":"https:\/\/blog.zeit.de\/zweitstimme\/","name":"Zweitstimme","description":"Das Politik-Blog","potentialAction":[{"@type":"SearchAction","target":{"@type":"EntryPoint","urlTemplate":"https:\/\/blog.zeit.de\/zweitstimme\/?s={search_term_string}"},"query-input":"required name=search_term_string"}],"inLanguage":"de"},{"@type":"Person","@id":"https:\/\/blog.zeit.de\/zweitstimme\/#\/schema\/person\/232dacb0719e93a66d356191df4456b4","name":"Markus Horeld","image":{"@type":"ImageObject","inLanguage":"de","@id":"https:\/\/blog.zeit.de\/zweitstimme\/#\/schema\/person\/image\/","url":"https:\/\/secure.gravatar.com\/avatar\/f7e70db27a1b873aec912f2135336e2a57f5069ab03aa83ed1ac2958368ab965?s=96&d=mm&r=g","contentUrl":"https:\/\/secure.gravatar.com\/avatar\/f7e70db27a1b873aec912f2135336e2a57f5069ab03aa83ed1ac2958368ab965?s=96&d=mm&r=g","caption":"Markus Horeld"},"description":"ist Managing Editor DIE ZEIT","url":"https:\/\/blog.zeit.de\/zweitstimme\/author\/markus-horeld\/"}]}},"jetpack_featured_media_url":"","jetpack_sharing_enabled":true,"_links":{"self":[{"href":"https:\/\/blog.zeit.de\/zweitstimme\/wp-json\/wp\/v2\/posts\/606","targetHints":{"allow":["GET"]}}],"collection":[{"href":"https:\/\/blog.zeit.de\/zweitstimme\/wp-json\/wp\/v2\/posts"}],"about":[{"href":"https:\/\/blog.zeit.de\/zweitstimme\/wp-json\/wp\/v2\/types\/post"}],"author":[{"embeddable":true,"href":"https:\/\/blog.zeit.de\/zweitstimme\/wp-json\/wp\/v2\/users\/145"}],"replies":[{"embeddable":true,"href":"https:\/\/blog.zeit.de\/zweitstimme\/wp-json\/wp\/v2\/comments?post=606"}],"version-history":[{"count":0,"href":"https:\/\/blog.zeit.de\/zweitstimme\/wp-json\/wp\/v2\/posts\/606\/revisions"}],"wp:attachment":[{"href":"https:\/\/blog.zeit.de\/zweitstimme\/wp-json\/wp\/v2\/media?parent=606"}],"wp:term":[{"taxonomy":"category","embeddable":true,"href":"https:\/\/blog.zeit.de\/zweitstimme\/wp-json\/wp\/v2\/categories?post=606"},{"taxonomy":"post_tag","embeddable":true,"href":"https:\/\/blog.zeit.de\/zweitstimme\/wp-json\/wp\/v2\/tags?post=606"}],"curies":[{"name":"wp","href":"https:\/\/api.w.org\/{rel}","templated":true}]}}