{"id":618,"date":"2009-10-02T20:52:21","date_gmt":"2009-10-02T18:52:21","guid":{"rendered":"http:\/\/blog.zeit.de\/zweitstimme\/?p=618"},"modified":"2009-10-02T20:52:21","modified_gmt":"2009-10-02T18:52:21","slug":"regierung-sucht-motto","status":"publish","type":"post","link":"https:\/\/blog.zeit.de\/zweitstimme\/2009\/10\/02\/regierung-sucht-motto\/","title":{"rendered":"Regierung sucht Motto"},"content":{"rendered":"<p>Frau Merkel ist keine Spr\u00fccheklopferin. Was Vorteile hat. Anders als ihr Vorg\u00e4nger im Kanzleramt musste sie selten gro\u00dfspurige S\u00e4tze zur\u00fccknehmen oder sich an ihnen messen lassen.<\/p>\n<p>Es hat aber auch Nachteile. Merkel, die Naturwissenschaftlerin, hat Schwierigkeiten damit, pr\u00e4gnant zu formulieren. Dieses Problem begleitet sie seit langem. Schon in Oppositionszeiten beklagten sich Journalisten, Merkel k\u00f6nne keine Soundbites produzieren, also: kurze TV-taugliche Botschaften. Versucht sie doch mal zuzuzspitzen, misslingt das: Noch heute bereut Merkel angeblich, dass sie einmal angek\u00fcndigte, Deutschland &#8222;durchregieren&#8220; zu wollen. Auch als &#8222;schw\u00e4bische Hausfrau&#8220;, die Krisen l\u00f6st, hat sie sich nie wieder bezeichnet.<\/p>\n<p>Deshalb verwundert es auch nicht, dass Merkel noch kein Motto, keinen griffigen Slogan f\u00fcr ihre neue Regierung gefunden hat. Am Anfange der Woche erlaubte sich die Kanzlerin einen Moment der Offenherzigkeit, als sie einem Journalisten anvertraute, danach noch zu suchen.<\/p>\n<p>Selber Schuld. Nun ist Fraktionschef Volker Kauder <a href=\"http:\/\/www.ad-hoc-news.de\/kuendigungsschutz-union-fuer-verhandlungen-mit-der-fdp--\/de\/Politik\/20564164\">gestern Abend vorgeprescht<\/a>. Er bezeichnete das B\u00fcndnis mit der FDP als &#8222;Koalition des Wachstums, des Aufbruchs, der Zuversicht&#8220;. Auch Guido Westerwelle, ein Phrasendrescher von h\u00f6chster G\u00fcte, wird sicher bald nachlegen. Steuersenkungsregierung. Man-spricht-deutsch-Bund. Gelb-schwarze Allianz, irgendsowas.<\/p>\n<p>Also, Frau Kanzlerin, das Wochenende geben wir Ihnen noch. Zwei Tage Spazierengehen und Plaumenkuchenbacken. Sonst reichen wir ab Montag Vorschl\u00e4ge ein.<\/p>\n<p>Und bitte nicht wieder &#8222;Koalition der neuen M\u00f6glichkeiten&#8220;! So taufte Merkel ihr erstes Regierungsb\u00fcndnis.<\/p>\n","protected":false},"excerpt":{"rendered":"<p>Frau Merkel ist keine Spr\u00fccheklopferin. Was Vorteile hat. Anders als ihr Vorg\u00e4nger im Kanzleramt musste sie selten gro\u00dfspurige S\u00e4tze zur\u00fccknehmen oder sich an ihnen messen lassen. Es hat aber auch Nachteile. Merkel, die Naturwissenschaftlerin, hat Schwierigkeiten damit, pr\u00e4gnant zu formulieren. Dieses Problem begleitet sie seit langem. Schon in Oppositionszeiten beklagten sich Journalisten, Merkel k\u00f6nne keine [&hellip;]<\/p>\n","protected":false},"author":144,"featured_media":0,"comment_status":"open","ping_status":"closed","sticky":false,"template":"","format":"standard","meta":{"_jetpack_memberships_contains_paid_content":false,"footnotes":""},"categories":[1],"tags":[],"class_list":["post-618","post","type-post","status-publish","format-standard","hentry","category-allgemein"],"yoast_head":"<!-- This site is optimized with the Yoast SEO plugin v21.0 - https:\/\/yoast.com\/wordpress\/plugins\/seo\/ -->\n<title>Regierung sucht Motto  - Zweitstimme<\/title>\n<meta name=\"robots\" content=\"index, follow, max-snippet:-1, max-image-preview:large, max-video-preview:-1\" \/>\n<link rel=\"canonical\" href=\"https:\/\/blog.zeit.de\/zweitstimme\/2009\/10\/02\/regierung-sucht-motto\/\" \/>\n<meta property=\"og:locale\" content=\"de_DE\" \/>\n<meta property=\"og:type\" content=\"article\" \/>\n<meta property=\"og:title\" content=\"Regierung sucht Motto  - Zweitstimme\" \/>\n<meta property=\"og:description\" content=\"Frau Merkel ist keine Spr\u00fccheklopferin. Was Vorteile hat. Anders als ihr Vorg\u00e4nger im Kanzleramt musste sie selten gro\u00dfspurige S\u00e4tze zur\u00fccknehmen oder sich an ihnen messen lassen. Es hat aber auch Nachteile. Merkel, die Naturwissenschaftlerin, hat Schwierigkeiten damit, pr\u00e4gnant zu formulieren. Dieses Problem begleitet sie seit langem. Schon in Oppositionszeiten beklagten sich Journalisten, Merkel k\u00f6nne keine [&hellip;]\" \/>\n<meta property=\"og:url\" content=\"https:\/\/blog.zeit.de\/zweitstimme\/2009\/10\/02\/regierung-sucht-motto\/\" \/>\n<meta property=\"og:site_name\" content=\"Zweitstimme\" \/>\n<meta property=\"article:published_time\" content=\"2009-10-02T18:52:21+00:00\" \/>\n<meta name=\"author\" content=\"Michael Schlieben\" \/>\n<meta name=\"twitter:card\" content=\"summary_large_image\" \/>\n<meta name=\"twitter:label1\" content=\"Geschrieben von\" \/>\n\t<meta name=\"twitter:data1\" content=\"Michael Schlieben\" \/>\n\t<meta name=\"twitter:label2\" content=\"Gesch\u00e4tzte Lesezeit\" \/>\n\t<meta name=\"twitter:data2\" content=\"1\u00a0Minute\" \/>\n<script type=\"application\/ld+json\" class=\"yoast-schema-graph\">{\"@context\":\"https:\/\/schema.org\",\"@graph\":[{\"@type\":\"WebPage\",\"@id\":\"https:\/\/blog.zeit.de\/zweitstimme\/2009\/10\/02\/regierung-sucht-motto\/\",\"url\":\"https:\/\/blog.zeit.de\/zweitstimme\/2009\/10\/02\/regierung-sucht-motto\/\",\"name\":\"Regierung sucht Motto - Zweitstimme\",\"isPartOf\":{\"@id\":\"https:\/\/blog.zeit.de\/zweitstimme\/#website\"},\"datePublished\":\"2009-10-02T18:52:21+00:00\",\"dateModified\":\"2009-10-02T18:52:21+00:00\",\"author\":{\"@id\":\"https:\/\/blog.zeit.de\/zweitstimme\/#\/schema\/person\/00fd0180651cfe096af5af4ab8d3833d\"},\"breadcrumb\":{\"@id\":\"https:\/\/blog.zeit.de\/zweitstimme\/2009\/10\/02\/regierung-sucht-motto\/#breadcrumb\"},\"inLanguage\":\"de\",\"potentialAction\":[{\"@type\":\"ReadAction\",\"target\":[\"https:\/\/blog.zeit.de\/zweitstimme\/2009\/10\/02\/regierung-sucht-motto\/\"]}]},{\"@type\":\"BreadcrumbList\",\"@id\":\"https:\/\/blog.zeit.de\/zweitstimme\/2009\/10\/02\/regierung-sucht-motto\/#breadcrumb\",\"itemListElement\":[{\"@type\":\"ListItem\",\"position\":1,\"name\":\"Startseite\",\"item\":\"https:\/\/blog.zeit.de\/zweitstimme\/\"},{\"@type\":\"ListItem\",\"position\":2,\"name\":\"Regierung sucht Motto\"}]},{\"@type\":\"WebSite\",\"@id\":\"https:\/\/blog.zeit.de\/zweitstimme\/#website\",\"url\":\"https:\/\/blog.zeit.de\/zweitstimme\/\",\"name\":\"Zweitstimme\",\"description\":\"Das Politik-Blog\",\"potentialAction\":[{\"@type\":\"SearchAction\",\"target\":{\"@type\":\"EntryPoint\",\"urlTemplate\":\"https:\/\/blog.zeit.de\/zweitstimme\/?s={search_term_string}\"},\"query-input\":\"required name=search_term_string\"}],\"inLanguage\":\"de\"},{\"@type\":\"Person\",\"@id\":\"https:\/\/blog.zeit.de\/zweitstimme\/#\/schema\/person\/00fd0180651cfe096af5af4ab8d3833d\",\"name\":\"Michael Schlieben\",\"image\":{\"@type\":\"ImageObject\",\"inLanguage\":\"de\",\"@id\":\"https:\/\/blog.zeit.de\/zweitstimme\/#\/schema\/person\/image\/\",\"url\":\"https:\/\/secure.gravatar.com\/avatar\/ae339ef193f3b4d9b9c801960e39eccc8bb25f18bc7e803824e0760ca6f97b51?s=96&d=mm&r=g\",\"contentUrl\":\"https:\/\/secure.gravatar.com\/avatar\/ae339ef193f3b4d9b9c801960e39eccc8bb25f18bc7e803824e0760ca6f97b51?s=96&d=mm&r=g\",\"caption\":\"Michael Schlieben\"},\"url\":\"https:\/\/blog.zeit.de\/zweitstimme\/author\/michael-schlieben\/\"}]}<\/script>\n<!-- \/ Yoast SEO plugin. -->","yoast_head_json":{"title":"Regierung sucht Motto  - Zweitstimme","robots":{"index":"index","follow":"follow","max-snippet":"max-snippet:-1","max-image-preview":"max-image-preview:large","max-video-preview":"max-video-preview:-1"},"canonical":"https:\/\/blog.zeit.de\/zweitstimme\/2009\/10\/02\/regierung-sucht-motto\/","og_locale":"de_DE","og_type":"article","og_title":"Regierung sucht Motto  - Zweitstimme","og_description":"Frau Merkel ist keine Spr\u00fccheklopferin. Was Vorteile hat. Anders als ihr Vorg\u00e4nger im Kanzleramt musste sie selten gro\u00dfspurige S\u00e4tze zur\u00fccknehmen oder sich an ihnen messen lassen. Es hat aber auch Nachteile. Merkel, die Naturwissenschaftlerin, hat Schwierigkeiten damit, pr\u00e4gnant zu formulieren. Dieses Problem begleitet sie seit langem. Schon in Oppositionszeiten beklagten sich Journalisten, Merkel k\u00f6nne keine [&hellip;]","og_url":"https:\/\/blog.zeit.de\/zweitstimme\/2009\/10\/02\/regierung-sucht-motto\/","og_site_name":"Zweitstimme","article_published_time":"2009-10-02T18:52:21+00:00","author":"Michael Schlieben","twitter_card":"summary_large_image","twitter_misc":{"Geschrieben von":"Michael Schlieben","Gesch\u00e4tzte Lesezeit":"1\u00a0Minute"},"schema":{"@context":"https:\/\/schema.org","@graph":[{"@type":"WebPage","@id":"https:\/\/blog.zeit.de\/zweitstimme\/2009\/10\/02\/regierung-sucht-motto\/","url":"https:\/\/blog.zeit.de\/zweitstimme\/2009\/10\/02\/regierung-sucht-motto\/","name":"Regierung sucht Motto - Zweitstimme","isPartOf":{"@id":"https:\/\/blog.zeit.de\/zweitstimme\/#website"},"datePublished":"2009-10-02T18:52:21+00:00","dateModified":"2009-10-02T18:52:21+00:00","author":{"@id":"https:\/\/blog.zeit.de\/zweitstimme\/#\/schema\/person\/00fd0180651cfe096af5af4ab8d3833d"},"breadcrumb":{"@id":"https:\/\/blog.zeit.de\/zweitstimme\/2009\/10\/02\/regierung-sucht-motto\/#breadcrumb"},"inLanguage":"de","potentialAction":[{"@type":"ReadAction","target":["https:\/\/blog.zeit.de\/zweitstimme\/2009\/10\/02\/regierung-sucht-motto\/"]}]},{"@type":"BreadcrumbList","@id":"https:\/\/blog.zeit.de\/zweitstimme\/2009\/10\/02\/regierung-sucht-motto\/#breadcrumb","itemListElement":[{"@type":"ListItem","position":1,"name":"Startseite","item":"https:\/\/blog.zeit.de\/zweitstimme\/"},{"@type":"ListItem","position":2,"name":"Regierung sucht Motto"}]},{"@type":"WebSite","@id":"https:\/\/blog.zeit.de\/zweitstimme\/#website","url":"https:\/\/blog.zeit.de\/zweitstimme\/","name":"Zweitstimme","description":"Das Politik-Blog","potentialAction":[{"@type":"SearchAction","target":{"@type":"EntryPoint","urlTemplate":"https:\/\/blog.zeit.de\/zweitstimme\/?s={search_term_string}"},"query-input":"required name=search_term_string"}],"inLanguage":"de"},{"@type":"Person","@id":"https:\/\/blog.zeit.de\/zweitstimme\/#\/schema\/person\/00fd0180651cfe096af5af4ab8d3833d","name":"Michael Schlieben","image":{"@type":"ImageObject","inLanguage":"de","@id":"https:\/\/blog.zeit.de\/zweitstimme\/#\/schema\/person\/image\/","url":"https:\/\/secure.gravatar.com\/avatar\/ae339ef193f3b4d9b9c801960e39eccc8bb25f18bc7e803824e0760ca6f97b51?s=96&d=mm&r=g","contentUrl":"https:\/\/secure.gravatar.com\/avatar\/ae339ef193f3b4d9b9c801960e39eccc8bb25f18bc7e803824e0760ca6f97b51?s=96&d=mm&r=g","caption":"Michael Schlieben"},"url":"https:\/\/blog.zeit.de\/zweitstimme\/author\/michael-schlieben\/"}]}},"jetpack_featured_media_url":"","jetpack_sharing_enabled":true,"_links":{"self":[{"href":"https:\/\/blog.zeit.de\/zweitstimme\/wp-json\/wp\/v2\/posts\/618","targetHints":{"allow":["GET"]}}],"collection":[{"href":"https:\/\/blog.zeit.de\/zweitstimme\/wp-json\/wp\/v2\/posts"}],"about":[{"href":"https:\/\/blog.zeit.de\/zweitstimme\/wp-json\/wp\/v2\/types\/post"}],"author":[{"embeddable":true,"href":"https:\/\/blog.zeit.de\/zweitstimme\/wp-json\/wp\/v2\/users\/144"}],"replies":[{"embeddable":true,"href":"https:\/\/blog.zeit.de\/zweitstimme\/wp-json\/wp\/v2\/comments?post=618"}],"version-history":[{"count":0,"href":"https:\/\/blog.zeit.de\/zweitstimme\/wp-json\/wp\/v2\/posts\/618\/revisions"}],"wp:attachment":[{"href":"https:\/\/blog.zeit.de\/zweitstimme\/wp-json\/wp\/v2\/media?parent=618"}],"wp:term":[{"taxonomy":"category","embeddable":true,"href":"https:\/\/blog.zeit.de\/zweitstimme\/wp-json\/wp\/v2\/categories?post=618"},{"taxonomy":"post_tag","embeddable":true,"href":"https:\/\/blog.zeit.de\/zweitstimme\/wp-json\/wp\/v2\/tags?post=618"}],"curies":[{"name":"wp","href":"https:\/\/api.w.org\/{rel}","templated":true}]}}