{"id":659,"date":"2009-04-26T20:13:02","date_gmt":"2009-04-26T18:13:02","guid":{"rendered":"http:\/\/blog.zeit.de\/wahlen-nach-zahlen\/?p=659"},"modified":"2009-04-26T20:13:02","modified_gmt":"2009-04-26T18:13:02","slug":"erwin-sellering-die-zweite","status":"publish","type":"post","link":"https:\/\/blog.zeit.de\/zweitstimme\/2009\/04\/26\/erwin-sellering-die-zweite\/","title":{"rendered":"Erwin Sellering, die Zweite"},"content":{"rendered":"<p><a href=\"about#faas\"><img decoding=\"async\" class=\"alignleft size-thumbnail wp-image-14\" src=\"http:\/\/altesblog.zeit.de\/wahlen-nach-zahlen\/wp-content\/uploads\/2009\/03\/faas1-150x109.jpg\" alt=\"\" height=\"60\" \/><\/a>\u00dcber Erwin Sellerings Aussage zu den Schw\u00e4chen, aber eben auch St\u00e4rken der fr\u00fcheren DDR habe ich <a href=\"https:\/\/blog.zeit.de\/wahlen-nach-zahlen\/2009\/03\/24\/erwin-sellering-und-die-ddr_197\">an dieser Stelle<\/a> schon einmal einige Zahlen geliefert. Am Wochenende hat Sellering seine Aussagen noch einmal bekr\u00e4ft &#8211; und mittlerweile gibt es auch noch neue Zahlen, die dazu passen. Im Allbus 2008 konnten die ostdeutschen Befragten (wieder einmal) angeben, ob sie sich mit der fr\u00fcheren DDR und ihren B\u00fcrgern verbunden f\u00fchlen. Das Ergebnis &#8211; f\u00fcr Ostdeutschland insgesamt, aber auch aufgeschl\u00fcsselt nach Bundesland &#8211; zeigt die folgende Grafik:<br \/>\n<a href=\"https:\/\/blog.zeit.de\/wahlen-nach-zahlen\/files\/2009\/04\/verbundenheit.jpg\"><img loading=\"lazy\" decoding=\"async\" src=\"https:\/\/blog.zeit.de\/wahlen-nach-zahlen\/files\/2009\/04\/verbundenheit.jpg\" alt=\"\" width=\"400\" height=\"249\" class=\"aligncenter size-full wp-image-660\" srcset=\"https:\/\/blog.zeit.de\/zweitstimme\/files\/2009\/04\/verbundenheit.jpg 400w, https:\/\/blog.zeit.de\/zweitstimme\/files\/2009\/04\/verbundenheit-300x186.jpg 300w\" sizes=\"auto, (max-width: 400px) 100vw, 400px\" \/><\/a><br \/>\nZwei Drittel der B\u00fcrger f\u00fchlen sich demnach auch weiterhin mit der fr\u00fcheren DDR verbunden &#8211; in Mecklenburg-Vorpommern wird dabei der h\u00f6chste Wert \u00fcberhaupt erreicht: F\u00fcr rund 75 Prozent der B\u00fcrger gilt dies dort. Die neuerlichen Aussagen des wahlk\u00e4mpfenden Sellering sind vor diesem Hintergrund (weiterhin) verst\u00e4ndlich.<\/p>\n","protected":false},"excerpt":{"rendered":"<p>\u00dcber Erwin Sellerings Aussage zu den Schw\u00e4chen, aber eben auch St\u00e4rken der fr\u00fcheren DDR habe ich an dieser Stelle schon einmal einige Zahlen geliefert. Am Wochenende hat Sellering seine Aussagen noch einmal bekr\u00e4ft &#8211; und mittlerweile gibt es auch noch neue Zahlen, die dazu passen. Im Allbus 2008 konnten die ostdeutschen Befragten (wieder einmal) angeben, [&hellip;]<\/p>\n","protected":false},"author":159,"featured_media":0,"comment_status":"open","ping_status":"closed","sticky":false,"template":"","format":"standard","meta":{"_jetpack_memberships_contains_paid_content":false,"footnotes":""},"categories":[90,949,7112],"tags":[],"class_list":["post-659","post","type-post","status-publish","format-standard","hentry","category-mecklenburg-vorpommern","category-sellering","category-wahlen-nach-zahlen"],"yoast_head":"<!-- This site is optimized with the Yoast SEO plugin v21.0 - https:\/\/yoast.com\/wordpress\/plugins\/seo\/ -->\n<title>Erwin Sellering, die Zweite - Zweitstimme<\/title>\n<meta name=\"robots\" content=\"index, follow, max-snippet:-1, max-image-preview:large, max-video-preview:-1\" \/>\n<link rel=\"canonical\" href=\"https:\/\/blog.zeit.de\/zweitstimme\/2009\/04\/26\/erwin-sellering-die-zweite\/\" \/>\n<meta property=\"og:locale\" content=\"de_DE\" \/>\n<meta property=\"og:type\" content=\"article\" \/>\n<meta property=\"og:title\" content=\"Erwin Sellering, die Zweite - Zweitstimme\" \/>\n<meta property=\"og:description\" content=\"\u00dcber Erwin Sellerings Aussage zu den Schw\u00e4chen, aber eben auch St\u00e4rken der fr\u00fcheren DDR habe ich an dieser Stelle schon einmal einige Zahlen geliefert. Am Wochenende hat Sellering seine Aussagen noch einmal bekr\u00e4ft &#8211; und mittlerweile gibt es auch noch neue Zahlen, die dazu passen. Im Allbus 2008 konnten die ostdeutschen Befragten (wieder einmal) angeben, [&hellip;]\" \/>\n<meta property=\"og:url\" content=\"https:\/\/blog.zeit.de\/zweitstimme\/2009\/04\/26\/erwin-sellering-die-zweite\/\" \/>\n<meta property=\"og:site_name\" content=\"Zweitstimme\" \/>\n<meta property=\"article:published_time\" content=\"2009-04-26T18:13:02+00:00\" \/>\n<meta property=\"og:image\" content=\"http:\/\/altesblog.zeit.de\/wahlen-nach-zahlen\/wp-content\/uploads\/2009\/03\/faas1-150x109.jpg\" \/>\n<meta name=\"author\" content=\"Thorsten Faas\" \/>\n<meta name=\"twitter:card\" content=\"summary_large_image\" \/>\n<meta name=\"twitter:label1\" content=\"Geschrieben von\" \/>\n\t<meta name=\"twitter:data1\" content=\"Thorsten Faas\" \/>\n\t<meta name=\"twitter:label2\" content=\"Gesch\u00e4tzte Lesezeit\" \/>\n\t<meta name=\"twitter:data2\" content=\"1\u00a0Minute\" \/>\n<script type=\"application\/ld+json\" class=\"yoast-schema-graph\">{\"@context\":\"https:\/\/schema.org\",\"@graph\":[{\"@type\":\"WebPage\",\"@id\":\"https:\/\/blog.zeit.de\/zweitstimme\/2009\/04\/26\/erwin-sellering-die-zweite\/\",\"url\":\"https:\/\/blog.zeit.de\/zweitstimme\/2009\/04\/26\/erwin-sellering-die-zweite\/\",\"name\":\"Erwin Sellering, die Zweite - Zweitstimme\",\"isPartOf\":{\"@id\":\"https:\/\/blog.zeit.de\/zweitstimme\/#website\"},\"datePublished\":\"2009-04-26T18:13:02+00:00\",\"dateModified\":\"2009-04-26T18:13:02+00:00\",\"author\":{\"@id\":\"https:\/\/blog.zeit.de\/zweitstimme\/#\/schema\/person\/c8966fcbefdbf5bc9b49e3fcb509ca30\"},\"breadcrumb\":{\"@id\":\"https:\/\/blog.zeit.de\/zweitstimme\/2009\/04\/26\/erwin-sellering-die-zweite\/#breadcrumb\"},\"inLanguage\":\"de\",\"potentialAction\":[{\"@type\":\"ReadAction\",\"target\":[\"https:\/\/blog.zeit.de\/zweitstimme\/2009\/04\/26\/erwin-sellering-die-zweite\/\"]}]},{\"@type\":\"BreadcrumbList\",\"@id\":\"https:\/\/blog.zeit.de\/zweitstimme\/2009\/04\/26\/erwin-sellering-die-zweite\/#breadcrumb\",\"itemListElement\":[{\"@type\":\"ListItem\",\"position\":1,\"name\":\"Startseite\",\"item\":\"https:\/\/blog.zeit.de\/zweitstimme\/\"},{\"@type\":\"ListItem\",\"position\":2,\"name\":\"Erwin Sellering, die Zweite\"}]},{\"@type\":\"WebSite\",\"@id\":\"https:\/\/blog.zeit.de\/zweitstimme\/#website\",\"url\":\"https:\/\/blog.zeit.de\/zweitstimme\/\",\"name\":\"Zweitstimme\",\"description\":\"Das Politik-Blog\",\"potentialAction\":[{\"@type\":\"SearchAction\",\"target\":{\"@type\":\"EntryPoint\",\"urlTemplate\":\"https:\/\/blog.zeit.de\/zweitstimme\/?s={search_term_string}\"},\"query-input\":\"required name=search_term_string\"}],\"inLanguage\":\"de\"},{\"@type\":\"Person\",\"@id\":\"https:\/\/blog.zeit.de\/zweitstimme\/#\/schema\/person\/c8966fcbefdbf5bc9b49e3fcb509ca30\",\"name\":\"Thorsten Faas\",\"image\":{\"@type\":\"ImageObject\",\"inLanguage\":\"de\",\"@id\":\"https:\/\/blog.zeit.de\/zweitstimme\/#\/schema\/person\/image\/\",\"url\":\"https:\/\/secure.gravatar.com\/avatar\/9501ddb19f2d28bb4ec82b8e714dbc2a893d06a1c164d4ddf835eb929bbc84bb?s=96&d=mm&r=g\",\"contentUrl\":\"https:\/\/secure.gravatar.com\/avatar\/9501ddb19f2d28bb4ec82b8e714dbc2a893d06a1c164d4ddf835eb929bbc84bb?s=96&d=mm&r=g\",\"caption\":\"Thorsten Faas\"},\"url\":\"https:\/\/blog.zeit.de\/zweitstimme\/author\/thorsten-faas\/\"}]}<\/script>\n<!-- \/ Yoast SEO plugin. -->","yoast_head_json":{"title":"Erwin Sellering, die Zweite - Zweitstimme","robots":{"index":"index","follow":"follow","max-snippet":"max-snippet:-1","max-image-preview":"max-image-preview:large","max-video-preview":"max-video-preview:-1"},"canonical":"https:\/\/blog.zeit.de\/zweitstimme\/2009\/04\/26\/erwin-sellering-die-zweite\/","og_locale":"de_DE","og_type":"article","og_title":"Erwin Sellering, die Zweite - Zweitstimme","og_description":"\u00dcber Erwin Sellerings Aussage zu den Schw\u00e4chen, aber eben auch St\u00e4rken der fr\u00fcheren DDR habe ich an dieser Stelle schon einmal einige Zahlen geliefert. Am Wochenende hat Sellering seine Aussagen noch einmal bekr\u00e4ft &#8211; und mittlerweile gibt es auch noch neue Zahlen, die dazu passen. Im Allbus 2008 konnten die ostdeutschen Befragten (wieder einmal) angeben, [&hellip;]","og_url":"https:\/\/blog.zeit.de\/zweitstimme\/2009\/04\/26\/erwin-sellering-die-zweite\/","og_site_name":"Zweitstimme","article_published_time":"2009-04-26T18:13:02+00:00","og_image":[{"url":"http:\/\/altesblog.zeit.de\/wahlen-nach-zahlen\/wp-content\/uploads\/2009\/03\/faas1-150x109.jpg"}],"author":"Thorsten Faas","twitter_card":"summary_large_image","twitter_misc":{"Geschrieben von":"Thorsten Faas","Gesch\u00e4tzte Lesezeit":"1\u00a0Minute"},"schema":{"@context":"https:\/\/schema.org","@graph":[{"@type":"WebPage","@id":"https:\/\/blog.zeit.de\/zweitstimme\/2009\/04\/26\/erwin-sellering-die-zweite\/","url":"https:\/\/blog.zeit.de\/zweitstimme\/2009\/04\/26\/erwin-sellering-die-zweite\/","name":"Erwin Sellering, die Zweite - Zweitstimme","isPartOf":{"@id":"https:\/\/blog.zeit.de\/zweitstimme\/#website"},"datePublished":"2009-04-26T18:13:02+00:00","dateModified":"2009-04-26T18:13:02+00:00","author":{"@id":"https:\/\/blog.zeit.de\/zweitstimme\/#\/schema\/person\/c8966fcbefdbf5bc9b49e3fcb509ca30"},"breadcrumb":{"@id":"https:\/\/blog.zeit.de\/zweitstimme\/2009\/04\/26\/erwin-sellering-die-zweite\/#breadcrumb"},"inLanguage":"de","potentialAction":[{"@type":"ReadAction","target":["https:\/\/blog.zeit.de\/zweitstimme\/2009\/04\/26\/erwin-sellering-die-zweite\/"]}]},{"@type":"BreadcrumbList","@id":"https:\/\/blog.zeit.de\/zweitstimme\/2009\/04\/26\/erwin-sellering-die-zweite\/#breadcrumb","itemListElement":[{"@type":"ListItem","position":1,"name":"Startseite","item":"https:\/\/blog.zeit.de\/zweitstimme\/"},{"@type":"ListItem","position":2,"name":"Erwin Sellering, die Zweite"}]},{"@type":"WebSite","@id":"https:\/\/blog.zeit.de\/zweitstimme\/#website","url":"https:\/\/blog.zeit.de\/zweitstimme\/","name":"Zweitstimme","description":"Das Politik-Blog","potentialAction":[{"@type":"SearchAction","target":{"@type":"EntryPoint","urlTemplate":"https:\/\/blog.zeit.de\/zweitstimme\/?s={search_term_string}"},"query-input":"required name=search_term_string"}],"inLanguage":"de"},{"@type":"Person","@id":"https:\/\/blog.zeit.de\/zweitstimme\/#\/schema\/person\/c8966fcbefdbf5bc9b49e3fcb509ca30","name":"Thorsten Faas","image":{"@type":"ImageObject","inLanguage":"de","@id":"https:\/\/blog.zeit.de\/zweitstimme\/#\/schema\/person\/image\/","url":"https:\/\/secure.gravatar.com\/avatar\/9501ddb19f2d28bb4ec82b8e714dbc2a893d06a1c164d4ddf835eb929bbc84bb?s=96&d=mm&r=g","contentUrl":"https:\/\/secure.gravatar.com\/avatar\/9501ddb19f2d28bb4ec82b8e714dbc2a893d06a1c164d4ddf835eb929bbc84bb?s=96&d=mm&r=g","caption":"Thorsten Faas"},"url":"https:\/\/blog.zeit.de\/zweitstimme\/author\/thorsten-faas\/"}]}},"jetpack_featured_media_url":"","jetpack_sharing_enabled":true,"_links":{"self":[{"href":"https:\/\/blog.zeit.de\/zweitstimme\/wp-json\/wp\/v2\/posts\/659","targetHints":{"allow":["GET"]}}],"collection":[{"href":"https:\/\/blog.zeit.de\/zweitstimme\/wp-json\/wp\/v2\/posts"}],"about":[{"href":"https:\/\/blog.zeit.de\/zweitstimme\/wp-json\/wp\/v2\/types\/post"}],"author":[{"embeddable":true,"href":"https:\/\/blog.zeit.de\/zweitstimme\/wp-json\/wp\/v2\/users\/159"}],"replies":[{"embeddable":true,"href":"https:\/\/blog.zeit.de\/zweitstimme\/wp-json\/wp\/v2\/comments?post=659"}],"version-history":[{"count":0,"href":"https:\/\/blog.zeit.de\/zweitstimme\/wp-json\/wp\/v2\/posts\/659\/revisions"}],"wp:attachment":[{"href":"https:\/\/blog.zeit.de\/zweitstimme\/wp-json\/wp\/v2\/media?parent=659"}],"wp:term":[{"taxonomy":"category","embeddable":true,"href":"https:\/\/blog.zeit.de\/zweitstimme\/wp-json\/wp\/v2\/categories?post=659"},{"taxonomy":"post_tag","embeddable":true,"href":"https:\/\/blog.zeit.de\/zweitstimme\/wp-json\/wp\/v2\/tags?post=659"}],"curies":[{"name":"wp","href":"https:\/\/api.w.org\/{rel}","templated":true}]}}