{"id":9,"date":"2009-05-08T11:43:20","date_gmt":"2009-05-08T09:43:20","guid":{"rendered":"http:\/\/blog.zeit.de\/zweitstimme\/?p=9"},"modified":"2009-05-08T11:43:20","modified_gmt":"2009-05-08T09:43:20","slug":"gelbe-postiv-kampagne","status":"publish","type":"post","link":"https:\/\/blog.zeit.de\/zweitstimme\/2009\/05\/08\/gelbe-postiv-kampagne\/","title":{"rendered":"Gelbe Postiv-Kampagne"},"content":{"rendered":"<p>Die FDP genie\u00dft ihr Umfragehoch, immer noch. Beim Jubeln und Beuteteilen m\u00f6chte sie sich aber vor dem 27. September nicht erwischen lassen. Deshalb macht sie gerade auf super-seri\u00f6s.<\/p>\n<p>Dirk Niebel zum Beispiel, Westerwelles Generalsekret\u00e4r. Mit gerecktem Kinn verk\u00fcndete er gestern auf einer Pressekonferenz, dass seine Partei es in diesem Jahr nicht n\u00f6tig habe, sich mit anderen Parteien zu besch\u00e4ftigen. Deshalb erw\u00e4hne sie in ihrem 86-seitigen Wahlprogramm die Mitkonkurrenten kein einziges Mal.<\/p>\n<p>Auch negatives Campaigning, so Niebels staatstragendes Versprechen, werde man in diesem Wahlkampf nicht machen. Anders als die SPD, die die FDP derzeit ja <a href=\"http:\/\/www.wahlkampf09.de\/2009\/4\/finanzhaie-wrden-fdp-whlen\" target=\"_blank\">als kapitalistischen Hai<\/a> abbildet.<\/p>\n<p>Statt mit den anderen Parteien will sich die FDP lieber mit ihren Mitgliedern intensiv besch\u00e4ftigen. Deshalb stellte sie diesmal ihr Programm <a href=\"https:\/\/my.fdp.de\/forum\/gruppen\/read.php?359,12663\" target=\"_blank\">online zur Diskussion<\/a>. Gar nicht mal uninteressant, aber eine Debattenflut entfachte sie nicht. F\u00fcr den Parteitag am kommenden Wochenende in Hannover wurden bis jetzt gerade 37 \u00c4nderungsantr\u00e4ge eingereicht. Bei den Gr\u00fcnen an diesem Wochenende in Berlin sind es bereits schlappe 1241.<\/p>\n<p>Und auch der andere gute Vorsatz wird wohl nicht lange tragen. Schon auf derselben PK machte Niebel ordentlich Stimmung gegen den rot-roten Senat aus Berlin &#8211; der habe n\u00e4mlich laut Niebel &#8222;Polizisten zur Steinigung und \u00f6ffentlichen Verbrennung&#8220; freigegeben.<\/p>\n","protected":false},"excerpt":{"rendered":"<p>Die FDP genie\u00dft ihr Umfragehoch, immer noch. Beim Jubeln und Beuteteilen m\u00f6chte sie sich aber vor dem 27. September nicht erwischen lassen. Deshalb macht sie gerade auf super-seri\u00f6s. Dirk Niebel zum Beispiel, Westerwelles Generalsekret\u00e4r. Mit gerecktem Kinn verk\u00fcndete er gestern auf einer Pressekonferenz, dass seine Partei es in diesem Jahr nicht n\u00f6tig habe, sich mit [&hellip;]<\/p>\n","protected":false},"author":144,"featured_media":0,"comment_status":"open","ping_status":"closed","sticky":false,"template":"","format":"standard","meta":{"_jetpack_memberships_contains_paid_content":false,"footnotes":""},"categories":[1],"tags":[905,919,920],"class_list":["post-9","post","type-post","status-publish","format-standard","hentry","category-allgemein","tag-fdp","tag-wahlkampf","tag-westerwelle"],"yoast_head":"<!-- This site is optimized with the Yoast SEO plugin v21.0 - https:\/\/yoast.com\/wordpress\/plugins\/seo\/ -->\n<title>Gelbe Postiv-Kampagne - Zweitstimme<\/title>\n<meta name=\"robots\" content=\"index, follow, max-snippet:-1, max-image-preview:large, max-video-preview:-1\" \/>\n<link rel=\"canonical\" href=\"https:\/\/blog.zeit.de\/zweitstimme\/2009\/05\/08\/gelbe-postiv-kampagne\/\" \/>\n<meta property=\"og:locale\" content=\"de_DE\" \/>\n<meta property=\"og:type\" content=\"article\" \/>\n<meta property=\"og:title\" content=\"Gelbe Postiv-Kampagne - Zweitstimme\" \/>\n<meta property=\"og:description\" content=\"Die FDP genie\u00dft ihr Umfragehoch, immer noch. Beim Jubeln und Beuteteilen m\u00f6chte sie sich aber vor dem 27. September nicht erwischen lassen. Deshalb macht sie gerade auf super-seri\u00f6s. Dirk Niebel zum Beispiel, Westerwelles Generalsekret\u00e4r. Mit gerecktem Kinn verk\u00fcndete er gestern auf einer Pressekonferenz, dass seine Partei es in diesem Jahr nicht n\u00f6tig habe, sich mit [&hellip;]\" \/>\n<meta property=\"og:url\" content=\"https:\/\/blog.zeit.de\/zweitstimme\/2009\/05\/08\/gelbe-postiv-kampagne\/\" \/>\n<meta property=\"og:site_name\" content=\"Zweitstimme\" \/>\n<meta property=\"article:published_time\" content=\"2009-05-08T09:43:20+00:00\" \/>\n<meta name=\"author\" content=\"Michael Schlieben\" \/>\n<meta name=\"twitter:card\" content=\"summary_large_image\" \/>\n<meta name=\"twitter:label1\" content=\"Geschrieben von\" \/>\n\t<meta name=\"twitter:data1\" content=\"Michael Schlieben\" \/>\n\t<meta name=\"twitter:label2\" content=\"Gesch\u00e4tzte Lesezeit\" \/>\n\t<meta name=\"twitter:data2\" content=\"1\u00a0Minute\" \/>\n<script type=\"application\/ld+json\" class=\"yoast-schema-graph\">{\"@context\":\"https:\/\/schema.org\",\"@graph\":[{\"@type\":\"WebPage\",\"@id\":\"https:\/\/blog.zeit.de\/zweitstimme\/2009\/05\/08\/gelbe-postiv-kampagne\/\",\"url\":\"https:\/\/blog.zeit.de\/zweitstimme\/2009\/05\/08\/gelbe-postiv-kampagne\/\",\"name\":\"Gelbe Postiv-Kampagne - Zweitstimme\",\"isPartOf\":{\"@id\":\"https:\/\/blog.zeit.de\/zweitstimme\/#website\"},\"datePublished\":\"2009-05-08T09:43:20+00:00\",\"dateModified\":\"2009-05-08T09:43:20+00:00\",\"author\":{\"@id\":\"https:\/\/blog.zeit.de\/zweitstimme\/#\/schema\/person\/00fd0180651cfe096af5af4ab8d3833d\"},\"breadcrumb\":{\"@id\":\"https:\/\/blog.zeit.de\/zweitstimme\/2009\/05\/08\/gelbe-postiv-kampagne\/#breadcrumb\"},\"inLanguage\":\"de\",\"potentialAction\":[{\"@type\":\"ReadAction\",\"target\":[\"https:\/\/blog.zeit.de\/zweitstimme\/2009\/05\/08\/gelbe-postiv-kampagne\/\"]}]},{\"@type\":\"BreadcrumbList\",\"@id\":\"https:\/\/blog.zeit.de\/zweitstimme\/2009\/05\/08\/gelbe-postiv-kampagne\/#breadcrumb\",\"itemListElement\":[{\"@type\":\"ListItem\",\"position\":1,\"name\":\"Startseite\",\"item\":\"https:\/\/blog.zeit.de\/zweitstimme\/\"},{\"@type\":\"ListItem\",\"position\":2,\"name\":\"Gelbe Postiv-Kampagne\"}]},{\"@type\":\"WebSite\",\"@id\":\"https:\/\/blog.zeit.de\/zweitstimme\/#website\",\"url\":\"https:\/\/blog.zeit.de\/zweitstimme\/\",\"name\":\"Zweitstimme\",\"description\":\"Das Politik-Blog\",\"potentialAction\":[{\"@type\":\"SearchAction\",\"target\":{\"@type\":\"EntryPoint\",\"urlTemplate\":\"https:\/\/blog.zeit.de\/zweitstimme\/?s={search_term_string}\"},\"query-input\":\"required name=search_term_string\"}],\"inLanguage\":\"de\"},{\"@type\":\"Person\",\"@id\":\"https:\/\/blog.zeit.de\/zweitstimme\/#\/schema\/person\/00fd0180651cfe096af5af4ab8d3833d\",\"name\":\"Michael Schlieben\",\"image\":{\"@type\":\"ImageObject\",\"inLanguage\":\"de\",\"@id\":\"https:\/\/blog.zeit.de\/zweitstimme\/#\/schema\/person\/image\/\",\"url\":\"https:\/\/secure.gravatar.com\/avatar\/ae339ef193f3b4d9b9c801960e39eccc8bb25f18bc7e803824e0760ca6f97b51?s=96&d=mm&r=g\",\"contentUrl\":\"https:\/\/secure.gravatar.com\/avatar\/ae339ef193f3b4d9b9c801960e39eccc8bb25f18bc7e803824e0760ca6f97b51?s=96&d=mm&r=g\",\"caption\":\"Michael Schlieben\"},\"url\":\"https:\/\/blog.zeit.de\/zweitstimme\/author\/michael-schlieben\/\"}]}<\/script>\n<!-- \/ Yoast SEO plugin. -->","yoast_head_json":{"title":"Gelbe Postiv-Kampagne - Zweitstimme","robots":{"index":"index","follow":"follow","max-snippet":"max-snippet:-1","max-image-preview":"max-image-preview:large","max-video-preview":"max-video-preview:-1"},"canonical":"https:\/\/blog.zeit.de\/zweitstimme\/2009\/05\/08\/gelbe-postiv-kampagne\/","og_locale":"de_DE","og_type":"article","og_title":"Gelbe Postiv-Kampagne - Zweitstimme","og_description":"Die FDP genie\u00dft ihr Umfragehoch, immer noch. Beim Jubeln und Beuteteilen m\u00f6chte sie sich aber vor dem 27. September nicht erwischen lassen. Deshalb macht sie gerade auf super-seri\u00f6s. Dirk Niebel zum Beispiel, Westerwelles Generalsekret\u00e4r. Mit gerecktem Kinn verk\u00fcndete er gestern auf einer Pressekonferenz, dass seine Partei es in diesem Jahr nicht n\u00f6tig habe, sich mit [&hellip;]","og_url":"https:\/\/blog.zeit.de\/zweitstimme\/2009\/05\/08\/gelbe-postiv-kampagne\/","og_site_name":"Zweitstimme","article_published_time":"2009-05-08T09:43:20+00:00","author":"Michael Schlieben","twitter_card":"summary_large_image","twitter_misc":{"Geschrieben von":"Michael Schlieben","Gesch\u00e4tzte Lesezeit":"1\u00a0Minute"},"schema":{"@context":"https:\/\/schema.org","@graph":[{"@type":"WebPage","@id":"https:\/\/blog.zeit.de\/zweitstimme\/2009\/05\/08\/gelbe-postiv-kampagne\/","url":"https:\/\/blog.zeit.de\/zweitstimme\/2009\/05\/08\/gelbe-postiv-kampagne\/","name":"Gelbe Postiv-Kampagne - Zweitstimme","isPartOf":{"@id":"https:\/\/blog.zeit.de\/zweitstimme\/#website"},"datePublished":"2009-05-08T09:43:20+00:00","dateModified":"2009-05-08T09:43:20+00:00","author":{"@id":"https:\/\/blog.zeit.de\/zweitstimme\/#\/schema\/person\/00fd0180651cfe096af5af4ab8d3833d"},"breadcrumb":{"@id":"https:\/\/blog.zeit.de\/zweitstimme\/2009\/05\/08\/gelbe-postiv-kampagne\/#breadcrumb"},"inLanguage":"de","potentialAction":[{"@type":"ReadAction","target":["https:\/\/blog.zeit.de\/zweitstimme\/2009\/05\/08\/gelbe-postiv-kampagne\/"]}]},{"@type":"BreadcrumbList","@id":"https:\/\/blog.zeit.de\/zweitstimme\/2009\/05\/08\/gelbe-postiv-kampagne\/#breadcrumb","itemListElement":[{"@type":"ListItem","position":1,"name":"Startseite","item":"https:\/\/blog.zeit.de\/zweitstimme\/"},{"@type":"ListItem","position":2,"name":"Gelbe Postiv-Kampagne"}]},{"@type":"WebSite","@id":"https:\/\/blog.zeit.de\/zweitstimme\/#website","url":"https:\/\/blog.zeit.de\/zweitstimme\/","name":"Zweitstimme","description":"Das Politik-Blog","potentialAction":[{"@type":"SearchAction","target":{"@type":"EntryPoint","urlTemplate":"https:\/\/blog.zeit.de\/zweitstimme\/?s={search_term_string}"},"query-input":"required name=search_term_string"}],"inLanguage":"de"},{"@type":"Person","@id":"https:\/\/blog.zeit.de\/zweitstimme\/#\/schema\/person\/00fd0180651cfe096af5af4ab8d3833d","name":"Michael Schlieben","image":{"@type":"ImageObject","inLanguage":"de","@id":"https:\/\/blog.zeit.de\/zweitstimme\/#\/schema\/person\/image\/","url":"https:\/\/secure.gravatar.com\/avatar\/ae339ef193f3b4d9b9c801960e39eccc8bb25f18bc7e803824e0760ca6f97b51?s=96&d=mm&r=g","contentUrl":"https:\/\/secure.gravatar.com\/avatar\/ae339ef193f3b4d9b9c801960e39eccc8bb25f18bc7e803824e0760ca6f97b51?s=96&d=mm&r=g","caption":"Michael Schlieben"},"url":"https:\/\/blog.zeit.de\/zweitstimme\/author\/michael-schlieben\/"}]}},"jetpack_featured_media_url":"","jetpack_sharing_enabled":true,"_links":{"self":[{"href":"https:\/\/blog.zeit.de\/zweitstimme\/wp-json\/wp\/v2\/posts\/9","targetHints":{"allow":["GET"]}}],"collection":[{"href":"https:\/\/blog.zeit.de\/zweitstimme\/wp-json\/wp\/v2\/posts"}],"about":[{"href":"https:\/\/blog.zeit.de\/zweitstimme\/wp-json\/wp\/v2\/types\/post"}],"author":[{"embeddable":true,"href":"https:\/\/blog.zeit.de\/zweitstimme\/wp-json\/wp\/v2\/users\/144"}],"replies":[{"embeddable":true,"href":"https:\/\/blog.zeit.de\/zweitstimme\/wp-json\/wp\/v2\/comments?post=9"}],"version-history":[{"count":0,"href":"https:\/\/blog.zeit.de\/zweitstimme\/wp-json\/wp\/v2\/posts\/9\/revisions"}],"wp:attachment":[{"href":"https:\/\/blog.zeit.de\/zweitstimme\/wp-json\/wp\/v2\/media?parent=9"}],"wp:term":[{"taxonomy":"category","embeddable":true,"href":"https:\/\/blog.zeit.de\/zweitstimme\/wp-json\/wp\/v2\/categories?post=9"},{"taxonomy":"post_tag","embeddable":true,"href":"https:\/\/blog.zeit.de\/zweitstimme\/wp-json\/wp\/v2\/tags?post=9"}],"curies":[{"name":"wp","href":"https:\/\/api.w.org\/{rel}","templated":true}]}}